{"id":318,"date":"2013-05-10T14:37:31","date_gmt":"2013-05-10T17:37:31","guid":{"rendered":"http:\/\/webvasco.com\/artigos\/?p=318"},"modified":"2013-05-10T21:08:47","modified_gmt":"2013-05-11T00:08:47","slug":"mais-uma-vitria-integrao-metrtrens-ao-vasco","status":"publish","type":"post","link":"https:\/\/webvasco.com\/artigos\/colunistas\/marcelopaiva\/mais-uma-vitria-integrao-metrtrens-ao-vasco\/","title":{"rendered":"MAIS UMA VIT&Oacute;RIA: INTEGRA&Ccedil;&Atilde;O METR&Ocirc;\/TRENS AO VASCO!"},"content":{"rendered":"<div>\n<div><span style=\"color: black;\">\u00a0\u00a0\u00a0\u00a0 Caros Amigos Vasca\u00ednos!<\/span><\/div>\n<div><span style=\"color: black;\">\u00a0<\/span><\/div>\n<div><span style=\"color: black;\">\u00a0\u00a0\u00a0\u00a0 Trazemos mais uma informa\u00e7\u00e3o relevante, no tocante as pretens\u00f5es da Revitaliza\u00e7\u00e3o do Entorno do Est\u00e1dio de S\u00e3o Janu\u00e1rio (pr\u00e9 requisito para a posterior constru\u00e7\u00e3o da nova Arena), bem como a todos os moradores do entorno e suas adjac\u00eancias: <b>Est\u00e1 implementada a Integra\u00e7\u00e3o Metr\u00f4\/Trens\/\u00d4nibus, ligando as Esta\u00e7\u00f5es de Metr\u00f4 e de Trem de S\u00e3o Crist\u00f3v\u00e3o ao Est\u00e1dio do Clube de Regatas Vasco da Gama<\/b>.<\/span><\/div>\n<div><span style=\"color: black;\">\u00a0<\/span><\/div>\n<div class=\"yiv8400933653yui_3_7_2_26_1368169522887_71          yiv8400933653yui_3_7_2_26_1368188126581_72\" id=\"yiv8400933653yui_3_7_2_27_1368167856591_115\" style=\"color: black; background-color: transparent; font-style: normal;\"><span id=\"yiv8400933653yui_3_7_2_27_1368167856591_100\" style=\"color: black;\">\u00a0\u00a0\u00a0\u00a0 Esta benfeitoria foi anunciada nesta \u00faltima Quinta Feira (09\/05\/13) pelo <b>Secret\u00e1rio Municipal de Transportes da Cidade do Rio de Janeiro, Sr Carlos Roberto Os\u00f3rio<\/b>, o qual demonstrou a import\u00e2ncia deste Hist\u00f3rico e Importante Bairro Carioca, inclusive acolhendo novas reivindica\u00e7\u00f5es da Sociedade Civil, representada pelos Convidados presentes naquele evento de alto n\u00edvel, realizado no Supremo Conselho do Brasil do Grau 33 (Ma\u00e7onaria), situado no Campo de S\u00e3o Crist\u00f3v\u00e3o n\u00ba 114, S\u00e3o Crist\u00f3v\u00e3o &#8211; RJ.<\/span><\/div>\n<div class=\"yiv8400933653yui_3_7_2_26_1368169522887_73          yiv8400933653yui_3_7_2_26_1368188126581_74\" id=\"yiv8400933653yui_3_7_2_27_1368167856591_203\" style=\"color: black; background-color: transparent; font-style: normal;\"><img decoding=\"async\" alt=\"\" src=\"https:\/\/webvasco.com\/artigos\/wp-content\/uploads\/2013\/05\/gejjaigi.png\" \/><\/div>\n<div class=\"yiv8400933653yui_3_7_2_26_1368169522887_74          yiv8400933653yui_3_7_2_26_1368188126581_75\" id=\"yiv8400933653yui_3_7_2_27_1368167856591_204\" style=\"color: #000000; background-color: transparent; font-style: normal;\"><span style=\"font-weight: bold;\">FOTO 1<\/span> &#8211; <span id=\"yiv8400933653yui_3_7_2_27_1368167856591_68\"><span style=\"color: black;\">Supremo Conselho do Brasil do Grau 33 para o REAA (Ma\u00e7onaria) &#8211; S\u00e3o Crist\u00f3v\u00e3o &#8211; Rio de Janeiro<\/span><\/span><\/div>\n<div><span style=\"color: black;\">\u00a0<\/span><\/div>\n<div id=\"yiv8400933653yui_3_7_2_27_1368167856591_209\"><span id=\"yiv8400933653yui_3_7_2_27_1368167856591_212\" style=\"color: black;\">\u00a0\u00a0\u00a0\u00a0 H\u00e1 de se ressaltar o grande acolhimento desta Institui\u00e7\u00e3o, em especial ao <b>Soberano Grande Comendador,<\/b> <b>Sr Enyr Costa e Silva<\/b>, em receber o<b> Secret\u00e1rio Municipal<\/b> e o <b>Presidente da C\u00e2mara Municipal de S\u00e3o Crist\u00f3v\u00e3o, Sr Maur\u00edcio Mendes<\/b>, onde os mesmos iniciaram este evento anunciando esta grande benfeitoria para o Bairro Imperial de S\u00e3o Crist\u00f3v\u00e3o. Destaque tamb\u00e9m para os Srs Cid, Ant\u00f4nio Carlos, Ailton e Manuel que em conjunto com o Sr Enyr, ao cederem este magn\u00edfico espa\u00e7o, proporcionaram uma apraz\u00edvel manh\u00e3 aos convidados. Ao final do evento, tivemos o prazer de presenciar o Secret\u00e1rio Municipal, Carlos Roberto Os\u00f3rio, atender pedidos e puxar o tradicional &#8220;Casaca&#8221;.<br \/>\n<\/span><\/div>\n<div class=\"yiv8400933653yui_3_7_2_26_1368169522887_84          yiv8400933653yui_3_7_2_26_1368188126581_85\" id=\"yiv8400933653yui_3_7_2_27_1368167856591_213\" style=\"color: black; background-color: transparent; font-style: normal;\"><span id=\"yiv8400933653yui_3_7_2_27_1368167856591_212\" style=\"color: black;\"><br \/>\n<\/span><\/div>\n<div id=\"yiv8400933653yui_3_7_2_27_1368167856591_120\"><span id=\"yiv8400933653yui_3_7_2_26_1368169522887_143\" style=\"color: black;\"><br \/>\n<\/span><span id=\"yiv8400933653yui_3_7_2_26_1368169522887_143\" style=\"color: black;\"><img decoding=\"async\" alt=\"\" src=\"https:\/\/webvasco.com\/artigos\/wp-content\/uploads\/2013\/05\/dbhgdghb.png\" \/>\u00a0\u00a0\u00a0\u00a0\u00a0 <\/span><\/div>\n<div id=\"yiv8400933653yui_3_7_2_27_1368167856591_122\"><span id=\"yiv8400933653yui_3_7_2_27_1368167856591_124\" style=\"color: black;\"><span style=\"font-weight: bold;\">FOTO 2 &#8211; <\/span><\/span><span id=\"yiv8400933653yui_3_7_2_27_1368167856591_68\"><span style=\"color: black;\">In\u00edcio do Evento &#8211; Presidente da C\u00e2mara Comunit\u00e1ria de S\u00e3o Crist\u00f3v\u00e3o, Sr Mauricio Mendes, Secret\u00e1rio Municipal de transportes, Sr Carlos Roberto Os\u00f3rio, Soberano Grande Comendador Enyr Costa e Silva<\/span><\/span><\/div>\n<div><span style=\"color: black;\">\u00a0<\/span><\/div>\n<div id=\"yiv8400933653yui_3_7_2_26_1368188126581_170\"><span style=\"color: black;\"><span style=\"color: black;\">\u00a0\u00a0\u00a0\u00a0 Este evento contou com a presen\u00e7a de autoridades, personalidades do bairro, empres\u00e1rios e membros de associa\u00e7\u00f5es de moradores. Alguns nomes que conseguimos registrar: Sr Helismar Leite (Centro de Tradi\u00e7\u00f5es Nordestinas), Sr Eug\u00eanio Cruz (CADEG- Centro de Abastecimento do Estado da Guanabara), Sra Sheila Lima (Administradora Regional de S\u00e3o Crist\u00f3v\u00e3o), Sra Elizabete Trancoso (Col\u00e9gio Brasileiro), Sras F\u00e1tima e Eliane (Museu Nacional da Quinta da Boa Vista), Sr Rubens Alves (Clube de Regatas Vasco da Gama), Sr Ivo Daflon (Hologr\u00e1fica), Sra V\u00e2nia Silva (Associa\u00e7\u00e3o de Moradores da Barreira do Vasco), Sr D\u00e1rio Miranda (Associa\u00e7\u00e3o de Moradores do Tuiuti), dentre outros, os quais pedimos antecipadamente desculpas caso n\u00e3o tenhamos registrado aqui.<\/span><\/span><\/div>\n<div><span style=\"color: black;\"><img decoding=\"async\" alt=\"\" src=\"https:\/\/webvasco.com\/artigos\/wp-content\/uploads\/2013\/05\/ffaihihg.png\" \/><br \/>\n<\/span><\/div>\n<div><span id=\"yiv8400933653yui_3_7_2_26_1368188126581_168\" style=\"color: black;\"><span style=\"font-weight: bold;\">FOTO 3<\/span><\/span><span style=\"color: black;\"> &#8211; Sra F\u00e1tima (Museu Nacional RJ), Secret\u00e1rio Municipal de Transportes, Sr Carlos Os\u00f3rio e Presidente da C\u00e2mara Comunit\u00e1ria de S\u00e3o Crist\u00f3v\u00e3o, Sr Maur\u00edcio Mendes<\/span><span id=\"yiv8400933653yui_3_7_2_27_1368167856591_68\"><\/span><\/p>\n<div><span style=\"color: black;\"><br \/>\n<\/span><\/div>\n<p><span id=\"yiv8400933653yui_3_7_2_27_1368167856591_68\"><\/span><span style=\"color: black;\"><br \/>\n<\/span><\/p>\n<\/div>\n<div><span style=\"color: black;\">\u00a0\u00a0\u00a0\u00a0 Devemos destacar <b>o m\u00e9rito desta conquista da Integra\u00e7\u00e3o Metr\u00f4\/Trem\/\u00d4nibus \u00e0 C\u00e2mara Comunit\u00e1ria de S\u00e3o Crist\u00f3v\u00e3o<\/b>, <b>na figura do seu Presidente Sr. Maur\u00edcio Mendes<\/b>. De forma incans\u00e1vel vem desenvolvendo um grande trabalho, visando sempre o melhor para os bairros de S\u00e3o Crist\u00f3v\u00e3o, Benfica e adjac\u00eancias, pois <b>esta \u00e9 uma das reivindica\u00e7\u00f5es antigas que foram feitas ao Poder P\u00fablico e conquistada por esta C\u00e3mara<\/b>.<\/span><\/div>\n<div><span style=\"color: black;\">\u00a0<\/span><\/div>\n<div><span style=\"color: black;\">\u00a0\u00a0\u00a0\u00a0 Imaginem, Amigos Vasca\u00ednos, <b>o quanto de benef\u00edcios esta articula\u00e7\u00e3o ir\u00e1 trazer aos nossos torcedores<\/b>, no tocante a acessibilidade e deslocamentos, em dias de jogos do nosso amado Vasco da Gama no Est\u00e1dio de S\u00e3o Janu\u00e1rio? Muitos! Apenas o fato de haver uma integra\u00e7\u00e3o de transportes de massa j\u00e1 ir\u00e1 proporcionar conforto aos torcedores e otimiza\u00e7\u00e3o nos deslocamentos. Mais eloquente \u00e9 <b>a melhoria de transporte para os moradores do Bairro Vasco da Gama<\/b>, bem como daqueles que s\u00e3o oriundos de outros bairros em suas atividades na regi\u00e3o. <\/span><\/div>\n<div><span style=\"color: black;\">\u00a0<\/span><\/div>\n<div id=\"yiv8400933653yui_3_7_2_27_1368167856591_235\"><span id=\"yiv8400933653yui_3_7_2_27_1368167856591_238\" style=\"color: black;\">\u00a0\u00a0\u00a0\u00a0 Uma informa\u00e7\u00e3o importante: esta Linha de \u00d4nibus funcionar\u00e1 com a denomina\u00e7\u00e3o <b>LECD (Linha Experimental de Coleta de Dados)<\/b> pelo prazo de <b>sessenta dias, prorrog\u00e1veis por igual per\u00edodo<\/b>. Este prazo ir\u00e1 servir para coletar e avaliar a <b>demanda, taxa de ocupa\u00e7\u00e3o, intervalo m\u00e9dio, itiner\u00e1rio e demais dados operacionais<\/b>, que <b>venham a confirmar a necessidade proposta<\/b>. Sendo assim \u00e9 de suma import\u00e2ncia haver uma <b>m\u00e1xima divulga\u00e7\u00e3o da exist\u00eancia desta nova linha de \u00f4nibus integra\u00e7\u00e3o<\/b> para que ao final deste prazo seja confirmada em DEFINITIVO ESTA RELEVANTE BENFEITORIA. N\u00e3o temos d\u00favida no sucesso desta, em virtude n\u00e3o s\u00f3 da Torcida Vasca\u00edna ser imensa, mas tamb\u00e9m pelo fato que ir\u00e1 beneficiar mensalmente milhares de Moradores e Trabalhadores. Portanto, amigo vasca\u00edno, <b>divulgue n\u00e3o s\u00f3 para seus amigos vasca\u00ednos, mas principalmente para quem voc\u00ea conhe\u00e7a e que more na regi\u00e3o<\/b>. A viabilidade dessa nova linha s\u00f3 se dar\u00e1 com seu uso regular.<br \/>\n<br id=\"yiv8400933653yui_3_7_2_27_1368167856591_243\" \/> <\/span><\/div>\n<div class=\"yiv8400933653yui_3_7_2_26_1368169522887_110          yiv8400933653yui_3_7_2_26_1368188126581_111\" id=\"yiv8400933653yui_3_7_2_27_1368167856591_239\" style=\"color: #000000; background-color: transparent; font-style: normal;\"><span id=\"yiv8400933653yui_3_7_2_27_1368167856591_238\" style=\"color: black;\"><br \/>\n<\/span><\/div>\n<div id=\"yiv8400933653yui_3_7_2_26_1368188126581_181\"><span style=\"font-weight: bold;\"><img decoding=\"async\" alt=\"\" src=\"https:\/\/webvasco.com\/artigos\/wp-content\/uploads\/2013\/05\/eijdghjb.png\" \/><br \/>\nFOTO 4 &#8211; <\/span><span id=\"yiv8400933653yui_3_7_2_27_1368167856591_68\"><span id=\"yiv8400933653yui_3_7_2_27_1368167856591_68\"><span style=\"color: black;\">Linha de \u00d4nibus (Integra\u00e7\u00e3o Metr\u00f4\/Trem\/\u00d4nibus) que ir\u00e1 operar &#8211; Cons\u00f3rcio Internorte &#8211; Braso Lisboa<\/span><\/span><\/span><\/div>\n<div><span style=\"color: black;\">\u00a0\u00a0\u00a0 Quanto ao trajeto desta linha, est\u00e3o definidos os locais a serem transitados: <b>Esta\u00e7\u00e3o de S\u00e3o Crist\u00f3v\u00e3o<\/b> -&gt; <b>Quinta da Boa Vista<\/b> -&gt; Campo de S\u00e3o Crist\u00f3v\u00e3o (<b>Centro de Tradi\u00e7\u00f5es Nordestinas<\/b>) -&gt; <b>Clube de Regatas Vasco da Gama<\/b> -&gt;<b> Quinta da Boa Vista<\/b> -&gt; <b>Esta\u00e7\u00e3o de S\u00e3o Crist\u00f3v\u00e3o<\/b>. \u00c9 desejo da C\u00e2mara Comunit\u00e1ria de S\u00e3o Crist\u00f3v\u00e3o, reivindicar a <b>extens\u00e3o <\/b>(ou cria\u00e7\u00e3o de uma nova linha) do trajeto <b>passando no CADEG e no Polo de Lustres e Ilumina\u00e7\u00e3o em Benfica<\/b>, abrindo novas op\u00e7\u00f5es de locomo\u00e7\u00e3o entre estes Bairros. H\u00e1 de se destacar tamb\u00e9m o lado Cultural deste trajeto, onde no mesmo podem ser apreciados v\u00e1rios locais Hist\u00f3ricos do nosso Pa\u00eds, como por exemplo a Quinta da Boa Vista (Museu Nacional (Sede Imperial), Zool\u00f3gico, Parque a c\u00e9u aberto, Restaurantes, etc&#8230;), Observat\u00f3rio Nacional, Centro de Tradi\u00e7\u00f5es Nordestinas, Museu do 1\u00ba Reinado, Est\u00e1dio de S\u00e3o Janu\u00e1rio, entre outros &#8230;.<\/span><\/div>\n<div><span style=\"color: black;\">\u00a0<\/span><\/div>\n<div><span style=\"color: black;\">\u00a0\u00a0\u00a0\u00a0 Portanto, caros Amigos Vasca\u00ednos, <b>esta \u00e9 mais uma vit\u00f3ria (entre outras) nas pretens\u00f5es da nobre causa vasca\u00edna da Revitaliza\u00e7\u00e3o do Entorno de S\u00e3o Janu\u00e1rio<\/b>, a qual <b>permitir\u00e1 <\/b>ao nosso amado Clube, posteriormente, a <b>constru\u00e7\u00e3o da t\u00e3o sonhada nova Arena de S\u00e3o Janu\u00e1rio<\/b>, associada as benfeitorias (a come\u00e7arem) j\u00e1 alcan\u00e7adas at\u00e9 aqui, como o Programa Morar Carioca na Barreira do Vasco, constru\u00e7\u00e3o da Cidade do Samba II, BRT (\u00d4nibus Expresso) nos arredores de S\u00e3o Janu\u00e1rio, possibilidade do Parque Aqu\u00e1tico de S\u00e3o Janu\u00e1rio ser reformado e usado nas Olimp\u00edadas Rio 2016, entre outras &#8230;. O futuro do Vasco da Gama come\u00e7a aqui! <b>Revitaliza\u00e7\u00e3o e nova Arena J\u00e1!<\/b><\/span><\/div>\n<div><span style=\"color: black;\">\u00a0<\/span><\/div>\n<div><span style=\"color: black;\">\u00a0\u00a0\u00a0\u00a0 Por hora \u00e9 isso! Temos que acreditar e continuar lutando (todos juntos, Torcedor Vasca\u00edno) por esta Revitaliza\u00e7\u00e3o! Afinal o Abaixo Assinado Eletr\u00f4nico (10.313 ades\u00f5es) reivindicando a Prefeitura esta benfeitoria e o fato desta hist\u00f3rica pra\u00e7a esportiva (S\u00e3o Janu\u00e1rio) estar localizada numa <b>\u00e1rea central da Cidade<\/b> do Rio de Janeiro (<b>entre dois aeroportos, cerca de 11 Km cada um<\/b>), ao <b>lado da Av Brasil<\/b> e da <b>Linha Vermelha<\/b>, a <b>3 Km da Ponte<\/b> Rio x Niter\u00f3i (BR 101), a <b>5 Km da Linha Amarela<\/b>, a <b>12 Km da BR 040<\/b> (Rio x BH), a <b>17 Km da BR 116<\/b> (Rio x SP) e a <b>8 Km do Centro<\/b> do Rio, associado \u00e0 for\u00e7a da nossa Torcida \u00e9 que nos d\u00e3o este respaldo.<\/span><\/div>\n<div><span style=\"color: black;\">\u00a0<\/span><\/div>\n<div><span style=\"color: black;\">\u00a0\u00a0\u00a0\u00a0 <b>Que cada um de n\u00f3s continue fazendo a sua parte<\/b>. O Vasco da Gama \u00e9 e sempre ser\u00e1 um Gigante. Esta \u00e9 a Alma Vasca\u00edna!<\/span><\/div>\n<div><span style=\"color: black;\">\u00a0<\/span><\/div>\n<div><span style=\"color: black;\">\u00a0\u00a0\u00a0\u00a0 Sauda\u00e7\u00f5es Vasca\u00ednas!<\/span><\/div>\n<\/div>\n","protected":false},"excerpt":{"rendered":"<p>\u00a0\u00a0\u00a0\u00a0 Caros Amigos Vasca\u00ednos! \u00a0 \u00a0\u00a0\u00a0\u00a0 Trazemos mais uma informa\u00e7\u00e3o relevante, no tocante as pretens\u00f5es&#8230;<\/p>\n","protected":false},"author":3,"featured_media":327,"comment_status":"open","ping_status":"closed","sticky":false,"template":"","format":"standard","meta":{"footnotes":""},"categories":[16],"tags":[],"class_list":["post-318","post","type-post","status-publish","format-standard","has-post-thumbnail","hentry","category-marcelopaiva"],"_links":{"self":[{"href":"https:\/\/webvasco.com\/artigos\/wp-json\/wp\/v2\/posts\/318","targetHints":{"allow":["GET"]}}],"collection":[{"href":"https:\/\/webvasco.com\/artigos\/wp-json\/wp\/v2\/posts"}],"about":[{"href":"https:\/\/webvasco.com\/artigos\/wp-json\/wp\/v2\/types\/post"}],"author":[{"embeddable":true,"href":"https:\/\/webvasco.com\/artigos\/wp-json\/wp\/v2\/users\/3"}],"replies":[{"embeddable":true,"href":"https:\/\/webvasco.com\/artigos\/wp-json\/wp\/v2\/comments?post=318"}],"version-history":[{"count":6,"href":"https:\/\/webvasco.com\/artigos\/wp-json\/wp\/v2\/posts\/318\/revisions"}],"predecessor-version":[{"id":335,"href":"https:\/\/webvasco.com\/artigos\/wp-json\/wp\/v2\/posts\/318\/revisions\/335"}],"wp:featuredmedia":[{"embeddable":true,"href":"https:\/\/webvasco.com\/artigos\/wp-json\/wp\/v2\/media\/327"}],"wp:attachment":[{"href":"https:\/\/webvasco.com\/artigos\/wp-json\/wp\/v2\/media?parent=318"}],"wp:term":[{"taxonomy":"category","embeddable":true,"href":"https:\/\/webvasco.com\/artigos\/wp-json\/wp\/v2\/categories?post=318"},{"taxonomy":"post_tag","embeddable":true,"href":"https:\/\/webvasco.com\/artigos\/wp-json\/wp\/v2\/tags?post=318"}],"curies":[{"name":"wp","href":"https:\/\/api.w.org\/{rel}","templated":true}]}}