{"id":3296,"date":"2015-08-20T13:57:17","date_gmt":"2015-08-20T16:57:17","guid":{"rendered":"http:\/\/webvasco.com\/artigos\/?p=3296"},"modified":"2015-08-20T14:07:37","modified_gmt":"2015-08-20T17:07:37","slug":"salve-jorge","status":"publish","type":"post","link":"https:\/\/webvasco.com\/artigos\/colunistas\/luizcarlosrocha\/salve-jorge\/","title":{"rendered":"SALVE JORGE!"},"content":{"rendered":"<div>\n<div style=\"color:#000; background-color:#fff; font-family:HelveticaNeue-Light, Helvetica Neue Light, Helvetica Neue, Helvetica, Arial, Lucida Grande, sans-serif;font-size:32px\">\n<div class=\"\" style=\"text-align:justify;text-indent:35.4pt;tab-stops:111.0pt\" id=\"yui_3_16_0_1_1440089200405_7260\"><span style=\"font-size:12.0pt;line-height:115%;font-family:&quot;Arial&quot;,&quot;sans-serif&quot;\" class=\"\">Diz  assim o velho ditado: \u201cde gr\u00e3o em gr\u00e3o a galinha enche o papo\u201d. Mas tamb\u00e9m  facilmente poderia ser: \u201cDe passe em passe o urubu entala o jogo\u201d.&nbsp; Fato \u00e9 que os Exclu\u00eddos subestimaram a equipe  vasca\u00edna e acharam que seria moleza vencer a primeira partida das Oitavas de  Final, da Copa do Brasil. Ledo engano. O Vasco foi superior sob aquele que n\u00e3o  deve ser nomeado durante todo o embate. O \u00fanico gol marcado por Jorge Henrique  n\u00e3o condiz com a realidade, que deveria ter sido de pelo menos tr\u00eas gols de  diferen\u00e7a. O primeiro confronto o Cruzmaltino j\u00e1 levou. Agora \u00e9 trabalhar duro  para na pr\u00f3xima quarta-feira, dia 26, repetir a dose.<o:p class=\"\"><\/o:p><\/span><\/div>\n<div class=\"\" style=\"text-align:justify;text-indent:35.4pt;tab-stops:111.0pt\" id=\"yui_3_16_0_1_1440089200405_7258\"><span style=\"font-size:12.0pt;line-height:115%;font-family:&quot;Arial&quot;,&quot;sans-serif&quot;\" class=\"\" id=\"yui_3_16_0_1_1440089200405_7259\">O  trabalho do treinador rec\u00e9m-contratado j\u00e1 surtiu efeito. Jorginho arrumou a  casa. Fez em tr\u00eas dias o que Celso Roth levou meses e nada fez! Mas ainda h\u00e1  muito a conquistar. Antes do compromisso com os Molambos, pela Copa do Brasil,  o Vasco enfrentar\u00e1 o Goi\u00e1s, no Est\u00e1dio Serra Dourada, s\u00e1bado, dia 22, \u00e0s 18h30m  (de Bras\u00edlia-DF), e n\u00e3o h\u00e1 outro resultado que interesse sen\u00e3o a vit\u00f3ria.  Afinal, o time de S\u00e3o Janu\u00e1rio s\u00f3 tem 13 pontos conquistados na tabela de  classifica\u00e7\u00e3o do Campeonato Brasileiro, e precisar\u00e1 de mais 33 (dos 57 que  ser\u00e3o disputados). Essa \u00e9 a conta aritm\u00e9tica que afastar\u00e1 o fantasma do  terceiro rebaixamento. Atualmente o Vasco da Gama \u00e9 o lanterna da competi\u00e7\u00e3o.<o:p class=\"\"><\/o:p><\/span><\/div>\n<div class=\"\" style=\"text-align:justify;text-indent:35.4pt;tab-stops:111.0pt\" id=\"yui_3_16_0_1_1440089200405_7257\"><span style=\"font-size:12.0pt;line-height:115%;font-family:&quot;Arial&quot;,&quot;sans-serif&quot;\" class=\"\" id=\"yui_3_16_0_1_1440089200405_7256\">Geralmente  jogador de futebol gosta de escutar can\u00e7\u00f5es no estilo pagode e sertanejo. Como  o Gigante da Colina venceu TODOS os cl\u00e1ssicos contra o rival Fedido da G\u00e1vea,  em tr\u00eas competi\u00e7\u00f5es diferentes (Campeonato Carioca, Campeonato Brasileiro e  Copa do Brasil) este ano, pode pedir no Fant\u00e1stico (Revista Eletr\u00f4nica da TV  Globo) uma m\u00fasica ao colega jornalista Tadeu Schmidt. Como a noite de ontem, teve  um nome especial, sugiro alguma melodia de Jorge e Mateus. Ou ainda Jorge  Arag\u00e3o. Mas se houver prefer\u00eancia pelo soul music, que tal Jorge Bem Jor? E  para aqueles atletas mais rom\u00e2nticos, tem Jorge Verc\u00edlo.<o:p class=\"\"><\/o:p><\/span><\/div>\n<div class=\"\" style=\"text-align:justify;text-indent:35.4pt;tab-stops:111.0pt\" id=\"yui_3_16_0_1_1440089200405_7241\"><span style=\"font-size:12.0pt;line-height:115%;font-family:&quot;Arial&quot;,&quot;sans-serif&quot;\" class=\"\" id=\"yui_3_16_0_1_1440089200405_7250\">Eu  sou um sujeito que acredito nos santos, pois sou cat\u00f3lico (batizado e  crismado), embora meus santos de devo\u00e7\u00e3o sejam Nossa Senhora Aparecida (que me  guia e orienta todos os dias para ser um homem bom e justo) e S\u00e3o Francisco de  Assis (pela minha liga\u00e7\u00e3o com os bichinhos), tenho muito respeito ao Santo  Guerreiro. S\u00e3o Jorge \u00e9 o combatente de todos os males. Por isso, ontem s\u00f3 deu  Jorge. No comando do treinador Jorginho, Jorge Henrique e Cia. Mostraram que o  bem sempre prevalecer\u00e1 sobre o mal. Salve Jorge! <o:p class=\"\"><\/o:p><\/span><\/div>\n<div class=\"\" style=\"text-align:justify;text-indent:35.4pt;tab-stops:111.0pt\" id=\"yui_3_16_0_1_1440089200405_7240\"><b class=\"\"><u class=\"\"><span style=\"font-size:20.0pt;line-height:115%;font-family:&quot;Arial&quot;,&quot;sans-serif&quot;\" class=\"\">DIVULGUEM ESSA COVARDIA:<\/span><\/u><\/b><span style=\"font-size:16.0pt;line-height:115%;font-family:&quot;Arial&quot;,&quot;sans-serif&quot;\" class=\"\"> GOSTARIA  DE PEDIR A TODOS OS MEUS AMIGOS E LEITORES QUE TIRASSE UM TEMPINHO PARA LER A  PETI\u00c7\u00c3O P\u00daBLICA, AO QUAL SEGUE ABAIXO O LINK. TAL DOCUMENTO REFERE-SE A <b class=\"\"><u class=\"\">UM ATO DE COVARDIA POR PARTE DA  VOLKSWAGEN DO BRASIL EM COAUTORIA DA ABOLI\u00c7\u00c3O VE\u00cdCULOS (GRUPO AB)<\/u><\/b>  CONTRA ESTE VELHO JORNALISTA. A REFERIDA CONCESSION\u00c1RIA EST\u00c1 ME LESANDO DESDE  FEVEREIRO DE 2013. MEU CARRO FOI BATIDO DENTRO DA OFICINA, FURTARAM ACESS\u00d3RIOS,  TEM PROBLEMAS CAUSADOS POR ELES, AL\u00c9M DE DEFEITOS DE FABRICA\u00c7\u00c3O. O CARRO 0 KM  COMPRADO POR MIM HOJE SE ENCONTRA NA OFICINA DA ABOLI\u00c7\u00c3O VE\u00cdCULOS (CENTRO DE  NITER\u00d3I) <b class=\"\"><u class=\"\">DESDE 10 DE JUNHO DE 2013<\/u><\/b>,  OU SEJA, H\u00c1 <b class=\"\"><u class=\"\">26 MESES, OU SEJA, 2 ANOS  E DOIS MESES.<\/u><\/b> <b class=\"\"><u class=\"\">TEM APENAS 729  KM RODADOS<\/u><\/b> PARA COMPROVAR O CALV\u00c1RIO TENHO DOCUMENTOS, GRAVA\u00c7\u00d5ES DE  AUDIO E V\u00cdDEO, MAIS DE 400 FOTOGRAFIAS E E-MAILS TROCADOS COM FUNCION\u00c1RIOS DO  BAIXO, M\u00c9DIO E ALTO ESCAL\u00c3O DA EMPRESA. POR FAVOR, ASSINEM O DOCUMENTO PARA QUE  OUTROS CONSUMIDORES N\u00c3O SEJAM LESADOS POR EMPRESAS DESTE N\u00cdVEL.&nbsp; <\/span><a href=\"https:\/\/secure.avaaz.org\/po\/petition\/Aos_Orgaos_de_Defesa_do_Consumidor_e_ao_Poder_Judiciario_JUSTICA_CONTRA_UMA_MARCA_E_SUA_REVENDERORA_QUE_DESCUMPREM_A_LEI\/?lJEcNfb&amp;pv=0\" class=\"\"><span style=\"font-size:16.0pt;line-height:115%;font-family:&quot;Arial&quot;,&quot;sans-serif&quot;\" class=\"\"><a href=\"https:\/\/secure.avaaz.org\/po\/petition\/Aos_Orgaos_de_Defesa_do_Consumidor_e_ao_Poder_Judiciario_JUSTICA_CONTRA_UMA_MARCA_E_SUA_REVENDERORA_QUE_DESCUMPREM_A_LEI\/?lJEcNfb&amp;pv=0\" >https:\/\/secure.avaaz.org\/po\/petition\/Aos_Orgaos_de_Defesa_do_Consumidor_e_ao_Poder_Judiciario_JUSTICA_CONTRA_UMA_MARCA_E_SUA_REVENDERORA_QUE_DESCUMPREM_A_LEI\/?lJEcNfb&amp;pv=0<\/a><\/span><\/a><span style=\"font-size:16.0pt;line-height:115%;font-family:&quot;Arial&quot;,&quot;sans-serif&quot;\" class=\"\"><o:p class=\"\"><\/o:p><\/span><\/div>\n<div class=\"\" style=\"text-align:justify;tab-stops:111.0pt\" id=\"yui_3_16_0_1_1440089200405_7239\"><span style=\"font-size:16.0pt;line-height:115%;font-family:&quot;Arial&quot;,&quot;sans-serif&quot;\" class=\"\"><o:p class=\"\">&nbsp;<\/o:p><\/span><\/div>\n<div class=\"\" style=\"text-align:justify;tab-stops:111.0pt\"><b class=\"\"><span style=\"font-size:16.0pt;line-height:115%;font-family:&quot;Arial&quot;,&quot;sans-serif&quot;\" class=\"\">&nbsp;&nbsp;&nbsp;&nbsp;&nbsp;&nbsp;&nbsp;&nbsp;&nbsp;&nbsp;&nbsp;&nbsp;&nbsp;&nbsp;&nbsp;&nbsp;&nbsp;&nbsp;&nbsp;&nbsp;&nbsp;&nbsp;&nbsp;&nbsp; &nbsp;&nbsp;&nbsp;&nbsp;&nbsp;&nbsp; <o:p class=\"\"><\/o:p><\/span><\/b><\/div>\n<div id=\"yui_3_16_0_1_1440089200405_7123\">                            <\/div>\n<div class=\"\" style=\"text-align:justify\" id=\"yui_3_16_0_1_1440089200405_7193\" dir=\"ltr\"><b id=\"yui_3_16_0_1_1440089200405_7192\" class=\"\"><span style=\"font-size:14.0pt;line-height:115%;font-family:&quot;Arial&quot;,&quot;sans-serif&quot;\" id=\"yui_3_16_0_1_1440089200405_7191\" class=\"\">AP\u00d3S  AS TODAS AS PARTIDAS DO VASC\u00c3O EM MEU PERFIL DO FACEBOOK (QUEM QUISER RECEBER  AS CR\u00d4NICAS DE PRIMEIRA M\u00c3O \u00c9 S\u00d3 ME ADICIONAR), E NOS SITES WEBVASCO  (www.webvasco.com), E VASCA\u00cdNOS UNIDOS (www.vascainosunidos.com.br) TEM A  OPINI\u00c3O DO JORNALISTA LUIZ CARLOS ROCHA. LEIAM! COMPARTILHEM E CURTAM!  VASCA\u00cdNOS UNIDOS JAMAIS SER\u00c3O VENCIDOS.<o:p class=\"\"><\/o:p><\/span><\/b><\/div>\n<div id=\"yui_3_16_0_1_1440089200405_7123\"><span><br \/><\/span><\/div>\n<div id=\"yui_3_16_0_1_1440089200405_7123\"><span><br \/><\/span><\/div>\n<div id=\"yui_3_16_0_1_1440089200405_7123\"><span><br \/><\/span><\/div>\n<div id=\"yui_3_16_0_1_1440089200405_7123\"><span><br \/><\/span><\/div>\n<div><\/div>\n<div id=\"yui_3_16_0_1_1440089200405_7155\">&nbsp;<\/div>\n<div class=\"signature\" id=\"yui_3_16_0_1_1440089200405_7131\">\n<div id=\"RTEContent\">\n<div id=\"yui_3_16_0_1_1440089200405_7130\">\n<div id=\"yui_3_16_0_1_1440089200405_7129\">\n<div id=\"yui_3_16_0_1_1440089200405_7128\">\n<div align=\"center\" id=\"yui_3_16_0_1_1440089200405_7154\"><\/div>\n<\/div>\n<\/div>\n<\/div>\n<\/div>\n<\/div>\n<\/div>\n<\/div>\n<p><\/p>\n","protected":false},"excerpt":{"rendered":"<p>Diz assim o velho ditado: \u201cde gr\u00e3o em gr\u00e3o a galinha enche o papo\u201d. Mas&#8230;<\/p>\n","protected":false},"author":7,"featured_media":0,"comment_status":"open","ping_status":"closed","sticky":false,"template":"","format":"standard","meta":{"footnotes":""},"categories":[4],"tags":[],"class_list":["post-3296","post","type-post","status-publish","format-standard","hentry","category-luizcarlosrocha"],"_links":{"self":[{"href":"https:\/\/webvasco.com\/artigos\/wp-json\/wp\/v2\/posts\/3296","targetHints":{"allow":["GET"]}}],"collection":[{"href":"https:\/\/webvasco.com\/artigos\/wp-json\/wp\/v2\/posts"}],"about":[{"href":"https:\/\/webvasco.com\/artigos\/wp-json\/wp\/v2\/types\/post"}],"author":[{"embeddable":true,"href":"https:\/\/webvasco.com\/artigos\/wp-json\/wp\/v2\/users\/7"}],"replies":[{"embeddable":true,"href":"https:\/\/webvasco.com\/artigos\/wp-json\/wp\/v2\/comments?post=3296"}],"version-history":[{"count":0,"href":"https:\/\/webvasco.com\/artigos\/wp-json\/wp\/v2\/posts\/3296\/revisions"}],"wp:attachment":[{"href":"https:\/\/webvasco.com\/artigos\/wp-json\/wp\/v2\/media?parent=3296"}],"wp:term":[{"taxonomy":"category","embeddable":true,"href":"https:\/\/webvasco.com\/artigos\/wp-json\/wp\/v2\/categories?post=3296"},{"taxonomy":"post_tag","embeddable":true,"href":"https:\/\/webvasco.com\/artigos\/wp-json\/wp\/v2\/tags?post=3296"}],"curies":[{"name":"wp","href":"https:\/\/api.w.org\/{rel}","templated":true}]}}