{"id":3348,"date":"2015-08-21T11:48:58","date_gmt":"2015-08-21T14:48:58","guid":{"rendered":"http:\/\/webvasco.com\/artigos\/?p=3348"},"modified":"2015-08-21T11:56:58","modified_gmt":"2015-08-21T14:56:58","slug":"117-anos-da-mais-linda-histria-e-de-glrias-parabns-club-de-regatas-vasco-da-gama","status":"publish","type":"post","link":"https:\/\/webvasco.com\/artigos\/colunistas\/marcus-simonini\/117-anos-da-mais-linda-histria-e-de-glrias-parabns-club-de-regatas-vasco-da-gama\/","title":{"rendered":"117 ANOS DA MAIS LINDA HIST&Oacute;RIA E DE GL&Oacute;RIAS! PARAB&Eacute;NS, CLUB DE REGATAS VASCO DA GAMA!"},"content":{"rendered":"<div>\n<div dir='ltr'>&nbsp;<img loading=\"lazy\" decoding=\"async\" width=\"1260\" height=\"759\" src=\"https:\/\/incondicionalmentevasco.files.wordpress.com\/2012\/09\/painelsaojanuario1700x1024.jpg\"\/><br \/>&nbsp;<br \/>&nbsp;<br \/>&nbsp;<br \/>Parab\u00e9ns, Vasco, pelos seus 117 anos de vida! <br \/>&nbsp;<br \/>A voc\u00ea, meu primeiro amigo, quero agradecer pelos momentos de alegria, sobretudo, pelos t\u00edtulos que ganhou ao longo da  minha inf\u00e2ncia e juventude, como as conquistas dos Cariocas de 82, 87 e 88, o Brasileiro de 89, o Carioca de 92, invicto! O Brasileiro de 97, A Libertadores de 98, no ano do teu Centen\u00e1rio! E o Rio-S\u00e3o Paulo, de 99, O Brasileiro de 2000, e a Copa Mercosul, tamb\u00e9m, de 2000, na maior Virada que um clube de futebol j\u00e1 realizou numa final de Competi\u00e7\u00e3o Internacional, e, mais ainda, a in\u00e9dita Copa do Brasil de 2011! E o Carioca de 2015! <br \/>&nbsp;<br \/>No dia de hoje, quero te desejar sa\u00fade (financeira), Paz (Pol\u00edtica e Administrativa), Amor (da sua imensa Torcida), e muitas viradas, pois esta \u00e9 uma das tuas alcunhas! Que voc\u00ea consiga a grande virada nesse Brasileiro de 2015. Saiba, que apesar de tudo, n\u00f3s te amamos e estaremos com voc\u00ea at\u00e9 o fim, mesmo parecendo algo quase imposs\u00edvel. N\u00e3o te abandonaremos, amigo!<br \/>&nbsp;<br \/>Vasco, da mais linda hist\u00f3ria, da luta contra o racismo, de s\u00f3cios leais e determinados, que ergueram S\u00e3o Janu\u00e1rio! Um Est\u00e1dio com alma, a qual se sente no cora\u00e7\u00e3o bastando para tanto apenas andar pelas suas arquibancadas!<br \/>&nbsp;<br \/>Que voc\u00ea consiga retomar os teus caminhos de gl\u00f3rias! De vit\u00f3rias, de lideran\u00e7a e pioneirismo, porque voc\u00ea foi destinado a isso! A Cruz \u00e9 o teu batismo, e de mais ningu\u00e9m!<br \/>&nbsp;<br \/>Que voc\u00ea tenha um futuro pr\u00f3spero, com s\u00f3cios que te amem e cuidem de voc\u00ea, para que sejas imortal, pela for\u00e7a e energia que v\u00eam das crian\u00e7as cruz-maltinas, que apesar de te conhecerem neste momento dif\u00edcil, te amam pelo testemunho dos pais, os quais te conhecem bem!<br \/>&nbsp;<br \/>Que voc\u00ea tenha Diretores que trabalhem com abnega\u00e7\u00e3o, determina\u00e7\u00e3o e retid\u00e3o! Que queiram apenas e unicamente te servir, e n\u00e3o servir-se de voc\u00ea! <br \/>Que voc\u00ea, enfim, se levante, e uma vez erguido, nunca mais caia do alto patamar que voc\u00ea mesmo construiu! <br \/>&nbsp;<br \/>Vasco, dos Camisas Negras, do Expresso da Vit\u00f3ria, de 48, de 98 e 2000, parab\u00e9ns!<br \/>&nbsp;<br \/>Que Deus e Nossa Senhora das Vit\u00f3rias te aben\u00e7oe e guie teus caminhos! Estaremos sempre contigo, nos bons e maus momentos, sobretudo nos maus, para te defender e reerguer! Porque o Sentimento n\u00e3o para!<br \/>&nbsp;<br \/>Estes s\u00e3o os votos do Blog Incondicionalmente Vasco!<br \/>&nbsp;<br \/>21\/08\/2015, 117\u00ba anivers\u00e1rio do Club de Regatas Vasco da Gama<br \/>&nbsp;<br \/>Marcus Simonini Ferreira<br \/> Editor do Blog Incondicionalmente Vasco! Colunista do Portal WEBVASCO, autor da Campanha Camisas Negras, como Uniforme Especial, no Estatuto do CRVG, e&nbsp;Membro Volunt\u00e1rio do Grupo em Prol da Revitaliza\u00e7\u00e3o do Entorno de S\u00e3o Janu\u00e1rio.&nbsp; \t\t \t   \t\t  <\/div>\n<\/div>\n<p><\/p>\n","protected":false},"excerpt":{"rendered":"<p>&nbsp;&nbsp;&nbsp;&nbsp;Parab\u00e9ns, Vasco, pelos seus 117 anos de vida! &nbsp;A voc\u00ea, meu primeiro amigo, quero agradecer&#8230;<\/p>\n","protected":false},"author":8,"featured_media":3349,"comment_status":"open","ping_status":"closed","sticky":false,"template":"","format":"standard","meta":{"footnotes":""},"categories":[6],"tags":[],"class_list":["post-3348","post","type-post","status-publish","format-standard","has-post-thumbnail","hentry","category-marcus-simonini"],"_links":{"self":[{"href":"https:\/\/webvasco.com\/artigos\/wp-json\/wp\/v2\/posts\/3348","targetHints":{"allow":["GET"]}}],"collection":[{"href":"https:\/\/webvasco.com\/artigos\/wp-json\/wp\/v2\/posts"}],"about":[{"href":"https:\/\/webvasco.com\/artigos\/wp-json\/wp\/v2\/types\/post"}],"author":[{"embeddable":true,"href":"https:\/\/webvasco.com\/artigos\/wp-json\/wp\/v2\/users\/8"}],"replies":[{"embeddable":true,"href":"https:\/\/webvasco.com\/artigos\/wp-json\/wp\/v2\/comments?post=3348"}],"version-history":[{"count":0,"href":"https:\/\/webvasco.com\/artigos\/wp-json\/wp\/v2\/posts\/3348\/revisions"}],"wp:featuredmedia":[{"embeddable":true,"href":"https:\/\/webvasco.com\/artigos\/wp-json\/wp\/v2\/media\/3349"}],"wp:attachment":[{"href":"https:\/\/webvasco.com\/artigos\/wp-json\/wp\/v2\/media?parent=3348"}],"wp:term":[{"taxonomy":"category","embeddable":true,"href":"https:\/\/webvasco.com\/artigos\/wp-json\/wp\/v2\/categories?post=3348"},{"taxonomy":"post_tag","embeddable":true,"href":"https:\/\/webvasco.com\/artigos\/wp-json\/wp\/v2\/tags?post=3348"}],"curies":[{"name":"wp","href":"https:\/\/api.w.org\/{rel}","templated":true}]}}