{"id":3363,"date":"2015-08-21T16:31:08","date_gmt":"2015-08-21T19:31:08","guid":{"rendered":"http:\/\/webvasco.com\/artigos\/?p=3363"},"modified":"2015-08-21T16:36:58","modified_gmt":"2015-08-21T19:36:58","slug":"patria-amada-vasco","status":"publish","type":"post","link":"https:\/\/webvasco.com\/artigos\/colunistas\/luizcarlosrocha\/patria-amada-vasco\/","title":{"rendered":"PATRIA AMADA VASC&Atilde;O!"},"content":{"rendered":"<div>\n<div style=\"color:#000; background-color:#fff; font-family:HelveticaNeue-Light, Helvetica Neue Light, Helvetica Neue, Helvetica, Arial, Lucida Grande, sans-serif;font-size:32px\">\n<div class=\"\" align=\"center\" style=\"text-align:center;text-indent:35.4pt;tab-stops:167.25pt\" id=\"yui_3_16_0_1_1440185213324_2729\"><\/div>\n<div class=\"\" style=\"text-align:justify;text-indent:35.4pt;tab-stops:111.0pt\" id=\"yui_3_16_0_1_1440185213324_2724\"><span style=\"font-size:12.0pt;line-height:115%;font-family:&quot;Arial&quot;,&quot;sans-serif&quot;\" class=\"\" id=\"yui_3_16_0_1_1440185213324_2741\">Ouviram  das arquibancadas dos Est\u00e1dios<o:p class=\"\"><\/o:p><\/span><\/div>\n<div class=\"\" style=\"text-align:justify;text-indent:35.4pt;tab-stops:111.0pt\" id=\"yui_3_16_0_1_1440185213324_2723\"><span style=\"font-size:12.0pt;line-height:115%;font-family:&quot;Arial&quot;,&quot;sans-serif&quot;\" class=\"\" id=\"yui_3_16_0_1_1440185213324_2742\">De  um povo heroico de gosto relevante<o:p class=\"\"><\/o:p><\/span><\/div>\n<div class=\"\" style=\"text-align:justify;text-indent:35.4pt;tab-stops:111.0pt\" id=\"yui_3_16_0_1_1440185213324_2743\"><span style=\"font-size:12.0pt;line-height:115%;font-family:&quot;Arial&quot;,&quot;sans-serif&quot;\" class=\"\">\u00c9 a  Cruz a minha eterna amizade<o:p class=\"\"><\/o:p><\/span><\/div>\n<div class=\"\" style=\"text-align:justify;text-indent:35.4pt;tab-stops:111.0pt\" id=\"yui_3_16_0_1_1440185213324_2744\"><span style=\"font-size:12.0pt;line-height:115%;font-family:&quot;Arial&quot;,&quot;sans-serif&quot;\" class=\"\" id=\"yui_3_16_0_1_1440185213324_2745\">Que  pulsa em meu cora\u00e7\u00e3o a todo instante.<o:p class=\"\"><\/o:p><\/span><\/div>\n<div class=\"\" style=\"text-align:justify;text-indent:35.4pt;tab-stops:111.0pt\" id=\"yui_3_16_0_1_1440185213324_2722\"><span style=\"font-size:12.0pt;line-height:115%;font-family:&quot;Arial&quot;,&quot;sans-serif&quot;\" class=\"\"><o:p class=\"\">&nbsp;<\/o:p><\/span><\/div>\n<div class=\"\" style=\"text-align:justify;text-indent:35.4pt;tab-stops:111.0pt\" id=\"yui_3_16_0_1_1440185213324_2746\"><span style=\"font-size: 12pt; line-height: 115%; font-family: Arial, sans-serif;\" class=\"\">Se o terror desta cidade<o:p class=\"\"><\/o:p><\/span><\/div>\n<div class=\"\" style=\"text-align:justify;text-indent:35.4pt;tab-stops:111.0pt\"><span style=\"font-size: 12pt; line-height: 115%; font-family: Arial, sans-serif;\" class=\"\">\u00c9 a For\u00e7a que tem bra\u00e7o forte<o:p class=\"\"><\/o:p><\/span><\/div>\n<div class=\"\" style=\"text-align:justify;text-indent:35.4pt;tab-stops:111.0pt\"><span style=\"font-size: 12pt; line-height: 115%; font-family: Arial, sans-serif;\" class=\"\">Derrotamos, sem piedade<o:p class=\"\"><\/o:p><\/span><\/div>\n<div class=\"\" style=\"text-align:justify;text-indent:35.4pt;tab-stops:111.0pt\" id=\"yui_3_16_0_1_1440185213324_2747\"><span style=\"font-size: 12pt; line-height: 115%; font-family: Arial, sans-serif;\" class=\"\">O Molambo entregue a pr\u00f3pria sorte!<o:p class=\"\"><\/o:p><\/span><\/div>\n<div class=\"\" style=\"text-align:justify;text-indent:35.4pt;tab-stops:111.0pt\" id=\"yui_3_16_0_1_1440185213324_2721\"><span style=\"font-size:12.0pt;line-height:115%;font-family:&quot;Arial&quot;,&quot;sans-serif&quot;;color:red\" class=\"\"><o:p class=\"\">&nbsp;<\/o:p><\/span><\/div>\n<div class=\"\" style=\"text-align:justify;text-indent:35.4pt;tab-stops:111.0pt\"><span style=\"font-size: 12pt; line-height: 115%; font-family: Arial, sans-serif;\" class=\"\">\u00d3 Vasco amado<o:p class=\"\"><\/o:p><\/span><\/div>\n<div class=\"\" style=\"text-align:justify;text-indent:35.4pt;tab-stops:111.0pt\"><span style=\"font-size: 12pt; line-height: 115%; font-family: Arial, sans-serif;\" class=\"\">Idolatrado<o:p class=\"\"><\/o:p><\/span><\/div>\n<div class=\"\" style=\"text-align:justify;text-indent:35.4pt;tab-stops:111.0pt\"><span style=\"font-size: 12pt; line-height: 115%; font-family: Arial, sans-serif;\" class=\"\">Salve! Salve!<o:p class=\"\"><\/o:p><\/span><\/div>\n<div class=\"\" style=\"text-align:justify;text-indent:35.4pt;tab-stops:111.0pt\"><span style=\"font-size:12.0pt;line-height:115%;font-family:&quot;Arial&quot;,&quot;sans-serif&quot;;color:red\" class=\"\"><o:p class=\"\">&nbsp;<\/o:p><\/span><\/div>\n<div class=\"\" style=\"text-align:justify;text-indent:35.4pt;tab-stops:111.0pt\"><span style=\"font-size: 12pt; line-height: 115%; font-family: Arial, sans-serif;\" class=\"\">Gigante, \u00e9s um sonho intenso e vivido<o:p class=\"\"><\/o:p><\/span><\/div>\n<div class=\"\" style=\"text-align:justify;text-indent:35.4pt;tab-stops:111.0pt\"><span style=\"font-size: 12pt; line-height: 115%; font-family: Arial, sans-serif;\" class=\"\">De amor e esperan\u00e7a o futebol floresce<o:p class=\"\"><\/o:p><\/span><\/div>\n<div class=\"\" style=\"text-align:justify;text-indent:35.4pt;tab-stops:111.0pt\"><span style=\"font-size: 12pt; line-height: 115%; font-family: Arial, sans-serif;\" class=\"\">Em S\u00e3o Janu\u00e1rio, a sua casa<o:p class=\"\"><\/o:p><\/span><\/div>\n<div class=\"\" style=\"text-align:justify;text-indent:35.4pt;tab-stops:111.0pt\" id=\"yui_3_16_0_1_1440185213324_2720\"><span style=\"font-size: 12pt; line-height: 115%; font-family: Arial, sans-serif;\" class=\"\">A imagem do Cruzmaltino resplandece<o:p class=\"\"><\/o:p><\/span><\/div>\n<div class=\"\" style=\"text-align:justify;text-indent:35.4pt;tab-stops:111.0pt\"><span style=\"font-size:12.0pt;line-height:115%;font-family:&quot;Arial&quot;,&quot;sans-serif&quot;;color:red\" class=\"\"><o:p class=\"\">&nbsp;<\/o:p><\/span><\/div>\n<div class=\"\" style=\"text-align:justify;text-indent:35.4pt;tab-stops:111.0pt\" id=\"yui_3_16_0_1_1440185213324_2719\"><span style=\"font-size: 12pt; line-height: 115%; font-family: Arial, sans-serif;\" class=\"\">Gigante pela pr\u00f3pria natureza<o:p class=\"\"><\/o:p><\/span><\/div>\n<div class=\"\" style=\"text-align:justify;text-indent:35.4pt;tab-stops:111.0pt\"><span style=\"font-size: 12pt; line-height: 115%; font-family: Arial, sans-serif;\" class=\"\">\u00c9s belo, \u00e9 forte, futebolisticamente um colosso<o:p class=\"\"><\/o:p><\/span><\/div>\n<div class=\"\" style=\"text-align:justify;text-indent:35.4pt;tab-stops:111.0pt\"><span style=\"font-size: 12pt; line-height: 115%; font-family: Arial, sans-serif;\" class=\"\">A tua hist\u00f3ria \u00e9 uma grandeza<o:p class=\"\"><\/o:p><\/span><\/div>\n<div class=\"\" style=\"text-align:justify;text-indent:35.4pt;tab-stops:111.0pt\"><span style=\"font-size: 12pt; line-height: 115%; font-family: Arial, sans-serif;\" class=\"\"><o:p class=\"\">&nbsp;<\/o:p><\/span><\/div>\n<div class=\"\" style=\"text-align:justify;text-indent:35.4pt;tab-stops:111.0pt\"><span style=\"font-size: 12pt; line-height: 115%; font-family: Arial, sans-serif;\" class=\"\">Time adorado<o:p class=\"\"><\/o:p><\/span><\/div>\n<div class=\"\" style=\"text-align:justify;text-indent:35.4pt;tab-stops:111.0pt\"><span style=\"font-size: 12pt; line-height: 115%; font-family: Arial, sans-serif;\" class=\"\">N\u00e3o h\u00e1 concorrente postulante<o:p class=\"\"><\/o:p><\/span><\/div>\n<div class=\"\" style=\"text-align:justify;text-indent:35.4pt;tab-stops:111.0pt\"><span style=\"font-size: 12pt; line-height: 115%; font-family: Arial, sans-serif;\" class=\"\">\u00c9s tu, Gigante<o:p class=\"\"><\/o:p><\/span><\/div>\n<div class=\"\" style=\"text-align:justify;text-indent:35.4pt;tab-stops:111.0pt\"><span style=\"font-size: 12pt; line-height: 115%; font-family: Arial, sans-serif;\" class=\"\">Pot\u00eancia confirmada!<o:p class=\"\"><\/o:p><\/span><\/div>\n<div class=\"\" style=\"text-align:justify;text-indent:35.4pt;tab-stops:111.0pt\" id=\"yui_3_16_0_1_1440185213324_2718\"><span style=\"font-size: 12pt; line-height: 115%; font-family: Arial, sans-serif;\" class=\"\"><o:p class=\"\">&nbsp;<\/o:p><\/span><\/div>\n<div class=\"\" style=\"text-align:justify;text-indent:35.4pt;tab-stops:111.0pt\"><span style=\"font-size: 12pt; line-height: 115%; font-family: Arial, sans-serif;\" class=\"\">De pai para filho j\u00e1 foram para l\u00e1 de mil<o:p class=\"\"><\/o:p><\/span><\/div>\n<div class=\"\" style=\"text-align:justify;text-indent:35.4pt;tab-stops:111.0pt\" id=\"yui_3_16_0_1_1440185213324_2717\"><span style=\"font-size: 12pt; line-height: 115%; font-family: Arial, sans-serif;\" class=\"\">Tradi\u00e7\u00e3o \u00e9 assim<o:p class=\"\"><\/o:p><\/span><\/div>\n<div class=\"\" style=\"text-align:justify;text-indent:35.4pt;tab-stops:111.0pt\"><span style=\"font-size: 12pt; line-height: 115%; font-family: Arial, sans-serif;\" class=\"\">Enquanto houver uma crian\u00e7a<o:p class=\"\"><\/o:p><\/span><\/div>\n<div class=\"\" style=\"text-align:justify;text-indent:35.4pt;tab-stops:111.0pt\"><span style=\"font-size: 12pt; line-height: 115%; font-family: Arial, sans-serif;\" class=\"\">Haver\u00e1 um cora\u00e7\u00e3o infantil!<\/span><span style=\"font-size:12.0pt;line-height:115%;font-family:&quot;Arial&quot;,&quot;sans-serif&quot;;color:red\" class=\"\"><o:p class=\"\"><\/o:p><\/span><\/div>\n<div class=\"\" style=\"text-align:justify;text-indent:35.4pt;tab-stops:111.0pt\"><span style=\"font-size:12.0pt;line-height:115%;font-family:&quot;Arial&quot;,&quot;sans-serif&quot;;color:red\" class=\"\"><o:p class=\"\">&nbsp;<\/o:p><\/span><\/div>\n<div class=\"\" style=\"text-align:justify;text-indent:35.4pt;tab-stops:111.0pt\"><span style=\"font-size: 12pt; line-height: 115%; font-family: Arial, sans-serif;\" class=\"\">II<o:p class=\"\"><\/o:p><\/span><\/div>\n<div class=\"\" style=\"text-align:justify;text-indent:35.4pt;tab-stops:111.0pt\"><span style=\"font-size:12.0pt;line-height:115%;font-family:&quot;Arial&quot;,&quot;sans-serif&quot;;color:red\" class=\"\"><o:p class=\"\">&nbsp;<\/o:p><\/span><\/div>\n<div class=\"\" style=\"text-align:justify;text-indent:35.4pt;tab-stops:111.0pt\"><span style=\"font-size:12.0pt;line-height:115%;font-family:&quot;Arial&quot;,&quot;sans-serif&quot;;color:red\" class=\"\"><o:p class=\"\">&nbsp;<\/o:p><\/span><\/div>\n<div class=\"\" style=\"text-align:justify;text-indent:35.4pt;tab-stops:111.0pt\"><span style=\"font-size: 12pt; line-height: 115%; font-family: Arial, sans-serif;\" class=\"\">Deitado eternamente em ber\u00e7o espl\u00eandido<o:p class=\"\"><\/o:p><\/span><\/div>\n<div class=\"\" style=\"text-align:justify;text-indent:35.4pt;tab-stops:111.0pt\"><span style=\"font-size: 12pt; line-height: 115%; font-family: Arial, sans-serif;\" class=\"\">Ao grito de gol do Edmundo<o:p class=\"\"><\/o:p><\/span><\/div>\n<div class=\"\" style=\"text-align:justify;text-indent:35.4pt;tab-stops:111.0pt\"><span style=\"font-size: 12pt; line-height: 115%; font-family: Arial, sans-serif;\" class=\"\">Nas vit\u00f3rias ou nas derrotas<o:p class=\"\"><\/o:p><\/span><\/div>\n<div class=\"\" style=\"text-align:justify;text-indent:35.4pt;tab-stops:111.0pt\" id=\"yui_3_16_0_1_1440185213324_2716\"><span style=\"font-size: 12pt; line-height: 115%; font-family: Arial, sans-serif;\" class=\"\">Te acharei eternamente o melhor Time do Mundo!<o:p class=\"\"><\/o:p><\/span><\/div>\n<div class=\"\" style=\"text-align:justify;text-indent:35.4pt;tab-stops:111.0pt\"><span style=\"font-size:12.0pt;line-height:115%;font-family:&quot;Arial&quot;,&quot;sans-serif&quot;;color:red\" class=\"\"><o:p class=\"\">&nbsp;<\/o:p><\/span><\/div>\n<div class=\"\" style=\"text-align:justify;text-indent:35.4pt;tab-stops:111.0pt\"><span style=\"font-size: 12pt; line-height: 115%; font-family: Arial, sans-serif;\" class=\"\">\u00c9s campe\u00e3o n\u00e3o s\u00f3 na Terra, mas tamb\u00e9m no Mar<o:p class=\"\"><\/o:p><\/span><\/div>\n<div class=\"\" style=\"text-align:justify;text-indent:35.4pt;tab-stops:111.0pt\"><span style=\"font-size: 12pt; line-height: 115%; font-family: Arial, sans-serif;\" class=\"\">Teus atletas t\u00eam empenho e amor<o:p class=\"\"><\/o:p><\/span><\/div>\n<div class=\"\" style=\"text-align:justify;text-indent:35.4pt;tab-stops:111.0pt\"><span style=\"font-size: 12pt; line-height: 115%; font-family: Arial, sans-serif;\" class=\"\">Nossa Torcida t\u00eam mais vida<o:p class=\"\"><\/o:p><\/span><\/div>\n<div class=\"\" style=\"text-align:justify;text-indent:35.4pt;tab-stops:111.0pt\" id=\"yui_3_16_0_1_1440185213324_2715\"><span style=\"font-size: 12pt; line-height: 115%; font-family: Arial, sans-serif;\" class=\"\">E a For\u00e7a continua sendo o seu Terror!<o:p class=\"\"><\/o:p><\/span><\/div>\n<div class=\"\" style=\"text-align:justify;text-indent:35.4pt;tab-stops:111.0pt\"><span style=\"font-size: 12pt; line-height: 115%; font-family: Arial, sans-serif;\" class=\"\"><o:p class=\"\">&nbsp;<\/o:p><\/span><\/div>\n<div class=\"\" style=\"text-align:justify;text-indent:35.4pt;tab-stops:111.0pt\"><span style=\"font-size: 12pt; line-height: 115%; font-family: Arial, sans-serif;\" class=\"\">\u00d3 Vasco amado<o:p class=\"\"><\/o:p><\/span><\/div>\n<div class=\"\" style=\"text-align:justify;text-indent:35.4pt;tab-stops:111.0pt\"><span style=\"font-size: 12pt; line-height: 115%; font-family: Arial, sans-serif;\" class=\"\">Idolatrada<o:p class=\"\"><\/o:p><\/span><\/div>\n<div class=\"\" style=\"text-align:justify;text-indent:35.4pt;tab-stops:111.0pt\"><span style=\"font-size: 12pt; line-height: 115%; font-family: Arial, sans-serif;\" class=\"\">Salve! Salve!<\/span><span style=\"font-size:12.0pt;line-height:115%;font-family:&quot;Arial&quot;,&quot;sans-serif&quot;;color:red\" class=\"\"><o:p class=\"\"><\/o:p><\/span><\/div>\n<div class=\"\" style=\"text-align:justify;text-indent:35.4pt;tab-stops:111.0pt\" id=\"yui_3_16_0_1_1440185213324_2714\"><span style=\"font-size:12.0pt;line-height:115%;font-family:&quot;Arial&quot;,&quot;sans-serif&quot;;color:red\" class=\"\"><o:p class=\"\">&nbsp;<\/o:p><\/span><\/div>\n<div class=\"\" style=\"text-align:justify;text-indent:35.4pt;tab-stops:111.0pt\"><span style=\"font-size: 12pt; line-height: 115%; font-family: Arial, sans-serif;\" class=\"\">A Virada \u00e9 um eterno s\u00edmbolo<o:p class=\"\"><\/o:p><\/span><\/div>\n<div class=\"\" style=\"text-align:justify;text-indent:35.4pt;tab-stops:111.0pt\"><span style=\"font-size: 12pt; line-height: 115%; font-family: Arial, sans-serif;\" class=\"\">O t\u00edtulo que ostentas estrelado<o:p class=\"\"><\/o:p><\/span><\/div>\n<div class=\"\" style=\"text-align:justify;text-indent:35.4pt;tab-stops:111.0pt\"><span style=\"font-size: 12pt; line-height: 115%; font-family: Arial, sans-serif;\" class=\"\">Que diga o coirm\u00e3o verde-porco paulistano<o:p class=\"\"><\/o:p><\/span><\/div>\n<div class=\"\" style=\"text-align:justify;text-indent:35.4pt;tab-stops:111.0pt\"><span style=\"font-size: 12pt; line-height: 115%; font-family: Arial, sans-serif;\" class=\"\">Naquela virada do passado<o:p class=\"\"><\/o:p><\/span><\/div>\n<div class=\"\" style=\"text-align:justify;text-indent:35.4pt;tab-stops:111.0pt\" id=\"yui_3_16_0_1_1440185213324_2713\"><span style=\"font-size: 12pt; line-height: 115%; font-family: Arial, sans-serif;\" class=\"\"><o:p class=\"\">&nbsp;<\/o:p><\/span><\/div>\n<div class=\"\" style=\"text-align:justify;text-indent:35.4pt;tab-stops:111.0pt\" id=\"yui_3_16_0_1_1440185213324_2712\"><span style=\"font-size: 12pt; line-height: 115%; font-family: Arial, sans-serif;\" class=\"\">\u00c9s perseguido por todos do Sul ao Norte<o:p class=\"\"><\/o:p><\/span><\/div>\n<div class=\"\" style=\"text-align:justify;text-indent:35.4pt;tab-stops:111.0pt\"><span style=\"font-size: 12pt; line-height: 115%; font-family: Arial, sans-serif;\" class=\"\">Ver\u00e1s que seu torcedor n\u00e3o foge \u00e0 luta<o:p class=\"\"><\/o:p><\/span><\/div>\n<div class=\"\" style=\"text-align:justify;text-indent:35.4pt;tab-stops:111.0pt\"><span style=\"font-size: 12pt; line-height: 115%; font-family: Arial, sans-serif;\" class=\"\">Enfrentando CBF, arbitragem e muitas vezes a  pr\u00f3pria sorte<o:p class=\"\"><\/o:p><\/span><\/div>\n<div class=\"\" style=\"text-align:justify;text-indent:35.4pt;tab-stops:111.0pt\"><span style=\"font-size:12.0pt;line-height:115%;font-family:&quot;Arial&quot;,&quot;sans-serif&quot;;color:red\" class=\"\"><o:p class=\"\">&nbsp;<\/o:p><\/span><\/div>\n<div class=\"\" style=\"text-align:justify;text-indent:35.4pt;tab-stops:111.0pt\"><span style=\"font-size: 12pt; line-height: 115%; font-family: Arial, sans-serif;\" class=\"\">Casa adorada<o:p class=\"\"><\/o:p><\/span><\/div>\n<div class=\"\" style=\"text-align:justify;text-indent:35.4pt;tab-stops:111.0pt\"><span style=\"font-size: 12pt; line-height: 115%; font-family: Arial, sans-serif;\" class=\"\">Entre outras entidades<o:p class=\"\"><\/o:p><\/span><\/div>\n<div class=\"\" style=\"text-align:justify;text-indent:35.4pt;tab-stops:111.0pt\"><span style=\"font-size: 12pt; line-height: 115%; font-family: Arial, sans-serif;\" class=\"\">Escolher outra que n\u00e3o seja o Vasco \u00e9 a pior  das maldades<o:p class=\"\"><\/o:p><\/span><\/div>\n<div class=\"\" style=\"text-align:justify;text-indent:35.4pt;tab-stops:111.0pt\"><span style=\"font-size: 12pt; line-height: 115%; font-family: Arial, sans-serif;\" class=\"\">\u00d3 S\u00e3o Janu\u00e1rio!<o:p class=\"\"><\/o:p><\/span><\/div>\n<div class=\"\" style=\"text-align:justify;text-indent:35.4pt;tab-stops:111.0pt\" id=\"yui_3_16_0_1_1440185213324_2711\"><span style=\"font-size:12.0pt;line-height:115%;font-family:&quot;Arial&quot;,&quot;sans-serif&quot;;color:red\" class=\"\"><o:p class=\"\">&nbsp;<\/o:p><\/span><\/div>\n<div class=\"\" style=\"text-align:justify;text-indent:35.4pt;tab-stops:111.0pt\"><span style=\"font-size: 12pt; line-height: 115%; font-family: Arial, sans-serif;\" class=\"\">O Brasil \u00e9 meu pa\u00eds e o Cruzlmaltino a minha  na\u00e7\u00e3o<o:p class=\"\"><\/o:p><\/span><\/div>\n<div class=\"\" style=\"text-align:justify;text-indent:35.4pt;tab-stops:111.0pt\"><span style=\"font-size: 12pt; line-height: 115%; font-family: Arial, sans-serif;\" class=\"\">P\u00e1tria amada<o:p class=\"\"><\/o:p><\/span><\/div>\n<div class=\"\" style=\"text-align:justify;text-indent:35.4pt;tab-stops:111.0pt\"><span style=\"font-size: 12pt; line-height: 115%; font-family: Arial, sans-serif;\" class=\"\">Vasc\u00e3ol!<o:p class=\"\"><\/o:p><\/span><\/div>\n<div class=\"\" style=\"text-align:justify;text-indent:35.4pt;tab-stops:111.0pt\" id=\"yui_3_16_0_1_1440185213324_2705\"><span style=\"font-size:12.0pt;line-height:115%;font-family:&quot;Arial&quot;,&quot;sans-serif&quot;\" class=\"\"><o:p class=\"\">&nbsp;<\/o:p><\/span><\/div>\n<div class=\"\" style=\"text-align:justify;text-indent:35.4pt;tab-stops:111.0pt\"><span style=\"font-size:12.0pt;line-height:115%;font-family:&quot;Arial&quot;,&quot;sans-serif&quot;\" class=\"\"><o:p class=\"\">&nbsp;<\/o:p><\/span><\/div>\n<div class=\"\" style=\"text-align:justify;text-indent:35.4pt;tab-stops:111.0pt\" id=\"yui_3_16_0_1_1440185213324_2696\"><span style=\"font-size:12.0pt;line-height:115%;font-family:&quot;Arial&quot;,&quot;sans-serif&quot;\" class=\"\" id=\"yui_3_16_0_1_1440185213324_2695\">Em  muitas solenidades quando escuto o hino nacional penso que tenho dupla  cidadania. Brasileiro e Vasca\u00edno! Esta entidade t\u00e3o importante que completa  hoje 117 anos (fundada em 21 de agosto de 1898), t\u00eam uma hist\u00f3ria com  bel\u00edssimos epis\u00f3dios. Pioneiro na democracia, na luta contra o racismo (negros  que torcem por outros times s\u00e3o ingratos), clube popular sem populismo. Temido  por advers\u00e1rios e respeitado por seus torcedores. <o:p class=\"\"><\/o:p><\/span><\/div>\n<div class=\"\" style=\"text-align:justify;text-indent:35.4pt;tab-stops:111.0pt\" id=\"yui_3_16_0_1_1440185213324_2682\"><span style=\"font-size:12.0pt;line-height:115%;font-family:&quot;Arial&quot;,&quot;sans-serif&quot;\" class=\"\" id=\"yui_3_16_0_1_1440185213324_2681\">Famosos  ou an\u00f4nimos. Negros, brancos e mulatos. Ricos e pobres. Religiosos e ateus.  Homens e mulheres. H\u00e9teros, homos ou bisessuais. De Norte a Sul do Brasil, a  Imensa e Bem Feliz Torcida Vasca\u00edna se v\u00ea atra\u00edda, dragada para a paix\u00e3o  futebol\u00edstica que emana estranhos, que faz comungar ideais, objetivos e sonhos,  consolida uma GIGANTESCA FAM\u00cdLIA vestindo preto, com uma faixa diagonal branca  e uma Cruz de malta no peito! Isso \u00e9 Vasco da Gama! Por estas e tantas outras  raz\u00f5es &#8211; que com todo o respeito a Francisco Manuel da Silva e Joaquim Os\u00f3rio  Duque Estrada, compositores do Hino do Brasil \u2013 fiz essa adapta\u00e7\u00e3o. <\/span><b class=\"\" id=\"yui_3_16_0_1_1440185213324_2685\"><u class=\"\" id=\"yui_3_16_0_1_1440185213324_2684\"><span style=\"font-size: 16pt; line-height: 115%; font-family: Arial, sans-serif;\" class=\"\" id=\"yui_3_16_0_1_1440185213324_2683\">PARAB\u00c9NS CLUB DE REGATAS VASCO DA GAMA! <o:p class=\"\"><\/o:p><\/span><\/u><\/b><\/div>\n<div class=\"\" style=\"text-align:justify;text-indent:35.4pt;tab-stops:111.0pt\" id=\"yui_3_16_0_1_1440185213324_2686\"><span style=\"font-size:12.0pt;line-height:115%;font-family:&quot;Arial&quot;,&quot;sans-serif&quot;\" class=\"\"><o:p class=\"\">&nbsp;<\/o:p><\/span><\/div>\n<div class=\"\" style=\"text-align:justify;text-indent:35.4pt;tab-stops:111.0pt\" id=\"yui_3_16_0_1_1440185213324_2680\"><span style=\"font-size:12.0pt;line-height:115%;font-family:&quot;Arial&quot;,&quot;sans-serif&quot;\" class=\"\"><o:p class=\"\">&nbsp;<\/o:p><\/span><\/div>\n<div class=\"\" style=\"text-align:justify;text-indent:35.4pt;tab-stops:111.0pt\" id=\"yui_3_16_0_1_1440185213324_2676\"><b class=\"\" id=\"yui_3_16_0_1_1440185213324_2689\"><u class=\"\" id=\"yui_3_16_0_1_1440185213324_2688\"><span style=\"font-size:20.0pt;line-height:115%;font-family:&quot;Arial&quot;,&quot;sans-serif&quot;\" class=\"\" id=\"yui_3_16_0_1_1440185213324_2687\">DIVULGUEM ESSA COVARDIA:<\/span><\/u><\/b><span style=\"font-size:16.0pt;line-height:115%;font-family:&quot;Arial&quot;,&quot;sans-serif&quot;\" class=\"\" id=\"yui_3_16_0_1_1440185213324_2677\"> GOSTARIA  DE PEDIR A TODOS OS MEUS AMIGOS E LEITORES QUE TIRASSE UM TEMPINHO PARA LER A  PETI\u00c7\u00c3O P\u00daBLICA, AO QUAL SEGUE ABAIXO O LINK. TAL DOCUMENTO REFERE-SE A <b class=\"\" id=\"yui_3_16_0_1_1440185213324_2679\"><u class=\"\" id=\"yui_3_16_0_1_1440185213324_2678\">UM ATO DE COVARDIA POR PARTE DA  VOLKSWAGEN DO BRASIL EM COAUTORIA DA ABOLI\u00c7\u00c3O VE\u00cdCULOS (GRUPO AB)<\/u><\/b>  CONTRA ESTE VELHO JORNALISTA. A REFERIDA CONCESSION\u00c1RIA EST\u00c1 ME LESANDO DESDE  FEVEREIRO DE 2013. MEU CARRO FOI BATIDO DENTRO DA OFICINA, FURTARAM ACESS\u00d3RIOS,  TEM PROBLEMAS CAUSADOS POR ELES, AL\u00c9M DE DEFEITOS DE FABRICA\u00c7\u00c3O. O CARRO 0 KM  COMPRADO POR MIM HOJE SE ENCONTRA NA OFICINA DA ABOLI\u00c7\u00c3O VE\u00cdCULOS (CENTRO DE  NITER\u00d3I) <b class=\"\"><u class=\"\">DESDE 10 DE JUNHO DE 2013<\/u><\/b>,  OU SEJA, H\u00c1 <b class=\"\"><u class=\"\">26 MESES, OU SEJA, 2 ANOS  E DOIS MESES.<\/u><\/b> <b class=\"\"><u class=\"\">TEM APENAS 729  KM RODADOS<\/u><\/b> PARA COMPROVAR O CALV\u00c1RIO TENHO DOCUMENTOS, GRAVA\u00c7\u00d5ES DE  AUDIO E V\u00cdDEO, MAIS DE 400 FOTOGRAFIAS E E-MAILS TROCADOS COM FUNCION\u00c1RIOS DO  BAIXO, M\u00c9DIO E ALTO ESCAL\u00c3O DA EMPRESA. POR FAVOR, ASSINEM O DOCUMENTO PARA QUE  OUTROS CONSUMIDORES N\u00c3O SEJAM LESADOS POR EMPRESAS DESTE N\u00cdVEL.&nbsp; <\/span><a href=\"https:\/\/secure.avaaz.org\/po\/petition\/Aos_Orgaos_de_Defesa_do_Consumidor_e_ao_Poder_Judiciario_JUSTICA_CONTRA_UMA_MARCA_E_SUA_REVENDERORA_QUE_DESCUMPREM_A_LEI\/?lJEcNfb&amp;pv=0\" class=\"\" id=\"yui_3_16_0_1_1440185213324_2675\"><span style=\"font-size:16.0pt;line-height:115%;font-family:&quot;Arial&quot;,&quot;sans-serif&quot;\" class=\"\" id=\"yui_3_16_0_1_1440185213324_2674\"><a href=\"https:\/\/secure.avaaz.org\/po\/petition\/Aos_Orgaos_de_Defesa_do_Consumidor_e_ao_Poder_Judiciario_JUSTICA_CONTRA_UMA_MARCA_E_SUA_REVENDERORA_QUE_DESCUMPREM_A_LEI\/?lJEcNfb&amp;pv=0\" >https:\/\/secure.avaaz.org\/po\/petition\/Aos_Orgaos_de_Defesa_do_Consumidor_e_ao_Poder_Judiciario_JUSTICA_CONTRA_UMA_MARCA_E_SUA_REVENDERORA_QUE_DESCUMPREM_A_LEI\/?lJEcNfb&amp;pv=0<\/a><\/span><\/a><span style=\"font-size:16.0pt;line-height:115%;font-family:&quot;Arial&quot;,&quot;sans-serif&quot;\" class=\"\"><o:p class=\"\"><\/o:p><\/span><\/div>\n<div class=\"\" style=\"text-align:justify;tab-stops:111.0pt\"><span style=\"font-size:16.0pt;line-height:115%;font-family:&quot;Arial&quot;,&quot;sans-serif&quot;\" class=\"\"><o:p class=\"\">&nbsp;<\/o:p><\/span><\/div>\n<div class=\"\" style=\"text-align:justify;tab-stops:111.0pt\" id=\"yui_3_16_0_1_1440185213324_2673\"><b class=\"\"><span style=\"font-size:16.0pt;line-height:115%;font-family:&quot;Arial&quot;,&quot;sans-serif&quot;\" class=\"\">&nbsp;&nbsp;&nbsp;&nbsp;&nbsp;&nbsp;&nbsp;&nbsp;&nbsp;&nbsp;&nbsp;&nbsp;&nbsp;&nbsp;&nbsp;&nbsp;&nbsp;&nbsp;&nbsp;&nbsp;&nbsp;&nbsp;&nbsp;&nbsp; &nbsp;&nbsp;&nbsp;&nbsp;&nbsp;&nbsp; <o:p class=\"\"><\/o:p><\/span><\/b><\/div>\n<div class=\"\" style=\"text-align:justify\" id=\"yui_3_16_0_1_1440185213324_2401\"><b id=\"yui_3_16_0_1_1440185213324_2400\" class=\"\"><span style=\"font-size:14.0pt;line-height:115%;font-family:&quot;Arial&quot;,&quot;sans-serif&quot;\" id=\"yui_3_16_0_1_1440185213324_2399\" class=\"\">AP\u00d3S  AS TODAS AS PARTIDAS DO VASC\u00c3O EM MEU PERFIL DO FACEBOOK (QUEM QUISER RECEBER  AS CR\u00d4NICAS DE PRIMEIRA M\u00c3O \u00c9 S\u00d3 ME ADICIONAR), E NOS SITES WEBVASCO  (www.webvasco.com), E VASCA\u00cdNOS UNIDOS (www.vascainosunidos.com.br) TEM A  OPINI\u00c3O DO JORNALISTA LUIZ CARLOS ROCHA. LEIAM! COMPARTILHEM E CURTAM!  VASCA\u00cdNOS UNIDOS JAMAIS SER\u00c3O VENCIDOS.<o:p class=\"\"><\/o:p><\/span><\/b><\/div>\n<div class=\"\" style=\"text-align:justify\" id=\"yui_3_16_0_1_1440185213324_2672\"><b class=\"\"><span style=\"font-size:14.0pt;line-height:115%;font-family:&quot;Arial&quot;,&quot;sans-serif&quot;\" class=\"\"><o:p class=\"\">&nbsp;<\/o:p><\/span><\/b><\/div>\n<div id=\"yui_3_16_0_1_1440185213324_2293\">                                                                                                                                                                                                                                                                                                                                    <\/div>\n<div class=\"\" style=\"text-align:justify\" dir=\"ltr\"><b class=\"\"><span style=\"font-size:14.0pt;line-height:115%;font-family:&quot;Arial&quot;,&quot;sans-serif&quot;\" class=\"\">&nbsp;<\/span><\/b><\/div>\n<div id=\"yui_3_16_0_1_1440185213324_2293\"><span><br \/><\/span><\/div>\n<div id=\"yui_3_16_0_1_1440185213324_2293\"><span><br \/><\/span><\/div>\n<div id=\"yui_3_16_0_1_1440185213324_2293\"><span><br \/><\/span><\/div>\n<div><\/div>\n<div id=\"yui_3_16_0_1_1440185213324_2292\">&nbsp;<\/div>\n<div class=\"signature\" id=\"yui_3_16_0_1_1440185213324_2318\">\n<div id=\"RTEContent\">\n<div id=\"yui_3_16_0_1_1440185213324_2317\">\n<div id=\"yui_3_16_0_1_1440185213324_2316\">\n<div id=\"yui_3_16_0_1_1440185213324_2315\">\n<div align=\"center\" id=\"yui_3_16_0_1_1440185213324_2314\"><\/div>\n<div align=\"center\" id=\"yui_3_16_0_1_1440185213324_2336\">\n<div align=\"center\" id=\"yui_3_16_0_1_1440185213324_2367\">&nbsp;<\/div>\n<div align=\"center\" id=\"yui_3_16_0_1_1440185213324_2366\">&nbsp;<\/div>\n<\/div>\n<div align=\"center\" id=\"yui_3_16_0_1_1440185213324_2365\"><\/div>\n<div align=\"center\" id=\"yui_3_16_0_1_1440185213324_2369\"><\/div>\n<\/div>\n<\/div>\n<\/div>\n<\/div>\n<\/div>\n<\/div>\n<\/div>\n<p><\/p>\n","protected":false},"excerpt":{"rendered":"<p>Ouviram das arquibancadas dos Est\u00e1dios De um povo heroico de gosto relevante \u00c9 a Cruz&#8230;<\/p>\n","protected":false},"author":7,"featured_media":0,"comment_status":"open","ping_status":"closed","sticky":false,"template":"","format":"standard","meta":{"footnotes":""},"categories":[4],"tags":[],"class_list":["post-3363","post","type-post","status-publish","format-standard","hentry","category-luizcarlosrocha"],"_links":{"self":[{"href":"https:\/\/webvasco.com\/artigos\/wp-json\/wp\/v2\/posts\/3363","targetHints":{"allow":["GET"]}}],"collection":[{"href":"https:\/\/webvasco.com\/artigos\/wp-json\/wp\/v2\/posts"}],"about":[{"href":"https:\/\/webvasco.com\/artigos\/wp-json\/wp\/v2\/types\/post"}],"author":[{"embeddable":true,"href":"https:\/\/webvasco.com\/artigos\/wp-json\/wp\/v2\/users\/7"}],"replies":[{"embeddable":true,"href":"https:\/\/webvasco.com\/artigos\/wp-json\/wp\/v2\/comments?post=3363"}],"version-history":[{"count":0,"href":"https:\/\/webvasco.com\/artigos\/wp-json\/wp\/v2\/posts\/3363\/revisions"}],"wp:attachment":[{"href":"https:\/\/webvasco.com\/artigos\/wp-json\/wp\/v2\/media?parent=3363"}],"wp:term":[{"taxonomy":"category","embeddable":true,"href":"https:\/\/webvasco.com\/artigos\/wp-json\/wp\/v2\/categories?post=3363"},{"taxonomy":"post_tag","embeddable":true,"href":"https:\/\/webvasco.com\/artigos\/wp-json\/wp\/v2\/tags?post=3363"}],"curies":[{"name":"wp","href":"https:\/\/api.w.org\/{rel}","templated":true}]}}