{"id":342,"date":"2013-05-25T23:43:55","date_gmt":"2013-05-26T02:43:55","guid":{"rendered":"http:\/\/webvasco.com\/artigos\/?p=342"},"modified":"2013-05-25T23:56:14","modified_gmt":"2013-05-26T02:56:14","slug":"primeiro-passo","status":"publish","type":"post","link":"https:\/\/webvasco.com\/artigos\/colunistas\/luizcarlosrocha\/primeiro-passo\/","title":{"rendered":"PRIMEIRO PASSO!"},"content":{"rendered":"<table border=\"0\" cellspacing=\"0\" cellpadding=\"0\">\n<tbody>\n<tr>\n<td style=\"font: inherit;\" valign=\"top\">\n<div><\/div>\n<p>&nbsp;<\/p>\n<p class=\"MsoNormal\" style=\"text-align: justify; margin: 0cm 0cm 10pt;\"><span style=\"line-height: 115%; font-family: 'Arial','sans-serif'; font-size: 12pt;\">\u00a0\u00a0\u00a0\u00a0\u00a0\u00a0\u00a0\u00a0\u00a0 Na estr\u00e9ia do Campeonato Brasileiro o Vasco recebeu a Portuguesa, em S\u00e3o Janu\u00e1rio e venceu pelo magro placar de 1 a 0, com um belo gol do atacante Carlos Ten\u00f3rio, aos dois minutos da etapa complementar. O resultado colocou a equipe carioca na lideran\u00e7a da competi\u00e7\u00e3o e deu moral aos jogadores.\u00a0<\/span><\/p>\n<p class=\"MsoNormal\" style=\"text-align: justify; margin: 0cm 0cm 10pt;\"><span style=\"line-height: 115%; font-family: 'Arial','sans-serif'; font-size: 12pt;\"><span style=\"mso-tab-count: 1;\">\u00a0\u00a0\u00a0\u00a0\u00a0\u00a0\u00a0\u00a0\u00a0\u00a0\u00a0 <\/span>Para alguns foi mais do que obriga\u00e7\u00e3o, uma vez que o advers\u00e1rio \u00e9 considerado pequeno, a partida foi em casa e o Gigante da Colina teve mais de um m\u00eas \u2013 precocemente eliminado do Carioca 2013 \u2013 para treinar e ajustar o time. Para outros o que importou foram os tr\u00eas pontos adquiridos. Apontando a velha m\u00e1xima: De gr\u00e3o em gr\u00e3o a galinha enche o papo.<\/span><\/p>\n<p class=\"MsoNormal\" style=\"text-align: justify; margin: 0cm 0cm 10pt;\"><span style=\"line-height: 115%; font-family: 'Arial','sans-serif'; font-size: 12pt;\"><span style=\"mso-tab-count: 1;\">\u00a0\u00a0\u00a0\u00a0\u00a0\u00a0\u00a0\u00a0\u00a0\u00a0\u00a0 <\/span>Mas uma coisa \u00e9 certa. Ten\u00f3rio e companhia sa\u00edram de campo sob os aplausos confiantes da Imensa Torcida Bem Feliz! Foi dado o primeiro passo. O caminho \u00e9 \u00e1rduo, cheio de obst\u00e1culos e armadilhas. O Vasco tem a <span style=\"text-decoration: underline;\">Virtude<\/span> de ser <span style=\"text-decoration: underline;\">Vencedor<\/span>, com V de <b style=\"mso-bidi-font-weight: normal;\"><span style=\"text-decoration: underline;\">Vit\u00f3ria!<\/span><\/b><\/span><\/p>\n<p class=\"MsoNormal\" style=\"text-align: justify; margin: 0cm 0cm 10pt;\"><span style=\"line-height: 115%; font-family: 'Arial','sans-serif'; font-size: 12pt;\"><span style=\"mso-tab-count: 1;\">\u00a0\u00a0\u00a0\u00a0\u00a0\u00a0\u00a0\u00a0\u00a0\u00a0\u00a0 <\/span>O sucesso administrativo-financeiro do clube s\u00f3 acontecer\u00e1 no momento em que a situa\u00e7\u00e3o e a oposi\u00e7\u00e3o se unirem. Na hora que os \u201cfigur\u00f5es\u201d do Vasco somarem for\u00e7as e n\u00e3o subtra\u00edrem. Tampouco subestimarem a crise. Dentro de campo a receita parece ser mais simples. N\u00e3o podemos disputar dois Brasileir\u00f5es ao mesmo tempo. O primeiro fat\u00eddico, real, na qual buscaremos a quinta estrela na hist\u00f3ria do clube, sem precisar de \u201cesmolas\u201d da CBF \u2013 aqueles campeonatos p\u00edfios sem peso futebol\u00edstico que a CBF equiparou ao Campeonato Brasileiro para ajudar alguns clubes \u2013 ou de qualquer outra entidade.<\/span><\/p>\n<p class=\"MsoNormal\" style=\"text-align: justify; margin: 0cm 0cm 10pt;\"><span style=\"line-height: 115%; font-family: 'Arial','sans-serif'; font-size: 12pt;\"><span style=\"mso-tab-count: 1;\">\u00a0\u00a0\u00a0\u00a0\u00a0\u00a0\u00a0\u00a0\u00a0\u00a0\u00a0 <\/span>O segundo \u00e9 uma competi\u00e7\u00e3o paralela que nos \u00faltimos anos disputamos contra n\u00f3s mesmos, ou seja, quando o Vasco lutou em v\u00e3o para vencer advers\u00e1rios dentro do Caldeir\u00e3o e deixou escapar os pontos necess\u00e1rios para uma melhor coloca\u00e7\u00e3o. Temos de vencer TODOS os jogos na Colina.<\/span><\/p>\n<p class=\"MsoNormal\" style=\"text-align: justify; margin: 0cm 0cm 10pt;\"><span style=\"line-height: 115%; font-family: 'Arial','sans-serif'; font-size: 12pt;\"><span style=\"mso-tab-count: 1;\">\u00a0\u00a0\u00a0\u00a0\u00a0\u00a0\u00a0\u00a0\u00a0\u00a0\u00a0 <\/span>Resumindo: a contrata\u00e7\u00e3o de Andr\u00e9 foi muito boa. Com os retornos de Bernardo e Carlos Alberto \u2013 quando quer atuar tem talento \u2013 ser\u00e1 primordial ao Vasco.<span style=\"mso-spacerun: yes;\">\u00a0 <\/span>Vale ressaltar, que a Lusa n\u00e3o \u00e9 refer\u00eancia. A estr\u00e9ia de verdade do Vasco, ser\u00e1 na quarta-feira, dia 29, diante do S\u00e3o Paulo, no Morumbi, em partida v\u00e1lida pela segunda rodada do Campeonato Brasileiro, vers\u00e3o 2013. Acho que Paulo Autuori ter\u00e1 muito trabalho pela frente se quiser ser campe\u00e3o. Ele \u00e9 bom treinador e conhece as trilhas. Se o comandante tiver paz, respeito por parte dos jogadores e da torcida, sobretudo contar com a sorte, ficaremos apenas na depend\u00eancia dos cartolas<br \/>\nadministrarem bem o clube, trazendo dinheiro por meio dos patroc\u00ednios e dos contratos. A marca Vasco da Gama \u00e9 uma potencia! <\/span><\/p>\n<p class=\"MsoNormal\" style=\"text-align: center; margin: 0cm 0cm 10pt;\" align=\"center\"><span style=\"line-height: 115%; font-family: 'Arial','sans-serif'; font-size: 12pt;\">\u00a0<\/span><\/p>\n<p class=\"MsoNormal\" style=\"text-align: justify; margin: 0cm 0cm 10pt; tab-stops: 35.4pt 70.8pt 106.2pt 141.6pt 177.0pt 212.4pt 237.75pt;\"><span style=\"line-height: 115%; font-family: 'Arial','sans-serif'; font-size: 12pt;\"><span style=\"mso-tab-count: 1;\">\u00a0\u00a0\u00a0\u00a0\u00a0\u00a0\u00a0\u00a0\u00a0\u00a0\u00a0 <\/span><\/span><\/p>\n<p class=\"MsoNormal\" style=\"text-align: justify; margin: 0cm 0cm 10pt;\"><span style=\"line-height: 115%; font-family: 'Arial','sans-serif'; font-size: 12pt;\"><br \/>\n<\/span><b style=\"mso-bidi-font-weight: normal;\"><span style=\"line-height: 115%; font-family: 'Arial','sans-serif'; font-size: 14pt;\">AP\u00d3S AS TODAS AS PARTIDAS DO VASC\u00c3O EM MEU PERFIL DO FACEBOOK (QUEM QUISER RECEBER AS CR\u00d4NICAS DE PRIMEIRA M\u00c3O \u00c9 S\u00d3 ME ADICIONAR), E NOS SITES WEBVASCO (<\/span><\/b><a href=\"http:\/\/www.facebook.com\/l.php?u=http%3A%2F%2Fwww.webvasco.com&amp;h=BAQGNYuLR&amp;s=1\" target=\"_blank\"><b style=\"mso-bidi-font-weight: normal;\"><\/b><\/a><b style=\"mso-bidi-font-weight: normal;\"><a href=\"http:\/\/www.webvasco.com\">www.webvasco.com<\/a><\/b><b style=\"mso-bidi-font-weight: normal;\"><span style=\"line-height: 115%; font-family: 'Arial','sans-serif'; font-size: 14pt;\">), VASCA\u00cdNOS UNIDOS (<\/span><\/b><br \/>\nhref=&#8221;http:\/\/www.facebook.com\/l.php?u=http%3A%2F%2Fwww.vascainosunidos.com.br&amp;h=VAQHXjSCt&amp;s=1&#8243; target=_blank&gt;<b style=\"mso-bidi-font-weight: normal;\"><span style=\"line-height: 115%; font-family: 'Arial','sans-serif'; color: windowtext; font-size: 14pt; text-decoration: none; text-underline: none;\"><a href=\"http:\/\/www.vascainosunidos.com.br\">www.vascainosunidos.com.br<\/a><\/span><\/b><b style=\"mso-bidi-font-weight: normal;\"><span style=\"line-height: 115%; font-family: 'Arial','sans-serif'; font-size: 14pt;\">) E VASCOLINA (<\/span><\/b><a href=\"http:\/\/www.vascolina.tk\/\" target=\"_blank\"><b style=\"mso-bidi-font-weight: normal;\"><\/b><\/a><b style=\"mso-bidi-font-weight: normal;\"><a href=\"http:\/\/www.vascolina.tk\">www.vascolina.tk<\/a><\/b><b style=\"mso-bidi-font-weight: normal;\"><span style=\"line-height: 115%; font-family: 'Arial','sans-serif'; font-size: 14pt;\">) TEM A OPINI\u00c3O DO JORNALISTA LUIZ CARLOS ROCHA. LEIAM! COMPARTILHEM E CURTAM!<br \/>\nVASCA\u00cdNOS UNIDOS JAMAIS SER\u00c3O VENCIDOS.<\/span><\/b><b style=\"mso-bidi-font-weight: normal;\"><\/b><\/p>\n<div>\n<div><\/div>\n<p>&nbsp;<\/p>\n<div><\/div>\n<p>&nbsp;<\/p>\n<div>\n<p>&nbsp;<\/p>\n<\/div>\n<\/div>\n<p>&nbsp;<\/p>\n<div id=\"RTEContent\">\n<div>\n<div>\n<div>\n<div align=\"center\">\n<div align=\"center\"><\/div>\n<p>&nbsp;<\/p>\n<\/div>\n<\/div>\n<\/div>\n<\/div>\n<\/div>\n<\/td>\n<\/tr>\n<\/tbody>\n<\/table>\n","protected":false},"excerpt":{"rendered":"<p>&nbsp; \u00a0\u00a0\u00a0\u00a0\u00a0\u00a0\u00a0\u00a0\u00a0 Na estr\u00e9ia do Campeonato Brasileiro o Vasco recebeu a Portuguesa, em S\u00e3o Janu\u00e1rio&#8230;<\/p>\n","protected":false},"author":7,"featured_media":58,"comment_status":"open","ping_status":"closed","sticky":false,"template":"","format":"standard","meta":{"footnotes":""},"categories":[4],"tags":[],"class_list":["post-342","post","type-post","status-publish","format-standard","has-post-thumbnail","hentry","category-luizcarlosrocha"],"_links":{"self":[{"href":"https:\/\/webvasco.com\/artigos\/wp-json\/wp\/v2\/posts\/342","targetHints":{"allow":["GET"]}}],"collection":[{"href":"https:\/\/webvasco.com\/artigos\/wp-json\/wp\/v2\/posts"}],"about":[{"href":"https:\/\/webvasco.com\/artigos\/wp-json\/wp\/v2\/types\/post"}],"author":[{"embeddable":true,"href":"https:\/\/webvasco.com\/artigos\/wp-json\/wp\/v2\/users\/7"}],"replies":[{"embeddable":true,"href":"https:\/\/webvasco.com\/artigos\/wp-json\/wp\/v2\/comments?post=342"}],"version-history":[{"count":2,"href":"https:\/\/webvasco.com\/artigos\/wp-json\/wp\/v2\/posts\/342\/revisions"}],"predecessor-version":[{"id":344,"href":"https:\/\/webvasco.com\/artigos\/wp-json\/wp\/v2\/posts\/342\/revisions\/344"}],"wp:featuredmedia":[{"embeddable":true,"href":"https:\/\/webvasco.com\/artigos\/wp-json\/wp\/v2\/media\/58"}],"wp:attachment":[{"href":"https:\/\/webvasco.com\/artigos\/wp-json\/wp\/v2\/media?parent=342"}],"wp:term":[{"taxonomy":"category","embeddable":true,"href":"https:\/\/webvasco.com\/artigos\/wp-json\/wp\/v2\/categories?post=342"},{"taxonomy":"post_tag","embeddable":true,"href":"https:\/\/webvasco.com\/artigos\/wp-json\/wp\/v2\/tags?post=342"}],"curies":[{"name":"wp","href":"https:\/\/api.w.org\/{rel}","templated":true}]}}