{"id":345,"date":"2013-05-30T00:14:38","date_gmt":"2013-05-30T03:14:38","guid":{"rendered":"http:\/\/webvasco.com\/artigos\/?p=345"},"modified":"2013-05-30T09:54:20","modified_gmt":"2013-05-30T12:54:20","slug":"vascano-vai-torcer-para-so-paulo","status":"publish","type":"post","link":"https:\/\/webvasco.com\/artigos\/colunistas\/luizcarlosrocha\/vascano-vai-torcer-para-so-paulo\/","title":{"rendered":"VASCA&Iacute;NO VAI TORCER PARA S&Atilde;O PAULO!"},"content":{"rendered":"<table border=\"0\" cellspacing=\"0\" cellpadding=\"0\">\n<tbody>\n<tr>\n<td style=\"font: inherit;\" valign=\"top\">\n<p class=\"MsoNormal\" style=\"text-align: justify; margin: 0cm 0cm 10pt;\"><span style=\"font-size: 14pt; font-family: 'Arial','sans-serif'; line-height: 115%;\">\u00a0\u00a0\u00a0\u00a0\u00a0\u00a0\u00a0 Depois do vexame de hoje, quando o Vasco da Gama foi massacrado por 5 a 1 pelo S\u00e3o Paulo Futebol Clube, no Morumbi, em partida v\u00e1lida pela Segunda Rodada do Campeonato Brasileiro, o torcedor vasca\u00edno precisa mesmo torcer para o S\u00e3o Paulo, S\u00e3o Jorge (que \u00e9 guerreiro), S\u00e3o Judas Tadeu (esse n\u00e3o poder\u00e1 faltar, pois \u00e9 o santo das causas imposs\u00edveis), S\u00e3o Miguel (para julgar os cartolas do clube) S\u00e3o Longuinho (para fazer reaparecer as vit\u00f3rias, bem como os gols)&#8230;<\/span><\/p>\n<p class=\"MsoNormal\" style=\"text-align: justify; margin: 0cm 0cm 10pt;\"><span style=\"font-size: 14pt; font-family: 'Arial','sans-serif'; line-height: 115%;\"><span style=\"mso-tab-count: 1;\">\u00a0\u00a0\u00a0\u00a0\u00a0\u00a0\u00a0\u00a0 <\/span>Tamb\u00e9m n\u00e3o poderemos esquecer de Santa Luzia (para abrir os olhos da torcida a fim de n\u00e3o acreditar nesse time vagabundo!), S\u00e3o Francisco de Assis (para que coloque o Animal para jogar novamente, esse al\u00e9m de craque tem o cora\u00e7\u00e3o vasca\u00edno), S\u00e3o Nicolau (porque s\u00f3 acreditando em Papai Noel o Vasco ser\u00e1 campe\u00e3o!), S\u00e3o Jo\u00e3o ( a fim de batizar na Baia de Guanabara os poucos atletas que merecem vestir o manto sagrado, os demais dever\u00e3o ser afogados) e tantas outras entidades celestiais.<\/span><\/p>\n<p class=\"MsoNormal\" style=\"text-align: justify; margin: 0cm 0cm 10pt;\"><span style=\"font-size: 14pt; font-family: 'Arial','sans-serif'; line-height: 115%;\"><span style=\"mso-tab-count: 1;\">\u00a0\u00a0\u00a0\u00a0\u00a0\u00a0\u00a0\u00a0 <\/span>Na verdade o que o Gigante da Colina precisa \u00e9 que chegue logo o momento das elei\u00e7\u00f5es do clube, para que os s\u00f3cios possam banir Roberto Bombinha do clube com o instrumento de maior poder: o voto! Se o torcedor vasca\u00edno tiver consci\u00eancia e lembran\u00e7a Bombinha n\u00e3o s\u00f3 perder\u00e1 a reelei\u00e7\u00e3o para presidente do Vasco da Gama, como tamb\u00e9m nunca mais ter\u00e1 a oportunidade de Roberto ter um cargo pol\u00edtico, seja ele qual for! <\/span><\/p>\n<p class=\"MsoNormal\" style=\"text-align: justify; margin: 0cm 0cm 10pt;\"><span style=\"font-size: 14pt; font-family: 'Arial','sans-serif'; line-height: 115%;\"><span style=\"mso-tab-count: 1;\">\u00a0\u00a0\u00a0\u00a0\u00a0\u00a0\u00a0\u00a0 <\/span>Roberto Bombinha est\u00e1 destruindo o Vasco! Acho que o momento delicado que o clube atravessa se deve a administra\u00e7\u00f5es amadoras que vem de muitos anos. Mas se agravou muito na era Roberto Bombinha.<span style=\"mso-spacerun: yes;\">\u00a0 <\/span>Os que amam verdadeiramente o Vasco, independente de posi\u00e7\u00e3o ou ideologia pol\u00edtica dever\u00e3o ter a atitude da uni\u00e3o. Somente somando for\u00e7as o Vasco poder\u00e1 sair da crise, ou seja, do fundo do po\u00e7o. A situa\u00e7\u00e3o futebol\u00edstica chegou a tal ponto que \u00e9 preciso oposi\u00e7\u00e3o e situa\u00e7\u00e3o se unirem em prol de uma institui\u00e7\u00e3o centen\u00e1ria, que se algo n\u00e3o for feito de imediato poder\u00e1 se apequenar ainda mais em poucos anos. Ou mesmo se tornar um Am\u00e9rica da vida! Ap\u00f3s a partida\u00a0de s\u00e1bado, contra a Portuguesa, na qual ganhamos apertado de apenas 1 a 0, eu escrevi que nossa estr\u00e9ia seria hoje. Inauguramos mal! Se Bombinha deseja ver o Vasco na Segunda Divis\u00e3o em pleno ano da Copa do Mundo no Brasil est\u00e1 no caminho certo! Est\u00e1 dado o recado.<\/span><\/p>\n<p class=\"MsoNormal\" style=\"text-align: justify; margin: 0cm 0cm 10pt;\"><span style=\"font-size: 14pt; font-family: 'Arial','sans-serif'; line-height: 115%;\">\u00a0<\/span><\/p>\n<p class=\"MsoNormal\" style=\"text-align: justify; margin: 0cm 0cm 10pt;\"><span style=\"font-size: 14pt; font-family: 'Arial','sans-serif'; line-height: 115%;\">\u00a0<\/span><\/p>\n<p class=\"MsoNormal\" style=\"text-align: justify; margin: 0cm 0cm 10pt;\"><span style=\"font-size: 14pt; font-family: 'Arial','sans-serif'; line-height: 115%;\">\u00a0<\/span><\/p>\n<p class=\"MsoNormal\" style=\"text-align: justify; margin: 0cm 0cm 10pt;\"><b style=\"mso-bidi-font-weight: normal;\"><span style=\"font-size: 14pt; font-family: 'Arial','sans-serif'; line-height: 115%;\">AP\u00d3S AS TODAS AS PARTIDAS DO VASC\u00c3O EM MEU PERFIL DO FACEBOOK (QUEM QUISER RECEBER AS CR\u00d4NICAS DE PRIMEIRA M\u00c3O \u00c9 S\u00d3 ME ADICIONAR), E NOS SITES WEBVASCO (www.webvasco.com), E VASCA\u00cdNOS UNIDOS (www.vascainosunidos.com.br) TEM A OPINI\u00c3O DO JORNALISTA LUIZ CARLOS ROCHA. LEIAM! COMPARTILHEM E CURTAM! VASCA\u00cdNOS UNIDOS JAMAIS SER\u00c3O VENCIDOS.<\/span><\/b><\/p>\n<div>\n<div><\/div>\n<p>&nbsp;<\/p>\n<div><\/div>\n<p>&nbsp;<\/p>\n<div><\/div>\n<p>&nbsp;<\/p>\n<div><\/div>\n<p>&nbsp;<\/p>\n<div><\/div>\n<p>&nbsp;<\/p>\n<div><\/div>\n<p>&nbsp;<\/p>\n<div><\/div>\n<p>&nbsp;<\/p>\n<div>\n<p>&nbsp;<\/p>\n<\/div>\n<p>&nbsp;<\/p>\n<div><\/div>\n<p>&nbsp;<\/p>\n<div id=\"RTEContent\">\n<div>\n<div>\n<div>\n<div align=\"center\"><\/div>\n<p>&nbsp;<\/p>\n<div align=\"center\"><\/div>\n<\/div>\n<\/div>\n<\/div>\n<\/div>\n<\/div>\n<\/td>\n<\/tr>\n<\/tbody>\n<\/table>\n","protected":false},"excerpt":{"rendered":"<p>\u00a0\u00a0\u00a0\u00a0\u00a0\u00a0\u00a0 Depois do vexame de hoje, quando o Vasco da Gama foi massacrado por 5&#8230;<\/p>\n","protected":false},"author":7,"featured_media":58,"comment_status":"open","ping_status":"closed","sticky":false,"template":"","format":"standard","meta":{"footnotes":""},"categories":[4],"tags":[],"class_list":["post-345","post","type-post","status-publish","format-standard","has-post-thumbnail","hentry","category-luizcarlosrocha"],"_links":{"self":[{"href":"https:\/\/webvasco.com\/artigos\/wp-json\/wp\/v2\/posts\/345","targetHints":{"allow":["GET"]}}],"collection":[{"href":"https:\/\/webvasco.com\/artigos\/wp-json\/wp\/v2\/posts"}],"about":[{"href":"https:\/\/webvasco.com\/artigos\/wp-json\/wp\/v2\/types\/post"}],"author":[{"embeddable":true,"href":"https:\/\/webvasco.com\/artigos\/wp-json\/wp\/v2\/users\/7"}],"replies":[{"embeddable":true,"href":"https:\/\/webvasco.com\/artigos\/wp-json\/wp\/v2\/comments?post=345"}],"version-history":[{"count":2,"href":"https:\/\/webvasco.com\/artigos\/wp-json\/wp\/v2\/posts\/345\/revisions"}],"predecessor-version":[{"id":347,"href":"https:\/\/webvasco.com\/artigos\/wp-json\/wp\/v2\/posts\/345\/revisions\/347"}],"wp:featuredmedia":[{"embeddable":true,"href":"https:\/\/webvasco.com\/artigos\/wp-json\/wp\/v2\/media\/58"}],"wp:attachment":[{"href":"https:\/\/webvasco.com\/artigos\/wp-json\/wp\/v2\/media?parent=345"}],"wp:term":[{"taxonomy":"category","embeddable":true,"href":"https:\/\/webvasco.com\/artigos\/wp-json\/wp\/v2\/categories?post=345"},{"taxonomy":"post_tag","embeddable":true,"href":"https:\/\/webvasco.com\/artigos\/wp-json\/wp\/v2\/tags?post=345"}],"curies":[{"name":"wp","href":"https:\/\/api.w.org\/{rel}","templated":true}]}}