{"id":348,"date":"2013-06-01T23:31:01","date_gmt":"2013-06-02T02:31:01","guid":{"rendered":"http:\/\/webvasco.com\/artigos\/?p=348"},"modified":"2013-06-03T22:51:02","modified_gmt":"2013-06-04T01:51:02","slug":"o-pulso","status":"publish","type":"post","link":"https:\/\/webvasco.com\/artigos\/colunistas\/luizcarlosrocha\/o-pulso\/","title":{"rendered":"O PULSO!"},"content":{"rendered":"<table border=\"0\" cellspacing=\"0\" cellpadding=\"0\">\n<tbody>\n<tr>\n<td style=\"font: inherit;\" valign=\"top\">\n<p class=\"MsoNormal\" style=\"text-align: justify; margin: 0cm 0cm 10pt;\"><span style=\"font-size: 14pt; font-family: 'Arial','sans-serif'; line-height: 115%;\">\u00a0\u00a0\u00a0\u00a0\u00a0\u00a0\u00a0 A can\u00e7\u00e3o O PULSO da genial banda de rock Tit\u00e3s, definiu bem o atual momento do Vasco da Gama, em especial o dia de hoje, na derrota por 2 a 0, para o Vit\u00f3ria, no Barrad\u00e3o, quando Dinei marcou ambos os gols e acirrou ainda mais a crise cruzmaltina. Em tr\u00eas partidas, apenas uma vit\u00f3ria magra em S\u00e3o Janu\u00e1rio, um vexame na goleada de quarta-feira e hoje mais uma derrota em jogo v\u00e1lido pela Terceira Rodada do Campeonato Brasileiro!<\/span><\/p>\n<p class=\"MsoNormal\" style=\"text-align: justify; margin: 0cm 0cm 10pt;\"><span style=\"font-size: 14pt; font-family: 'Arial','sans-serif'; line-height: 115%;\"><span style=\"mso-tab-count: 1;\">\u00a0\u00a0\u00a0\u00a0\u00a0\u00a0\u00a0\u00a0 <\/span>O pulso ainda pulsa!<\/span><\/p>\n<p class=\"MsoNormal\" style=\"text-align: justify; margin: 0cm 0cm 10pt;\"><span style=\"font-size: 14pt; font-family: 'Arial','sans-serif'; line-height: 115%;\"><span style=\"mso-tab-count: 1;\">\u00a0\u00a0\u00a0\u00a0\u00a0\u00a0\u00a0\u00a0 <\/span>Desde que Roberto Bombinha assumiu a presid\u00eancia do clube foram derrotas, esc\u00e2ndalos, incompet\u00eancia, falsas promessas, corte de \u00e1gua, abandono do Parque Aqu\u00e1tico, sal\u00e1rios atrasados, patrocinadores sumindo, programa de s\u00f3cios falido, venda dos melhores jogadores, p\u00edfias contrata\u00e7\u00f5es&#8230;<\/span><\/p>\n<p class=\"MsoNormal\" style=\"text-align: justify; margin: 0cm 0cm 10pt;\"><span style=\"font-size: 14pt; font-family: 'Arial','sans-serif'; line-height: 115%;\"><span style=\"mso-tab-count: 1;\">\u00a0\u00a0\u00a0\u00a0\u00a0\u00a0\u00a0\u00a0 <\/span>E o pulso ainda pulsa!<\/span><\/p>\n<p class=\"MsoNormal\" style=\"text-align: justify; margin: 0cm 0cm 10pt;\"><span style=\"font-size: 14pt; font-family: 'Arial','sans-serif'; line-height: 115%;\"><span style=\"mso-tab-count: 1;\">\u00a0\u00a0\u00a0\u00a0\u00a0\u00a0\u00a0\u00a0 <\/span>A Gest\u00e3o Bombinha mant\u00e9m Ricardo Gomes e Ren\u00ea Sim\u00f5es com altos sal\u00e1rios, deixou escapar o melhor executivo de futebol do Brasil Rodrigo Caetano, manteve durante muito tempo Crist\u00f3v\u00e3o Borges fazendo experi\u00eancia futebol\u00edstica com um bom elenco e reluta em contratar jogadores pelo menos medianos para que o competente Paulo Autuori possa trabalhar&#8230;<\/span><\/p>\n<p class=\"MsoNormal\" style=\"text-align: justify; margin: 0cm 0cm 10pt;\"><span style=\"font-size: 14pt; font-family: 'Arial','sans-serif'; line-height: 115%;\"><span style=\"mso-tab-count: 1;\">\u00a0\u00a0\u00a0\u00a0\u00a0\u00a0\u00a0\u00a0 <\/span>E o corpo ainda \u00e9 pouco (neste caso o Vasco ainda \u00e9 forte)!<\/span><\/p>\n<p class=\"MsoNormal\" style=\"text-align: justify; margin: 0cm 0cm 10pt;\"><span style=\"font-size: 14pt; font-family: 'Arial','sans-serif'; line-height: 115%;\"><span style=\"mso-tab-count: 1;\">\u00a0\u00a0\u00a0\u00a0\u00a0\u00a0\u00a0\u00a0 <\/span>A verba da Eletrobr\u00e1s sempre saiu atrasada pelo fato do Vasco nunca ter a CND (Certid\u00e3o Negativa de D\u00e9bito) em rela\u00e7\u00e3o ao Governo, os patroc\u00ednios da Nike e da Nissan s\u00e3o pura utopia, perdemos o Rugby porque n\u00e3o cumprimos exig\u00eancias do COI (Comit\u00ea Ol\u00edmpico Internacional) dentro do prazo, as d\u00edvidas s\u00f3 aumentaram, o dinheiro com a venda de craques sumiu&#8230;<\/span><\/p>\n<p class=\"MsoNormal\" style=\"text-align: justify; margin: 0cm 0cm 10pt;\"><span style=\"font-size: 14pt; font-family: 'Arial','sans-serif'; line-height: 115%;\"><span style=\"mso-tab-count: 1;\">\u00a0\u00a0\u00a0\u00a0\u00a0\u00a0\u00a0\u00a0 <\/span>O pulso ainda pulsa! E o corpo ainda \u00e9 pouco! Ainda pulsa! Ainda \u00e9 pouco!<\/span><\/p>\n<p class=\"MsoNormal\" style=\"text-align: justify; margin: 0cm 0cm 10pt;\"><span style=\"font-size: 14pt; font-family: 'Arial','sans-serif'; line-height: 115%;\"><span style=\"mso-tab-count: 1;\">\u00a0\u00a0\u00a0\u00a0\u00a0\u00a0\u00a0\u00a0 <\/span>O Departamento Jur\u00eddico n\u00e3o ganha uma na Federa\u00e7\u00e3o de Futebol do Rio de Janeiro (FERJ), que dir\u00e1 na Confedera\u00e7\u00e3o Brasileira de Futebol (CBF), muito menos no Superior Tribunal de Justi\u00e7a Desportiva (STJD), O Departamento M\u00e9dico est\u00e1 mais doente do que os \u201cchinelinhos\u201d do plantel vasca\u00edno, O Departamento de Marketing n\u00e3o elabora nada para alavancar a imagem desgastada nos \u00faltimos 5 anos, o presidente \u00e9 mais do que um banana, \u00e9 uma Bombinha de festa junina, que n\u00e3o imp\u00f5e o menor respeito&#8230;<\/span><\/p>\n<p class=\"MsoNormal\" style=\"text-align: justify; margin: 0cm 0cm 10pt;\"><span style=\"font-size: 14pt; font-family: 'Arial','sans-serif'; line-height: 115%;\"><span style=\"mso-tab-count: 1;\">\u00a0\u00a0\u00a0\u00a0\u00a0\u00a0\u00a0\u00a0 <\/span>Pulso, pulso, pulso, pulso, assim&#8230;<\/span><\/p>\n<p class=\"MsoNormal\" style=\"text-align: justify; margin: 0cm 0cm 10pt;\"><span style=\"font-size: 14pt; font-family: 'Arial','sans-serif'; line-height: 115%;\"><span style=\"mso-tab-count: 1;\">\u00a0\u00a0\u00a0\u00a0\u00a0\u00a0\u00a0\u00a0 <\/span>Carlos Roberto de Oliveira est\u00e1 destruindo o Club de Regatas Vasco da Gama pouco a pouco. Mas o Gigante da Colina \u00e9 forte e est\u00e1 resistindo&#8230; <\/span><\/p>\n<p class=\"MsoNormal\" style=\"text-align: justify; margin: 0cm 0cm 10pt;\"><span style=\"font-size: 14pt; font-family: 'Arial','sans-serif'; line-height: 115%;\"><span style=\"mso-tab-count: 1;\">\u00a0\u00a0\u00a0\u00a0\u00a0\u00a0\u00a0\u00a0 <\/span>Que o time do Vasco \u00e9 fraco todos os torcedores j\u00e1 sabem. Que o treinador est\u00e1 tentando fazer milagre tamb\u00e9m. O que ficou evidente hoje foi a falta de atitude de Roberto Bombinha ao ver a arbitragem maldosamente invalidar dois gols leg\u00edtimos do Vasco \u2013 que nos levaria a virada e consequentemente a vit\u00f3ria \u2013 e n\u00e3o fez absolutamente nada!<\/span><\/p>\n<p class=\"MsoNormal\" style=\"text-align: justify; margin: 0cm 0cm 10pt;\"><span style=\"font-size: 14pt; font-family: 'Arial','sans-serif'; line-height: 115%;\"><span style=\"mso-tab-count: 1;\">\u00a0\u00a0\u00a0\u00a0\u00a0\u00a0\u00a0\u00a0 <\/span>O pulso ainda pulsa!<\/span><\/p>\n<p class=\"MsoNormal\" style=\"text-align: justify; margin: 0cm 0cm 10pt;\"><span style=\"font-size: 14pt; font-family: 'Arial','sans-serif'; line-height: 115%;\">\u00a0<\/span><\/p>\n<p class=\"MsoNormal\" style=\"text-align: justify; margin: 0cm 0cm 10pt;\"><b style=\"mso-bidi-font-weight: normal;\"><span style=\"font-size: 14pt; font-family: 'Arial','sans-serif'; line-height: 115%;\">AP\u00d3S AS TODAS AS PARTIDAS DO VASC\u00c3O EM MEU PERFIL DO FACEBOOK (QUEM QUISER RECEBER AS CR\u00d4NICAS DE PRIMEIRA M\u00c3O \u00c9 S\u00d3 ME ADICIONAR), E NOS SITES WEBVASCO (www.webvasco.com), E VASCA\u00cdNOS UNIDOS (www.vascainosunidos.com.br) TEM A OPINI\u00c3O DO JORNALISTA LUIZ CARLOS ROCHA. LEIAM! COMPARTILHEM E CURTAM! VASCA\u00cdNOS UNIDOS JAMAIS SER\u00c3O VENCIDOS.<\/span><\/b><\/p>\n<\/td>\n<\/tr>\n<\/tbody>\n<\/table>\n","protected":false},"excerpt":{"rendered":"<p>\u00a0\u00a0\u00a0\u00a0\u00a0\u00a0\u00a0 A can\u00e7\u00e3o O PULSO da genial banda de rock Tit\u00e3s, definiu bem o atual&#8230;<\/p>\n","protected":false},"author":7,"featured_media":58,"comment_status":"open","ping_status":"closed","sticky":false,"template":"","format":"standard","meta":{"footnotes":""},"categories":[4],"tags":[],"class_list":["post-348","post","type-post","status-publish","format-standard","has-post-thumbnail","hentry","category-luizcarlosrocha"],"_links":{"self":[{"href":"https:\/\/webvasco.com\/artigos\/wp-json\/wp\/v2\/posts\/348","targetHints":{"allow":["GET"]}}],"collection":[{"href":"https:\/\/webvasco.com\/artigos\/wp-json\/wp\/v2\/posts"}],"about":[{"href":"https:\/\/webvasco.com\/artigos\/wp-json\/wp\/v2\/types\/post"}],"author":[{"embeddable":true,"href":"https:\/\/webvasco.com\/artigos\/wp-json\/wp\/v2\/users\/7"}],"replies":[{"embeddable":true,"href":"https:\/\/webvasco.com\/artigos\/wp-json\/wp\/v2\/comments?post=348"}],"version-history":[{"count":3,"href":"https:\/\/webvasco.com\/artigos\/wp-json\/wp\/v2\/posts\/348\/revisions"}],"predecessor-version":[{"id":383,"href":"https:\/\/webvasco.com\/artigos\/wp-json\/wp\/v2\/posts\/348\/revisions\/383"}],"wp:featuredmedia":[{"embeddable":true,"href":"https:\/\/webvasco.com\/artigos\/wp-json\/wp\/v2\/media\/58"}],"wp:attachment":[{"href":"https:\/\/webvasco.com\/artigos\/wp-json\/wp\/v2\/media?parent=348"}],"wp:term":[{"taxonomy":"category","embeddable":true,"href":"https:\/\/webvasco.com\/artigos\/wp-json\/wp\/v2\/categories?post=348"},{"taxonomy":"post_tag","embeddable":true,"href":"https:\/\/webvasco.com\/artigos\/wp-json\/wp\/v2\/tags?post=348"}],"curies":[{"name":"wp","href":"https:\/\/api.w.org\/{rel}","templated":true}]}}