{"id":3484,"date":"2015-08-24T15:21:43","date_gmt":"2015-08-24T18:21:43","guid":{"rendered":"http:\/\/webvasco.com\/artigos\/?p=3484"},"modified":"2015-08-24T18:22:18","modified_gmt":"2015-08-24T21:22:18","slug":"o-que-voc-pensa-ser-o-vasco","status":"publish","type":"post","link":"https:\/\/webvasco.com\/artigos\/colunistas\/andrepedro\/o-que-voc-pensa-ser-o-vasco\/","title":{"rendered":"O que voc&ecirc; pensa ser o Vasco?"},"content":{"rendered":"<p>Amigos leitores,<\/p>\n<div dir=\"ltr\">\n<div>\n<p>A situa\u00e7\u00e3o do Vasco no Brasileir\u00e3o 2015 \u00e9 desesperadora. Como sair dela? Como evitar um novo rebaixamento? Dois rebaixamentos j\u00e1 eram inadmiss\u00edveis e sab\u00edamos que levaria anos para superar&#8230; Mas um terceiro em menos de 10 anos? O que fazer?<\/p>\n<p>&nbsp;<\/p>\n<p>Este artigo resume uma proposta de discuss\u00e3o que venho alimentando nas redes sociais que participo. Minha proposta de discuss\u00e3o \u00e9 algo que n\u00f3s, vasca\u00ednos, precisamos refletir e passar a discutir seriamente, sem preconceitos e com intelig\u00eancia: independente do lado partid\u00e1rio que voc\u00ea vasca\u00edno possua, seja a favor da atual administra\u00e7\u00e3o, seja contra ela, \u00e9 muito importante que passemos a entender de uma vez por todas que <b>respeito n\u00e3o se imp\u00f5e: se conquista!<\/b> Me permita explicar:<\/p>\n<p>&nbsp;<\/p>\n<p>Sem querer entrar na quest\u00e3o de ser favor\u00e1vel ou contra o Eurico, \u00e9 fato ineg\u00e1vel para todos que acompanham futebol, e em especial o Vasco, que ele (Eurico) sempre teve um &#8220;estilo&#8221; prepotente e beligerante. Isso \u00e9 ineg\u00e1vel e inclusive tido como positivo por muitos que o admiram. Existe uma frase famosa que diz que &#8220;se voc\u00ea n\u00e3o pode ser amado, que seja ent\u00e3o temido&#8221;&#8230; Analisando com mais profundidade essa frase, minha opini\u00e3o \u00e9 que essa afirma\u00e7\u00e3o trata-se de uma grande bobagem e, certamente, uma &#8220;desculpa&#8221; forjada por quem n\u00e3o sabe como ser amado, ou melhor ainda: Respeitado!<\/p>\n<p>&nbsp;<\/p>\n<p>E o que isso tem a ver com o Vasco? Tudo! Veja: Muitos afirmam que o Vasco hoje carece de uma boa administra\u00e7\u00e3o. Especialistas em futebol afirmam que o clube carece de um bom time. Eu afirmo que o clube carece mesmo \u00e9 de RESPEITO!<\/p>\n<p>&nbsp;<\/p>\n<p>Sim! <b>RESPEITO!<\/b>\u00a0Vou exemplificar: o time do Vasco no jogo de s\u00e1bado (22\/08\/2015) contra o Goi\u00e1s, na derrota por 3&#215;0, foi &#8220;garfado&#8221; por uma arbitragem tendenciosa, que removeu todas as chances de rea\u00e7\u00e3o com dois p\u00eanaltis que JAMAIS seriam marcados se fosse o Flamengo ou o Corinthians jogando, e dois jogadores que JAMAIS seriam expulsos se fossem desses dois clubes&#8230; <b>N\u00e3o estou entrando na discuss\u00e3o se foram marca\u00e7\u00f5es corretas ou n\u00e3o<\/b> &#8211; deixo isso para os especialistas, j\u00e1 que vi defensores de ambos os lados entre os comentaristas esportivos, nas redes sociais e entre meus amigos pr\u00f3ximos. Tamb\u00e9m creio ser \u00f3bvio que <b>a arbitragem n\u00e3o justifica a derrota<\/b>, pois o time do Vasco atualmente \u00e9 sofr\u00edvel. Mas tamb\u00e9m creio ser \u00f3bvio que pelo menos eles (jogadores do Vasco) entraram em campo com disposi\u00e7\u00e3o, e sabemos que <b>disposi\u00e7\u00e3o e um fator psicol\u00f3gico positivo fazem muita diferen\u00e7a no futebol<\/b>, por vezes superando at\u00e9 defici\u00eancias t\u00e9cnicas e t\u00e1ticas! Ora! Se o \u00e1rbitro destr\u00f3i o que poderia fazer uma diferen\u00e7a favor\u00e1vel ao Vasco durante o decorrer da partida, as consequ\u00eancias para o time s\u00e3o as piores poss\u00edveis&#8230; E foi o que vimos ontem&#8230;<\/p>\n<p>&nbsp;<\/p>\n<p>Mas ent\u00e3o vem a pergunta: <b>Por qu\u00ea o arbitro apitou de forma tendenciosa?<\/b>\u00a0Foi algo intencional?<\/p>\n<p>&nbsp;<\/p>\n<p>Eu creio que n\u00e3o! Para mim, foi algo que vai al\u00e9m de algo que possamos dizer que foi intencional.<\/p>\n<p>&nbsp;<\/p>\n<p>Voltemos ent\u00e3o a uma das palavras chave deste artigo: <b>RESPEITO<\/b>! Nosso clube hoje vive uma crise muito maior do que a maioria dos torcedores pode imaginar&#8230; Vivemos uma grave e profunda crise de respeito! Como eu disse acima, &#8220;Respeito n\u00e3o se imp\u00f5e! Se conquista!&#8221;. E como se faz essa conquista?<\/p>\n<p>&nbsp;<\/p>\n<p>Minha forma\u00e7\u00e3o e meus estudos sobre o assunto me deixam claro que respeito s\u00f3 se solidifica na mente das pessoas atrav\u00e9s de a\u00e7\u00f5es positivas&#8230; Jamais por a\u00e7\u00f5es delet\u00e9rias! <b>A\u00e7\u00f5es firmes, mas positivas<\/b>, fazem com que <b>tanto seus seguidores como seus inimigos te respeitarem<\/b>. <b>A\u00e7\u00f5es delet\u00e9rias, ditatoriais, prepotentes ou agressivas<\/b> fazem somente com que <b>seus seguidores tenham medo de voc\u00ea e que seus inimigos te odeiem<\/b>. N\u00e3o h\u00e1 uma situa\u00e7\u00e3o de respeito neste \u00faltimo caso! Pode at\u00e9 surgir uma situa\u00e7\u00e3o de &#8220;idolatria&#8221;, mas respeito \u00e9 algo muito diferenciado de idolatria. Hitler, por exemplo, foi idolatrado, mas nunca respeitado &#8211; ele se imp\u00f4s pela for\u00e7a e pelo \u00f3dio comum que seus seguidores sentiam. Gandhi, ao contr\u00e1rio, foi respeitado tanto pelos seus seguidores como por seus inimigos, com posicionamentos firmes e convic\u00e7\u00e3o inabal\u00e1vel, sem o uso de a\u00e7\u00f5es negativas ou delet\u00e9rias. Citei dois extremos muito fortes, mas apenas para ilustrar de forma inequ\u00edvoca o que estou tentando explicar.<\/p>\n<p>&nbsp;<\/p>\n<p>Mas quero ir um pouco al\u00e9m&#8230;.<\/p>\n<p>&nbsp;<\/p>\n<p>O Vasco sofre de uma crise que se estende por mais de uma d\u00e9cada, com administra\u00e7\u00f5es que n\u00e3o entenderam que <b>o Vasco \u00e9 uma MARCA<\/b>, e que <b>esta marca possui um valor agregado<\/b>!<\/p>\n<p>&nbsp;<\/p>\n<p>Zamenhof afirmava que sua cria\u00e7\u00e3o no s\u00e9culo XIX, a L\u00edngua Internacional, possu\u00eda uma &#8220;<b>Ideia Interna<\/b>&#8220;. Podemos afirmar sem sombra de d\u00favida que o Vasco tamb\u00e9m possui algo parecido! A <b>Ideia Interna<\/b>\u00a0do Vasco \u00e9 de dif\u00edcil condensa\u00e7\u00e3o em poucas linhas, mas, de forma resumida, podemos afirmar alguns pontos: O primeiro \u00e9 que somos uma institui\u00e7\u00e3o que n\u00e3o se alia ao sistema imposto pela classe e\/ou institui\u00e7\u00f5es dominantes &#8211; sempre fomos firmes em seguir nosso destino. O segundo, e que se alinha com o primeiro \u00e9 que o Vasco n\u00e3o possui preconceitos, sejam eles de religi\u00e3o, classe social, cor da pele ou qualquer outro tipo. O terceiro, e n\u00e3o menos importante, \u00e9 a qualidade que nos obrigamos a ter que alcan\u00e7ar para nos impormos perante nossos rivais, seja pelos nossos atletas diferenciados, seja pelo nosso patrim\u00f4nio que foi conseguido a custa de muito suor e uni\u00e3o dos s\u00f3cios, seja pela forma como administramos o clube, que foi considerada pioneira durante a maior parte do s\u00e9culo XX. Nossa hist\u00f3ria de gl\u00f3rias foi marcada por compet\u00eancia! N\u00e3o podemos manchar essa hist\u00f3ria!<\/p>\n<p>&nbsp;<\/p>\n<p>Os tr\u00eas pontos acima possuem uma coisa em comum: <b>N\u00e3o precisamos em momento algum &#8220;brigar&#8221; contra o &#8220;sistema&#8221;<\/b>. Ao contr\u00e1rio: Nossas a\u00e7\u00f5es firmes, sem ceder um mil\u00edmetro, se impuseram pelo exemplo e isso gerou respeito, n\u00e3o apenas pelos vasca\u00ednos, como tamb\u00e9m pelos advers\u00e1rios! Cito como exemplo a famosa &#8220;Resposta Hist\u00f3rica&#8221; de 1924, onde reproduzo um trecho fant\u00e1stico de como fazer a coisa certa:<\/p>\n<p>&nbsp;<\/p>\n<p>&#8220;<i>Estamos certos de que Vossa Excel\u00eancia ser\u00e1 o primeiro a reconhecer que seria um ato pouco digno de nossa parte sacrificar, ao desejo de filiar-se \u00e0 Amea, alguns dos que lutaram para que tiv\u00e9ssemos, entre outras vit\u00f3rias, a do Campeonato de Futebol da Cidade do Rio de Janeiro de 1923 (&#8230;) Nestes termos, sentimos ter de comunicar a Vossa Excel\u00eancia que desistimos de fazer parte da AMEA<\/i>&#8220;.<\/p>\n<p>&nbsp;<\/p>\n<p>O Vasco n\u00e3o foi agressivo, prepotente e nem arrogante. Foi FIRME! Apenas isso! Respeito n\u00e3o se imp\u00f5e! Se conquista, com firmeza de car\u00e1ter!<\/p>\n<p>&nbsp;<\/p>\n<p>E por que estou chamando isto a aten\u00e7\u00e3o? Porque essa <b>Ideia Interna<\/b>\u00a0est\u00e1 sendo esquecida e deixada no passado, gra\u00e7as a anos e anos de administra\u00e7\u00f5es que n\u00e3o se importaram com isso. Uma prova disso? Responda sem pestanejar: Qual administra\u00e7\u00e3o nas \u00faltimas d\u00e9cadas podemos afirmar que trabalhou os conceitos acima expostos, seja em a\u00e7\u00f5es administrativas, seja em a\u00e7\u00f5es de marketing, de forma clara e inequ\u00edvoca para os s\u00f3cios e fans do Clube de Regatas Vasco da Gama, de modo a que essa Ideia Interna tenha se solidificado em nossa mem\u00f3ria?<\/p>\n<p>&nbsp;<\/p>\n<p>Quanto teremos que voltar muito no tempo para responder essa pergunta?<\/p>\n<p>&nbsp;<\/p>\n<p>Para se fazer algo novo, n\u00e3o se pode continuar fazendo o que est\u00e1 acostumado a fazer. <b>O Vasco precisa de algo novo, pois do jeito que est\u00e1 o clube se tornou invi\u00e1vel<\/b>. N\u00e3o estou afirmando que devemos tirar a administra\u00e7\u00e3o atual (Eurico) do poder no Vasco! Retirar ele para colocar outro administrador que nos conduza ao mesmo lugar que estamos n\u00e3o resolver\u00e1! Estou falando de algo muito mais profundo! O Eurico \u00e9 o menor dos problemas e um reflexo apenas do pensamento que o colocou no poder&#8230; \u00c9 preciso mudar a forma de pensar e administrar o Vasco para se adequar \u00e0 &#8220;ideia interna&#8221; que nossa institui\u00e7\u00e3o possui. Precisamos (todos que est\u00e3o lendo este artigo, n\u00e3o apenas torcedores, mas tamb\u00e9m os s\u00f3cios do clube), compreender que o Vasco n\u00e3o pode mais continuar com esse tipo de administra\u00e7\u00e3o que tivemos nas \u00faltimas d\u00e9cadas. Precisamos resgatar nossa <b>Ideia Interna<\/b>. E para fazer isso, <b>n\u00e3o d\u00e1 mais para repetir os erros que estamos cometendo h\u00e1 anos<\/b>! Precisamos de algo novo! Precisamos mudar! Chega de pensar pequeno! O Vasco n\u00e3o suporta mais e precisa resgatar o que ele foi no s\u00e9culo XX e o que nossos antepassados fizeram pelo clube! Se eles conseguiram transformar um clube de remo local em uma pot\u00eancia esportiva a n\u00edvel internacional, n\u00e3o foi mero acaso! Eles tamb\u00e9m buscaram o novo, o pioneiro, para a \u00e9poca em que viveram! Eles pensaram grande!<\/p>\n<\/div>\n<\/div>\n<div><\/div>\n<div>\n<figure id=\"attachment_3494\" aria-describedby=\"caption-attachment-3494\" style=\"width: 300px\" class=\"wp-caption aligncenter\"><a href=\"https:\/\/webvasco.com\/artigos\/wp-content\/uploads\/2015\/08\/S\u00e3o-januario-decada-20.jpg\"><img loading=\"lazy\" decoding=\"async\" class=\"wp-image-3494 size-medium\" src=\"https:\/\/webvasco.com\/artigos\/wp-content\/uploads\/2015\/08\/S\u00e3o-januario-decada-20-300x210.jpg\" alt=\"Est\u00e1dio de S\u00e3o Janu\u00e1rio logo ap\u00f3s sua inaugura\u00e7\u00e3o. Ainda n\u00e3o havia a curva que forma o &quot;U&quot; caracter\u00edstico do Est\u00e1dio.\" width=\"300\" height=\"210\" srcset=\"https:\/\/webvasco.com\/artigos\/wp-content\/uploads\/2015\/08\/S\u00e3o-januario-decada-20-300x210.jpg 300w, https:\/\/webvasco.com\/artigos\/wp-content\/uploads\/2015\/08\/S\u00e3o-januario-decada-20-150x105.jpg 150w, https:\/\/webvasco.com\/artigos\/wp-content\/uploads\/2015\/08\/S\u00e3o-januario-decada-20.jpg 772w\" sizes=\"auto, (max-width: 300px) 100vw, 300px\" \/><\/a><figcaption id=\"caption-attachment-3494\" class=\"wp-caption-text\">Est\u00e1dio de S\u00e3o Janu\u00e1rio logo ap\u00f3s sua inaugura\u00e7\u00e3o. Ainda n\u00e3o havia a curva que forma o &#8220;U&#8221; caracter\u00edstico do Est\u00e1dio.<\/figcaption><\/figure>\n<\/div>\n<div><\/div>\n<div>Que esse (prov\u00e1vel) rebaixamento em 2015 seja ent\u00e3o um divisor de \u00e1guas na mentalidade da Na\u00e7\u00e3o Vasca\u00edna! E que, se o Vasco conseguir se livrar do rebaixamento (o que todos n\u00f3s torcemos fervorosamente), que ao menos esse tormento que n\u00f3s estamos passando n\u00e3o seja esquecido ao final do campeonato e que tamb\u00e9m se torne um divisor de \u00e1guas, pois n\u00e3o podemos continuar vivendo do &#8220;quase&#8221;! <b>O Vasco foi concebido, constru\u00eddo e destinado para as gl\u00f3rias!<\/b> Jamais para se apequenar e se contentar com pouco&#8230;<\/div>\n<div><\/div>\n<div>Amigo vasca\u00edno! Pense nisto! <b>O futuro do clube n\u00e3o est\u00e1 em pessoas<\/b>, sejam elas da atual administra\u00e7\u00e3o, sejam elas da oposi\u00e7\u00e3o! O futuro do Vasco como institui\u00e7\u00e3o est\u00e1 em como poderemos resgatar essa <b>Ideia Interna do Vasco<\/b>. Esse \u00e9 o caminho. Pessoas qualificadas o clube tem em profus\u00e3o! Mas \u00e9 preciso dar um norte \u00e0s ideias daqueles que ir\u00e3o administrar nosso clube! Um novo rumo, moderno, sensato e eficiente, tal como nossos antepassados fizeram! E ele ter\u00e1 que ser trilhado o mais r\u00e1pido poss\u00edvel, ou n\u00e3o teremos outro destino que n\u00e3o seja o desaparecimento.<\/div>\n<div><\/div>\n<div>Sauda\u00e7\u00f5es Vasca\u00ednas!<\/div>\n<p>&nbsp;<\/p>\n","protected":false},"excerpt":{"rendered":"<p>Amigos leitores, A situa\u00e7\u00e3o do Vasco no Brasileir\u00e3o 2015 \u00e9 desesperadora. Como sair dela? Como&#8230;<\/p>\n","protected":false},"author":5,"featured_media":3485,"comment_status":"open","ping_status":"closed","sticky":false,"template":"","format":"standard","meta":{"footnotes":""},"categories":[2],"tags":[],"class_list":["post-3484","post","type-post","status-publish","format-standard","has-post-thumbnail","hentry","category-andrepedro"],"_links":{"self":[{"href":"https:\/\/webvasco.com\/artigos\/wp-json\/wp\/v2\/posts\/3484","targetHints":{"allow":["GET"]}}],"collection":[{"href":"https:\/\/webvasco.com\/artigos\/wp-json\/wp\/v2\/posts"}],"about":[{"href":"https:\/\/webvasco.com\/artigos\/wp-json\/wp\/v2\/types\/post"}],"author":[{"embeddable":true,"href":"https:\/\/webvasco.com\/artigos\/wp-json\/wp\/v2\/users\/5"}],"replies":[{"embeddable":true,"href":"https:\/\/webvasco.com\/artigos\/wp-json\/wp\/v2\/comments?post=3484"}],"version-history":[{"count":6,"href":"https:\/\/webvasco.com\/artigos\/wp-json\/wp\/v2\/posts\/3484\/revisions"}],"predecessor-version":[{"id":3504,"href":"https:\/\/webvasco.com\/artigos\/wp-json\/wp\/v2\/posts\/3484\/revisions\/3504"}],"wp:featuredmedia":[{"embeddable":true,"href":"https:\/\/webvasco.com\/artigos\/wp-json\/wp\/v2\/media\/3485"}],"wp:attachment":[{"href":"https:\/\/webvasco.com\/artigos\/wp-json\/wp\/v2\/media?parent=3484"}],"wp:term":[{"taxonomy":"category","embeddable":true,"href":"https:\/\/webvasco.com\/artigos\/wp-json\/wp\/v2\/categories?post=3484"},{"taxonomy":"post_tag","embeddable":true,"href":"https:\/\/webvasco.com\/artigos\/wp-json\/wp\/v2\/tags?post=3484"}],"curies":[{"name":"wp","href":"https:\/\/api.w.org\/{rel}","templated":true}]}}