{"id":3705,"date":"2015-08-27T23:14:29","date_gmt":"2015-08-28T02:14:29","guid":{"rendered":"http:\/\/webvasco.com\/artigos\/?p=3705"},"modified":"2015-08-27T23:16:56","modified_gmt":"2015-08-28T02:16:56","slug":"jogo-de-cartas-marcadas","status":"publish","type":"post","link":"https:\/\/webvasco.com\/artigos\/colunistas\/luizcarlosrocha\/jogo-de-cartas-marcadas\/","title":{"rendered":"JOGO DE CARTAS MARCADAS!"},"content":{"rendered":"<div>\n<div style=\"color:#000; background-color:#fff; font-family:HelveticaNeue-Light, Helvetica Neue Light, Helvetica Neue, Helvetica, Arial, Lucida Grande, sans-serif;font-size:32px\">\n<div class=\"\" style=\"text-align:justify;text-indent:35.4pt;tab-stops:111.0pt\"><span style=\"font-size:12.0pt;line-height:115%;font-family:&quot;Arial&quot;,&quot;sans-serif&quot;\" class=\"\">A  segunda partida, pelas Oitavas de Final, da Copa do Brasil, que definiu o  prosseguimento do Vasco da Gama e a elimina\u00e7\u00e3o dos Molambos, no Maracan\u00e3,  ontem, na qual o placar foi 1 a 1, certamente parecia um duelo de buraco (carteado  popular dos brasileiros).&nbsp; N\u00e3o tenho  nenhuma d\u00favida que foi um jogo de cartas marcadas! <o:p class=\"\"><\/o:p><\/span><\/div>\n<div class=\"\" style=\"text-align:justify;text-indent:35.4pt;tab-stops:111.0pt\" id=\"yui_3_16_0_1_1440727642835_2592\"><span style=\"font-size:12.0pt;line-height:115%;font-family:&quot;Arial&quot;,&quot;sans-serif&quot;\" class=\"\" id=\"yui_3_16_0_1_1440727642835_2591\">No  primeiro embate, Vasco venceu por 1 a 0, com gol de Jorge Henrique, o que deu a  vantagem para o segundo confronto, bastava um empate simples. Por\u00e9m, durante  toda a semana, atletas do Exclu\u00eddo cantaram de galo e achavam que fariam uma  canastra real, de \u00c1s a \u00c1s. Pobres coitados! Vale ressaltar, que j\u00e1 hav\u00edamos  derrotado aquele clube que n\u00e3o deve ser nomeado tr\u00eas vezes este ano (Carioca,  Brasileiro e primeira partida da Copa do Brasil).<o:p class=\"\"><\/o:p><\/span><\/div>\n<div class=\"\" style=\"text-align:justify;text-indent:35.4pt;tab-stops:111.0pt\" id=\"yui_3_16_0_1_1440727642835_2589\"><span style=\"font-size:12.0pt;line-height:115%;font-family:&quot;Arial&quot;,&quot;sans-serif&quot;\" class=\"\" id=\"yui_3_16_0_1_1440727642835_2588\">Come\u00e7ou  a guerra e a Imunda Torcida ecoava arrog\u00e2ncia nas arquibancadas. Logo aos cinco  minutos da etapa vestibular, um lance pol\u00eamico. Jorge pegou sobra de escanteio  e chutou cruzado. C\u00e9sar Martins, em claro impedimento, abriu as pernas antes de  a bola desviar em Madson e entrar no gol cruzmaltino. <o:p class=\"\"><\/o:p><\/span><\/div>\n<div class=\"\" style=\"text-align:justify;text-indent:35.4pt;tab-stops:111.0pt\" id=\"yui_3_16_0_1_1440727642835_2590\"><span style=\"font-size:12.0pt;line-height:115%;font-family:&quot;Arial&quot;,&quot;sans-serif&quot;\" class=\"\">O  auxiliar Guilherme Dias Camilo chegou de forma correta a anular o gol, mas o Coringa  rubro-negro, digo, \u00e1rbitro Wilton Pereira Sampaio confirmou numa clara demonstra\u00e7\u00e3o  que o principal atleta da G\u00e1vea sempre \u00e9 o homem de preto! A partir deste  momento as cartas eram colocadas uma a uma em prol da t\u00e3o sonhada canastra. <o:p class=\"\"><\/o:p><\/span><\/div>\n<div class=\"\" style=\"text-align:justify;text-indent:35.4pt;tab-stops:111.0pt\" id=\"yui_3_16_0_1_1440727642835_2557\"><span style=\"font-size:12.0pt;line-height:115%;font-family:&quot;Arial&quot;,&quot;sans-serif&quot;\" class=\"\" id=\"yui_3_16_0_1_1440727642835_2558\">No  intervalo come\u00e7aram a sujar o jogo!. Sujeira, roubo e \u201cframeng\u00fa\u201d s\u00e3o  redundantes. Mas a t\u00edtulo explicativo, segue a informa\u00e7\u00e3o. A biba nervosa, que  atende pelo apelido de Sheikira, perdeu a linha com seu \u201ccompanheiro\u201d de clube,  em alto e bom som, disse no microfone da emissora oficial dos Remelentos: \u201cUma  merda, esse \u00e1rbitro \u00e9 uma merda\u201d. &nbsp;Come\u00e7ava  a cair \u00e0 carta 11, ou seja, o Valete de Copas (pois cora\u00e7\u00e3ozinho \u00e9 bem a cara  do Emerson).<o:p class=\"\"><\/o:p><\/span><\/div>\n<div class=\"\" style=\"text-align:justify;text-indent:35.4pt;tab-stops:111.0pt\" id=\"yui_3_16_0_1_1440727642835_2555\"><span style=\"font-size:12.0pt;line-height:115%;font-family:&quot;Arial&quot;,&quot;sans-serif&quot;\" class=\"\" id=\"yui_3_16_0_1_1440727642835_2556\">A  carta 9, que ainda nem come sardinha no Rio de Janeiro, mas j\u00e1 arrota caviar,  afirmou que o timeco Sem Classe faria 3 a 0 no Vasc\u00e3o. Que pretens\u00e3o! Em 4  partidas n\u00e3o fizeram um gol sequer (at\u00e9 o gol de ontem, precisaram de n\u00f3s e do  juiz para ter no saldo), como poderiam em 90 minutos fazer 3 gols? Gayrrero vai  arrumar um trabalho meu filho!<o:p class=\"\"><\/o:p><\/span><\/div>\n<div class=\"\" style=\"text-align:justify;text-indent:35.4pt;tab-stops:111.0pt\" id=\"yui_3_16_0_1_1440727642835_2553\"><span style=\"font-size:12.0pt;line-height:115%;font-family:&quot;Arial&quot;,&quot;sans-serif&quot;\" class=\"\" id=\"yui_3_16_0_1_1440727642835_2554\">Aos  poucos o Gigante da Colina foi dominando a partida e mostrando que o Rei de Ouro  \u00e9 mesmo aquele que carrega a Cruz de Malta no peito. Nosso coringa \u00e9 limpo! Do  mesmo naipe. Estou me referindo a Imensa Torcida Bem Feliz que acreditou e  empurrou a equipe rumo ao triunfo! Que Beleza. O Vasco \u00e9 o time da Virada! \u00c9 o  time do Amor!<o:p class=\"\"><\/o:p><\/span><\/div>\n<div class=\"\" style=\"text-align:justify;text-indent:35.4pt;tab-stops:111.0pt\" id=\"yui_3_16_0_1_1440727642835_2551\"><span style=\"font-size:12.0pt;line-height:115%;font-family:&quot;Arial&quot;,&quot;sans-serif&quot;\" class=\"\" id=\"yui_3_16_0_1_1440727642835_2552\">At\u00e9  que aos, 34 minutos do tempo complementar, o apostador Jorginho promoveu a  entrada do Valete de Espada, Rafael Silva, que cortou bem as esperan\u00e7as do  inimigo e acabou com a canastra. Dois minutos depois, de cabe\u00e7a igualou o marcador  e garantiu n\u00e3o s\u00f3 a classifica\u00e7\u00e3o do time de S\u00e3o Janu\u00e1rio, mas tamb\u00e9m  sacramentou o caix\u00e3o dos Vermes. Naquele momento foi xeque-mate. Batemos e  ainda pegamos o morto!<o:p class=\"\"><\/o:p><\/span><\/div>\n<div class=\"\" style=\"text-align:justify;text-indent:35.4pt;tab-stops:111.0pt\" id=\"yui_3_16_0_1_1440727642835_2513\"><span style=\"font-size:12.0pt;line-height:115%;font-family:&quot;Arial&quot;,&quot;sans-serif&quot;\" class=\"\" id=\"yui_3_16_0_1_1440727642835_2514\">Agora  \u00e9 aguardar o sorteio, na pr\u00f3xima segunda-feira, dia 31, \u00e0s 11h para saber quem  ser\u00e1 a pr\u00f3xima v\u00edtima do Mach\u00e3o da Gama. Estamos torcendo para enfrentar a Dama  de Paus, digo, o Flormimense, pois sabemos que \u00e9 moleza. Afinal, futebol, segundo  dizem \u2013 nem acho, mas o Povo sim \u2013 \u00e9 para homem! &nbsp;Enquanto isso, de quebra, no s\u00e1bado, \u00e0s 18h30m,  ser\u00e1 a vez do Figueirense, no Maracan\u00e3, pelo Campeonato Brasileiro.<o:p class=\"\"><\/o:p><\/span><\/div>\n<div class=\"\" style=\"text-align:justify;text-indent:35.4pt;tab-stops:111.0pt\" id=\"yui_3_16_0_1_1440727642835_2512\"><b class=\"\"><u class=\"\"><span style=\"font-size:12.0pt;line-height:115%;font-family:&quot;Arial&quot;,&quot;sans-serif&quot;\" class=\"\">ELOGIOS:<\/span><\/u><\/b><span style=\"font-size:12.0pt;line-height:115%;font-family:&quot;Arial&quot;,&quot;sans-serif&quot;\" class=\"\"> Ao  final da partida que levou o Vasco para as Quartas de Final, pela Copa do  Brasil, eliminando o Povo do Gueto, liguei e passei mensagens para amigos  sofredores. Esp\u00edrito de competitividade, conhecimento futebol\u00edstico e,  sobretudo, educa\u00e7\u00e3o s\u00e3o para poucos. Boa parte sequer respondeu a brincadeira.  Alguns rabugentos deram as mais estupefatas desculpas para a derrota. Aceitar  com dignidade \u00e9 mais bonito e mais leal consigo, e principalmente com o  pr\u00f3ximo. Por\u00e9m, como em toda regra h\u00e1 exce\u00e7\u00e3o, os meus amigos Lohann Marques,  Douglas Alves de Oliveira, Rafaelle e Maycleison Rodrigues Silva foram  educad\u00edssimos, entenderam a import\u00e2ncia do esporte, entraram no clima da  goza\u00e7\u00e3o saud\u00e1vel e tenho a certeza que foram dormir muito mais leves. Parab\u00e9ns  a esse quarteto (de ouro) de amigos, que embora sejam flamenguistas s\u00e3o  inteligentes.<o:p class=\"\"><\/o:p><\/span><\/div>\n<div class=\"\" style=\"text-align:justify;text-indent:35.4pt;tab-stops:111.0pt\" id=\"yui_3_16_0_1_1440727642835_2511\"><span style=\"font-size:12.0pt;line-height:115%;font-family:&quot;Arial&quot;,&quot;sans-serif&quot;\" class=\"\"><o:p class=\"\">&nbsp;<\/o:p><\/span><\/div>\n<div class=\"\" style=\"text-align:justify;text-indent:35.4pt;tab-stops:111.0pt\" id=\"yui_3_16_0_1_1440727642835_2510\"><b class=\"\"><u class=\"\"><span style=\"font-size:20.0pt;line-height:115%;font-family:&quot;Arial&quot;,&quot;sans-serif&quot;\" class=\"\">DIVULGUEM ESSA COVARDIA:<\/span><\/u><\/b><span style=\"font-size:16.0pt;line-height:115%;font-family:&quot;Arial&quot;,&quot;sans-serif&quot;\" class=\"\"> GOSTARIA  DE PEDIR A TODOS OS MEUS AMIGOS E LEITORES QUE TIRASSE UM TEMPINHO PARA LER A  PETI\u00c7\u00c3O P\u00daBLICA, AO QUAL SEGUE ABAIXO O LINK. TAL DOCUMENTO REFERE-SE A <b class=\"\"><u class=\"\">UM ATO DE COVARDIA POR PARTE DA  VOLKSWAGEN DO BRASIL EM COAUTORIA DA ABOLI\u00c7\u00c3O VE\u00cdCULOS (GRUPO AB)<\/u><\/b>  CONTRA ESTE VELHO JORNALISTA. A REFERIDA CONCESSION\u00c1RIA EST\u00c1 ME LESANDO DESDE  FEVEREIRO DE 2013. MEU CARRO FOI BATIDO DENTRO DA OFICINA, FURTARAM ACESS\u00d3RIOS,  TEM PROBLEMAS CAUSADOS POR ELES, AL\u00c9M DE DEFEITOS DE FABRICA\u00c7\u00c3O. O CARRO 0 KM  COMPRADO POR MIM HOJE SE ENCONTRA NA OFICINA DA ABOLI\u00c7\u00c3O VE\u00cdCULOS (CENTRO DE  NITER\u00d3I) <b class=\"\"><u class=\"\">DESDE 10 DE JUNHO DE 2013<\/u><\/b>,  OU SEJA, H\u00c1 <b class=\"\"><u class=\"\">26 MESES, OU SEJA, 2 ANOS  E DOIS MESES.<\/u><\/b> <b class=\"\"><u class=\"\">TEM APENAS 729  KM RODADOS<\/u><\/b> PARA COMPROVAR O CALV\u00c1RIO TENHO DOCUMENTOS, GRAVA\u00c7\u00d5ES DE  AUDIO E V\u00cdDEO, MAIS DE 600 FOTOGRAFIAS E E-MAILS TROCADOS COM FUNCION\u00c1RIOS DO  BAIXO, M\u00c9DIO E ALTO ESCAL\u00c3O DA EMPRESA. POR FAVOR, ASSINEM O DOCUMENTO PARA QUE  OUTROS CONSUMIDORES N\u00c3O SEJAM LESADOS POR EMPRESAS DESTE N\u00cdVEL.&nbsp; <\/span><a href=\"https:\/\/secure.avaaz.org\/po\/petition\/Aos_Orgaos_de_Defesa_do_Consumidor_e_ao_Poder_Judiciario_JUSTICA_CONTRA_UMA_MARCA_E_SUA_REVENDERORA_QUE_DESCUMPREM_A_LEI\/?lJEcNfb&amp;pv=0\" class=\"\" id=\"yui_3_16_0_1_1440727642835_2509\"><span style=\"font-size:16.0pt;line-height:115%;font-family:&quot;Arial&quot;,&quot;sans-serif&quot;\" class=\"\" id=\"yui_3_16_0_1_1440727642835_2508\"><a href=\"https:\/\/secure.avaaz.org\/po\/petition\/Aos_Orgaos_de_Defesa_do_Consumidor_e_ao_Poder_Judiciario_JUSTICA_CONTRA_UMA_MARCA_E_SUA_REVENDERORA_QUE_DESCUMPREM_A_LEI\/?lJEcNfb&amp;pv=0\" >https:\/\/secure.avaaz.org\/po\/petition\/Aos_Orgaos_de_Defesa_do_Consumidor_e_ao_Poder_Judiciario_JUSTICA_CONTRA_UMA_MARCA_E_SUA_REVENDERORA_QUE_DESCUMPREM_A_LEI\/?lJEcNfb&amp;pv=0<\/a><\/span><\/a><span style=\"font-size:16.0pt;line-height:115%;font-family:&quot;Arial&quot;,&quot;sans-serif&quot;\" class=\"\"><o:p class=\"\"><\/o:p><\/span><\/div>\n<div class=\"\" style=\"text-align:justify;tab-stops:111.0pt\" id=\"yui_3_16_0_1_1440727642835_2507\"><span style=\"font-size:16.0pt;line-height:115%;font-family:&quot;Arial&quot;,&quot;sans-serif&quot;\" class=\"\"><o:p class=\"\">&nbsp;<\/o:p><\/span><\/div>\n<div class=\"\" style=\"text-align:justify;tab-stops:111.0pt\"><b class=\"\"><span style=\"font-size:16.0pt;line-height:115%;font-family:&quot;Arial&quot;,&quot;sans-serif&quot;\" class=\"\">&nbsp;&nbsp;&nbsp;&nbsp;&nbsp;&nbsp;&nbsp;&nbsp;&nbsp;&nbsp;&nbsp;&nbsp;&nbsp;&nbsp;&nbsp;&nbsp;&nbsp;&nbsp;&nbsp;&nbsp;&nbsp;&nbsp;&nbsp;&nbsp; &nbsp;&nbsp;&nbsp;&nbsp;&nbsp;&nbsp; <o:p class=\"\"><\/o:p><\/span><\/b><\/div>\n<div id=\"yui_3_16_0_1_1440727642835_2326\">                                                        <\/div>\n<div class=\"\" style=\"text-align:justify\" id=\"yui_3_16_0_1_1440727642835_2442\" dir=\"ltr\"><b id=\"yui_3_16_0_1_1440727642835_2441\" class=\"\"><span style=\"font-size:14.0pt;line-height:115%;font-family:&quot;Arial&quot;,&quot;sans-serif&quot;\" id=\"yui_3_16_0_1_1440727642835_2440\" class=\"\">AP\u00d3S  AS TODAS AS PARTIDAS DO VASC\u00c3O EM MEU PERFIL DO FACEBOOK (QUEM QUISER RECEBER  AS CR\u00d4NICAS DE PRIMEIRA M\u00c3O \u00c9 S\u00d3 ME ADICIONAR), E NOS SITES WEBVASCO  (www.webvasco.com), E VASCA\u00cdNOS UNIDOS (www.vascainosunidos.com.br) TEM A  OPINI\u00c3O DO JORNALISTA LUIZ CARLOS ROCHA. LEIAM! COMPARTILHEM E CURTAM!  VASCA\u00cdNOS UNIDOS JAMAIS SER\u00c3O VENCIDOS.<o:p class=\"\"><\/o:p><\/span><\/b><\/div>\n<div id=\"yui_3_16_0_1_1440727642835_2326\"><span><br \/><\/span><\/div>\n<div id=\"yui_3_16_0_1_1440727642835_2326\"><span><br \/><\/span><\/div>\n<div id=\"yui_3_16_0_1_1440727642835_2326\"><span><br \/><\/span><\/div>\n<div id=\"yui_3_16_0_1_1440727642835_2326\"><span><br \/><\/span><\/div>\n<div><\/div>\n<div id=\"yui_3_16_0_1_1440727642835_2422\">&nbsp;<\/div>\n<div class=\"signature\" id=\"yui_3_16_0_1_1440727642835_2333\">\n<div id=\"RTEContent\">\n<div id=\"yui_3_16_0_1_1440727642835_2332\">\n<div id=\"yui_3_16_0_1_1440727642835_2331\">\n<div id=\"yui_3_16_0_1_1440727642835_2330\">\n<div align=\"center\" id=\"yui_3_16_0_1_1440727642835_2399\"><\/div>\n<\/div>\n<\/div>\n<\/div>\n<\/div>\n<\/div>\n<\/div>\n<\/div>\n<p><\/p>\n","protected":false},"excerpt":{"rendered":"<p>A segunda partida, pelas Oitavas de Final, da Copa do Brasil, que definiu o prosseguimento&#8230;<\/p>\n","protected":false},"author":7,"featured_media":0,"comment_status":"open","ping_status":"closed","sticky":false,"template":"","format":"standard","meta":{"footnotes":""},"categories":[4],"tags":[],"class_list":["post-3705","post","type-post","status-publish","format-standard","hentry","category-luizcarlosrocha"],"_links":{"self":[{"href":"https:\/\/webvasco.com\/artigos\/wp-json\/wp\/v2\/posts\/3705","targetHints":{"allow":["GET"]}}],"collection":[{"href":"https:\/\/webvasco.com\/artigos\/wp-json\/wp\/v2\/posts"}],"about":[{"href":"https:\/\/webvasco.com\/artigos\/wp-json\/wp\/v2\/types\/post"}],"author":[{"embeddable":true,"href":"https:\/\/webvasco.com\/artigos\/wp-json\/wp\/v2\/users\/7"}],"replies":[{"embeddable":true,"href":"https:\/\/webvasco.com\/artigos\/wp-json\/wp\/v2\/comments?post=3705"}],"version-history":[{"count":0,"href":"https:\/\/webvasco.com\/artigos\/wp-json\/wp\/v2\/posts\/3705\/revisions"}],"wp:attachment":[{"href":"https:\/\/webvasco.com\/artigos\/wp-json\/wp\/v2\/media?parent=3705"}],"wp:term":[{"taxonomy":"category","embeddable":true,"href":"https:\/\/webvasco.com\/artigos\/wp-json\/wp\/v2\/categories?post=3705"},{"taxonomy":"post_tag","embeddable":true,"href":"https:\/\/webvasco.com\/artigos\/wp-json\/wp\/v2\/tags?post=3705"}],"curies":[{"name":"wp","href":"https:\/\/api.w.org\/{rel}","templated":true}]}}