{"id":373,"date":"2013-06-03T16:38:14","date_gmt":"2013-06-03T19:38:14","guid":{"rendered":"http:\/\/webvasco.com\/artigos\/?p=373"},"modified":"2013-06-03T17:09:38","modified_gmt":"2013-06-03T20:09:38","slug":"erro-ou-acerto-de-arbitragem","status":"publish","type":"post","link":"https:\/\/webvasco.com\/artigos\/colunistas\/andrepedro\/erro-ou-acerto-de-arbitragem\/","title":{"rendered":"&quot;Erro&quot; ou &quot;Acerto&quot; de Arbitragem?"},"content":{"rendered":"<div>\n<p><span>Amigos Vasca\u00ednos,<\/span><\/p>\n<p>Minhas \u00faltimas colunas tem tido uma const\u00e2ncia em falar repetidamente sobre erros de arbitragem. Confesso que<b> j\u00e1 estou cansado disso!<\/b> Mas a\u00ed vem a pergunta: <b>Ser\u00e1 que nossa diretoria tamb\u00e9m n\u00e3o est\u00e1 cansada?<\/b> <b>At\u00e9 quando ficaremos em sil\u00eancio perante tantos &#8220;erros&#8221; de arbitragem???<\/b> Ou seriam, na verdade, &#8220;acertos&#8221; de arbitragem? Ser\u00e1 que um dia teremos a resposta dessa pergunta?&#8230;<\/p>\n<p>No \u00faltimo jogo entre Vit\u00f3ria x Vasco, no dia 1\u00ba de junho de 2013, <b>o \u00e1rbitro Heber Roberto Lopes e seus auxiliares cometeram verdadeiras atrocidades contra o nosso clube<\/b>. Anularam 2 gols leg\u00edtimos do Vasco e deram um p\u00eanalti inexistente contra o Vasco. O placar deveria ter sido uma vit\u00f3ria fora de casa por 2&#215;1 deixando nosso clube na 5\u00aa coloca\u00e7\u00e3o do campeonato, mas o placar final foi uma derrota de 2&#215;0, deixando nosso clube amargando uma desconfort\u00e1vel 13\u00aa posi\u00e7\u00e3o, perto da zona de rebaixamento.<\/p>\n<p>Vou citar aqui apenas dois lances, at\u00e9 porque consegui recuperar fotos para exemplificar as falhas gritantes. No primeiro lance, o \u00e1rbitro d\u00e1 impedimento de Ten\u00f3rio, que <b>nem sonhando poderia ter participado do lance<\/b>, tamanha a velocidade do chute &#8211; no lance ele ainda tenta correr em dire\u00e7\u00e3o da bola mas n\u00e3o consegue &#8211; o goleiro cai na dire\u00e7\u00e3o oposta, pois o chute bateu antes na perna de um jogador do Vit\u00f3ria antes de ir para a rede &#8211; n\u00e3o h\u00e1 portanto d\u00favida se houve ou n\u00e3o participa\u00e7\u00e3o do Ten\u00f3rio na jogada. Mesmo assim, embora a foto n\u00e3o contemple o jogador do Vit\u00f3ria no canto esquerdo da foto, a sombra dele tamb\u00e9m n\u00e3o deixa d\u00favida que Ten\u00f3rio estava na mesma linha, o que foi confirmado pelas emissoras de televis\u00e3o. Vejam a foto:<\/p>\n<p><img loading=\"lazy\" decoding=\"async\" alt=\"\" src=\"https:\/\/webvasco.com\/artigos\/wp-content\/uploads\/2013\/06\/2013.05.01-impedimento1.png\" width=\"428\" height=\"246\" \/><\/p>\n<p>J\u00e1 no segundo lance, <b>Ten\u00f3rio \u00e9 o autor do gol em uma jogada que ele sai mais de um metro atr\u00e1s da linha de impedimento<\/b> (na foto abaixo, a bola j\u00e1 tinha sido lan\u00e7ada). Mesmo assim, <b>o bandeirinha n\u00e3o teve d\u00favida<\/b> e marcou impedimento de Ten\u00f3rio! Ser\u00e1 que precisa de &#8220;Tira-Teima&#8221; para este lance?<\/p>\n<p><img loading=\"lazy\" decoding=\"async\" alt=\"\" src=\"https:\/\/webvasco.com\/artigos\/wp-content\/uploads\/2013\/06\/2013.05.01-impedimento2.png\" width=\"436\" height=\"288\" \/><\/p>\n<p>O pior de tudo \u00e9 que <b>a FIFA determina<\/b> em sua publica\u00e7\u00e3o ofical &#8220;<b>Rules of the Game<\/b>&#8221; que, <b>na d\u00favida, a jogada deve prosseguir.<\/b> Ent\u00e3o deduz-se que <b>n\u00e3o houve d\u00favida<\/b> alguma nessa jogada <b>por parte do bandeirinha e do \u00e1rbitro<\/b>! Ele realmente tinha certeza de que era &#8220;impedimento&#8221;, pois, caso contr\u00e1rio, n\u00e3o marcaria!<\/p>\n<p>Ora, se <b>em dois lances de absoluta clareza a arbitragem anula dois gols leg\u00edtimos do Vasco<\/b>, imagine em um lance de <b>absoluta falta de clareza que foi o p\u00eanalti a favor do Vit\u00f3ria<\/b> em que ningu\u00e9m entendeu at\u00e9 agora o que foi que houve? <strong>\u00c9 claro<\/strong> que o juiz teve tamb\u00e9m <strong>certeza absoluta<\/strong> e marcou p\u00eanalti a favor do Vit\u00f3ria! <b>Estou impressionado com a clareza do \u00e1rbitro<\/b>&#8230;.<\/p>\n<p>O que fazer? Nada? Vamos deixar &#8220;barato&#8221; novamente? <b>Ren\u00ea Sim\u00f5es foi o \u00daNICO a falar at\u00e9 agora<\/b> e se limitou a dizer que <b>n\u00e3o adianta entrar com uma representa\u00e7\u00e3o contra o \u00e1rbitro<\/b>, mas que ele<b> iria falar<\/b> sobre o assunto com <b>o Conselho Arbitral<\/b>&#8230; Ser\u00e1 que isso resultar\u00e1 em algo concreto? At\u00e9 quando o nosso clube ficar\u00e1 ref\u00e9m das p\u00e9ssimas arbitragens que imperam no futebol brasileiro? <b>J\u00e1 perdemos um t\u00edtulo em 2011 por causa de erros de arbitragem<\/b>! E este ano em que temos um time muito fraco? <b>Seremos rebaixados por causa disso?<\/b> Espero que <b>esses 3 pontos contra o Vit\u00f3ria n\u00e3o fa\u00e7am falta l\u00e1 na frente<\/b>&#8230;<\/p>\n<p>Sauda\u00e7\u00f5es Vasca\u00ednas e que Deus nos ajude!<\/p>\n<p>Andr\u00e9 Pedro<\/p>\n<p>&nbsp;<\/p>\n<\/div>\n","protected":false},"excerpt":{"rendered":"<p>Amigos Vasca\u00ednos, Minhas \u00faltimas colunas tem tido uma const\u00e2ncia em falar repetidamente sobre erros de&#8230;<\/p>\n","protected":false},"author":5,"featured_media":376,"comment_status":"open","ping_status":"closed","sticky":false,"template":"","format":"standard","meta":{"footnotes":""},"categories":[2],"tags":[],"class_list":["post-373","post","type-post","status-publish","format-standard","has-post-thumbnail","hentry","category-andrepedro"],"_links":{"self":[{"href":"https:\/\/webvasco.com\/artigos\/wp-json\/wp\/v2\/posts\/373","targetHints":{"allow":["GET"]}}],"collection":[{"href":"https:\/\/webvasco.com\/artigos\/wp-json\/wp\/v2\/posts"}],"about":[{"href":"https:\/\/webvasco.com\/artigos\/wp-json\/wp\/v2\/types\/post"}],"author":[{"embeddable":true,"href":"https:\/\/webvasco.com\/artigos\/wp-json\/wp\/v2\/users\/5"}],"replies":[{"embeddable":true,"href":"https:\/\/webvasco.com\/artigos\/wp-json\/wp\/v2\/comments?post=373"}],"version-history":[{"count":4,"href":"https:\/\/webvasco.com\/artigos\/wp-json\/wp\/v2\/posts\/373\/revisions"}],"predecessor-version":[{"id":377,"href":"https:\/\/webvasco.com\/artigos\/wp-json\/wp\/v2\/posts\/373\/revisions\/377"}],"wp:featuredmedia":[{"embeddable":true,"href":"https:\/\/webvasco.com\/artigos\/wp-json\/wp\/v2\/media\/376"}],"wp:attachment":[{"href":"https:\/\/webvasco.com\/artigos\/wp-json\/wp\/v2\/media?parent=373"}],"wp:term":[{"taxonomy":"category","embeddable":true,"href":"https:\/\/webvasco.com\/artigos\/wp-json\/wp\/v2\/categories?post=373"},{"taxonomy":"post_tag","embeddable":true,"href":"https:\/\/webvasco.com\/artigos\/wp-json\/wp\/v2\/tags?post=373"}],"curies":[{"name":"wp","href":"https:\/\/api.w.org\/{rel}","templated":true}]}}