{"id":3745,"date":"2015-08-28T20:46:48","date_gmt":"2015-08-28T23:46:48","guid":{"rendered":"http:\/\/webvasco.com\/artigos\/?p=3745"},"modified":"2015-08-28T20:47:29","modified_gmt":"2015-08-28T23:47:29","slug":"coragem-e-onze-principais","status":"publish","type":"post","link":"https:\/\/webvasco.com\/artigos\/colunistas\/coragem-e-onze-principais\/","title":{"rendered":"Coragem e onze principais"},"content":{"rendered":"<p dir=\"ltr\">O descontrole psicol\u00f3gico \u00e9 somente um dos fatores que, dentro de campo, ajuda a justificar o p\u00e9ssimo rendimento do Vasco no certame brasileiro 2015. H\u00e1, evidente, outros aspectos a serem levados em conta &#8211; fora de campo em especial, mas o que chama aten\u00e7\u00e3o \u00e9 o pensamento derrotista com que esse time vem disputado seus jogos, principalmente ao tomar o primeiro gol do jogo. Nesse momento, tudo desaba e tal como nas antigas prorroga\u00e7\u00f5es por morte s\u00fabita, \u00e9 como se naquele instante o jogo estivesse, de fato, encerrado. Pois, psicologicamente, para o Vasco se encerra, infelizmente.<\/p>\n<p><\/p>\n<p dir=\"ltr\">Postura essa totalmente diferente do mesmo time na Copa do Brasil. O que se viu quarta-feira foi o inverso do que vem sido normal para o mesmo em pleno Brasileir\u00e3o. Talvez pela folga de um gol conquistada na primeira batida, e dali em diante a sensa\u00e7\u00e3o de que, mesmo tomando um gol, ainda assim o placar agregado estaria &#8211; como esteve &#8211; empatado. Prova dessa teoria poderia ser comprovada (ou n\u00e3o) se o advers\u00e1rio fizesse mais um gol, e dali em diante a necessidade de, a\u00ed sim, ter de buscar o empate no placar agregado dos dois jogos.<\/p>\n<p><\/p>\n<p dir=\"ltr\">Seja por qual motivo for, deve-se trabalhar a cabe\u00e7a ainda mais desse grupo nesses \u00faltimos dezoito jogos. Mostrar-lhes que uma partida possui noventa minutos, e n\u00e3o somente um gol. Fazer-lhes compreender que a maioria dos jogos \u00e9 decidido na meia hora final, ou muitas vezes at\u00e9 mesmo nos momentos finais. <\/p>\n<p><\/p>\n<p dir=\"ltr\">De frente \u00e0s urgentes necessidades de vit\u00f3ria, o que o Vasco menos precisa nesse momento \u00e9 de medo. H\u00e1 de se n\u00e3o deixar dominar por conta do medo de levar um gol e depois n\u00e3o ter for\u00e7as para reagir. Muito pelo contr\u00e1rio: a coragem demonstrada pelo time nos \u00faltimos dois jogos da Copa do Brasil \u00e9 que devem servir de refer\u00eancia para as pr\u00f3ximas dezoito decis\u00f5es. Numa sinergia com a torcida que ainda acredita, ir em busca das vitorias e, se preciso for, das viradas com a coragem referenciada. Pois se por um lado o medo do rebaixamento existe, por outro s\u00f3 a coragem e o desafio da supera\u00e7\u00e3o para iluminar o rumo de uma caravela \u00e0 beira do naufr\u00e1gio.<\/p>\n<p><\/p>\n<p dir=\"ltr\">********<\/p>\n<p><\/p>\n<p dir=\"ltr\">Uma das conquistas de Jorginho h\u00e1 poucos dias no clube foi a clara defini\u00e7\u00e3o dos onze principais, trazendo confian\u00e7a, seguran\u00e7a e minimizando os riscos antes causados pela instabilidade. Riscos esses assumidos pelas observ\u00e2ncias em torno das a\u00e7\u00f5es de Doriva e Celso Roth, logo a seguir.<\/p>\n<p><\/p>\n<p dir=\"ltr\">A estrutura em nomes \u00e9 semelhante e quase totalit\u00e1ria do time campe\u00e3o estadual. Se ainda falta qualidade, pelo menos h\u00e1 um m\u00ednimo de conjunto nessa forma\u00e7\u00e3o. Ainda assim, as entradas de Nen\u00ea e de Jorge Henrique d\u00e3o a perspectiva de um horizonte menos desanimador. <\/p>\n<p><\/p>\n<p dir=\"ltr\">Falta, no entanto, um homem-gol. Sente-se, agora, a falta que faz Gilberto, artilheiro do clube na temporada preterido por Celso Roth sob coniv\u00eancia da diretoria amadora. Resta-nos dois caminhos ao meu ver: efetivar e dar moral a Thalles, ou se buscar a solu\u00e7\u00e3o na s\u00e9rie B. Nesse segundo aspecto, fica como sugest\u00e3o o nome de Ronaldo, goleador de 24 anos do Ituano. Bom cabeceador e \u00e1vido por uma chance num clube grande. E que possui credenciais que o validam como aposta, ao contr\u00e1rio dos contratados Erick Lu\u00eds e Romarinho, por exemplo.<\/p>\n<p><\/p>\n","protected":false},"excerpt":{"rendered":"<p>O descontrole psicol\u00f3gico \u00e9 somente um dos fatores que, dentro de campo, ajuda a justificar&#8230;<\/p>\n","protected":false},"author":12,"featured_media":0,"comment_status":"open","ping_status":"closed","sticky":false,"template":"","format":"standard","meta":{"footnotes":""},"categories":[3],"tags":[],"class_list":["post-3745","post","type-post","status-publish","format-standard","hentry","category-colunistas"],"_links":{"self":[{"href":"https:\/\/webvasco.com\/artigos\/wp-json\/wp\/v2\/posts\/3745","targetHints":{"allow":["GET"]}}],"collection":[{"href":"https:\/\/webvasco.com\/artigos\/wp-json\/wp\/v2\/posts"}],"about":[{"href":"https:\/\/webvasco.com\/artigos\/wp-json\/wp\/v2\/types\/post"}],"author":[{"embeddable":true,"href":"https:\/\/webvasco.com\/artigos\/wp-json\/wp\/v2\/users\/12"}],"replies":[{"embeddable":true,"href":"https:\/\/webvasco.com\/artigos\/wp-json\/wp\/v2\/comments?post=3745"}],"version-history":[{"count":0,"href":"https:\/\/webvasco.com\/artigos\/wp-json\/wp\/v2\/posts\/3745\/revisions"}],"wp:attachment":[{"href":"https:\/\/webvasco.com\/artigos\/wp-json\/wp\/v2\/media?parent=3745"}],"wp:term":[{"taxonomy":"category","embeddable":true,"href":"https:\/\/webvasco.com\/artigos\/wp-json\/wp\/v2\/categories?post=3745"},{"taxonomy":"post_tag","embeddable":true,"href":"https:\/\/webvasco.com\/artigos\/wp-json\/wp\/v2\/tags?post=3745"}],"curies":[{"name":"wp","href":"https:\/\/api.w.org\/{rel}","templated":true}]}}