{"id":3800,"date":"2015-08-30T14:32:51","date_gmt":"2015-08-30T17:32:51","guid":{"rendered":"http:\/\/webvasco.com\/artigos\/?p=3800"},"modified":"2015-08-30T14:37:45","modified_gmt":"2015-08-30T17:37:45","slug":"artigo","status":"publish","type":"post","link":"https:\/\/webvasco.com\/artigos\/colunistas\/luizcarlosrocha\/artigo\/","title":{"rendered":"Artigo"},"content":{"rendered":"<div>\n<div style=\"color:#000; background-color:#fff; font-family:HelveticaNeue-Light, Helvetica Neue Light, Helvetica Neue, Helvetica, Arial, Lucida Grande, sans-serif;font-size:32px\">\n<div class=\"\" style=\"text-align:justify;text-indent:35.4pt;tab-stops:111.0pt\" id=\"yui_3_16_0_1_1440955784089_2559\"><span style=\"font-size:12.0pt;line-height:115%;font-family:&quot;Arial&quot;,&quot;sans-serif&quot;\" class=\"\" id=\"yui_3_16_0_1_1440955784089_2560\">Verme,  incompetente, p\u00edfio&#8230; Tantas palavras negativas poderiam definir o Vasco da  Gama na partida de ontem, na qual perdeu para o fraco Figueirense, por 1 a 0,  com gol de Marc\u00e3o, em pleno Maracan\u00e3, em partida v\u00e1lida pela 21\u00aa Rodada do  Campeonato Brasileiro. De nada adianta, pois temos a cartolagem mais sem  vergonha de todos os tempos. Dirigentes med\u00edocres que s\u00f3 exploram o clube,  sugando as suas \u00faltimas tetas. O presidente Dom Charuto cada vez mais desacreditado  por seu bl\u00e1, bl\u00e1, bl\u00e1 sem fundamento! O Pan\u00e7udo bem parecido com um sapo: l\u00edngua  in\u00fatil e grande, que s\u00f3 serve para papar moscas (todos sacaneiam o Cruzmaltino  e ele n\u00e3o faz porra nenhuma!), pernas curtas que s\u00f3 permitem saltos pequenos  para iludir momentaneamente o torcedor vasca\u00edno, olho grande (principal  caracter\u00edstica de sua soberba), quer sempre mais para si, pouco importa a  imagem centen\u00e1ria da institui\u00e7\u00e3o, e por fim gosta de viver na lama, talvez por  isso for o principal respons\u00e1vel pelo primeiro e o pr\u00f3ximo rebaixamento para a  Segunda Divis\u00e3o (com data marcada para 06 de dezembro, em Coritiba, diante do  Coxa). Na quarta, o Vasco visita o Inter, no Est\u00e1dio Beira-Rio, em Porto  Alegre, \u00e0s 19h30m.<o:p class=\"\"><\/o:p><\/span><\/div>\n<div class=\"\" style=\"text-align:justify;text-indent:35.4pt;tab-stops:111.0pt\" id=\"yui_3_16_0_1_1440955784089_2558\"><span style=\"font-size:12.0pt;line-height:115%;font-family:&quot;Arial&quot;,&quot;sans-serif&quot;\" class=\"\" id=\"yui_3_16_0_1_1440955784089_2557\">Citar  atua\u00e7\u00f5es dos atletas ontem \u00e9 ser masoquista! Comentar chances de evitar a forca  \u00e9 redundante, in\u00fameras foram \u00e0s explana\u00e7\u00f5es aqui por mim. Diante de um quadro  cada vez mais cr\u00edtico e de reais chances, aliado a boatos, vejamos o que  REALMENTE SALVARIA O VASCO:<o:p class=\"\"><\/o:p><\/span><\/div>\n<div class=\"\" style=\"text-align:justify;text-indent:35.4pt;tab-stops:111.0pt\" id=\"yui_3_16_0_1_1440955784089_2556\"><span style=\"font-size:12.0pt;line-height:115%;font-family:&quot;Arial&quot;,&quot;sans-serif&quot;\" class=\"\" id=\"yui_3_16_0_1_1440955784089_2555\">Comenta-se  \u00e0 boca mi\u00fada, que em 2016 n\u00e3o haver\u00e1 Campeonato Brasileiro. Que dirigentes  fariam um Torneio Nacional (como em 1987, Copa Uni\u00e3o, e em 2000, Copa Jo\u00e3o  Havelange), com a participa\u00e7\u00e3o de 24 clubes. O que significaria n\u00e3o descer  ningu\u00e9m, e ainda subirem os quatro primeiros da S\u00e9rie B. A referida competi\u00e7\u00e3o  seria nos moldes de mata-mata. Mas existem dois problemas. Vamos a eles.<o:p class=\"\"><\/o:p><\/span><\/div>\n<div class=\"\" style=\"text-align:justify;text-indent:35.4pt;tab-stops:111.0pt\" id=\"yui_3_16_0_1_1440955784089_2553\"><span style=\"font-size:12.0pt;line-height:115%;font-family:&quot;Arial&quot;,&quot;sans-serif&quot;\" class=\"\" id=\"yui_3_16_0_1_1440955784089_2554\">Preliminarmente  precisaremos de um \u201cboi de piranha\u201d, \u201claranja\u201d, \u201cbode expiat\u00f3rio\u201d ou adjetivos  afins para justificar que uma das 20 equipes da atual competi\u00e7\u00e3o possa se \u201crebelar\u201d  e mostrar publicamente seu descontentamento, com poss\u00edvel A\u00e7\u00e3o Judicial a fim  de tumultuar o Brasileir\u00e3o 2015. Um clube rebaixado e outro com atleta  irregular ficando na S\u00e9rie A. Como exemplo o Gama, na vers\u00e3o de 1999. <o:p class=\"\"><\/o:p><\/span><\/div>\n<div class=\"\" style=\"text-align:justify;text-indent:35.4pt;tab-stops:111.0pt\" id=\"yui_3_16_0_1_1440955784089_2535\"><span style=\"font-size:12.0pt;line-height:115%;font-family:&quot;Arial&quot;,&quot;sans-serif&quot;\" class=\"\" id=\"yui_3_16_0_1_1440955784089_2536\">O segundo  \u00e9 que o Brasileir\u00e3o 2015 est\u00e1 em andamento, o que implica em mudan\u00e7a no  regulamento para as pr\u00f3ximas edi\u00e7\u00f5es. Certamente o Minist\u00e9rio P\u00fablico (Fiscal  da Lei) meteria o bedelho, a fim de fortalecer a Lei 10.671\/2003, batizada de  Estatuto do Torcedor. Basta observar o art. 9\u00ba, \u00a7 5\u00ba (\u00c9 vedado proceder  altera\u00e7\u00f5es no regulamento da competi\u00e7\u00e3o, desde a sua divulga\u00e7\u00e3o definitiva). Combinado  com o art. 10, \u00a73\u00ba (Em campeonatos ou Torneios regulares com mais de uma  divis\u00e3o, ser\u00e1 observado o princ\u00edpio do acesso e do descenso).&nbsp; Ou seja, tais dispositivos, em suma, fazem  alus\u00e3o \u00e0 \u00edntegra do regulamento da competi\u00e7\u00e3o supracitada, conforme o art. 5\u00ba,  inciso I. Qualquer altera\u00e7\u00e3o fora dos padr\u00f5es vai dar merda!<o:p class=\"\"><\/o:p><\/span><\/div>\n<div class=\"\" style=\"text-align:justify;text-indent:35.4pt;tab-stops:111.0pt\" id=\"yui_3_16_0_1_1440955784089_2534\"><span style=\"font-size:12.0pt;line-height:115%;font-family:&quot;Arial&quot;,&quot;sans-serif&quot;\" class=\"\" id=\"yui_3_16_0_1_1440955784089_2533\">Ainda  sobre a Lei 10.671\/03, o artigo 41, que ressalta a parte dos crimes,  precisamente o art. 41-E, (Fraudar, por qualquer meio, ou contribuir para que  se fraude, de qualquer forma, o resultado da competi\u00e7\u00e3o esportiva).<o:p class=\"\"><\/o:p><\/span><\/div>\n<div class=\"\" style=\"text-align:justify;text-indent:35.4pt;tab-stops:111.0pt\" id=\"yui_3_16_0_1_1440955784089_2531\"><span style=\"font-size:12.0pt;line-height:115%;font-family:&quot;Arial&quot;,&quot;sans-serif&quot;\" class=\"\" id=\"yui_3_16_0_1_1440955784089_2532\">Por\u00e9m  a velha m\u00e1xima indaga: \u201cO que \u00e9 um pum, para quem est\u00e1 todo borrado?\u201d. Pois \u00e9.  Diante da sabedoria popular, dos in\u00fameros fracassos do Vasco, da diretoria de  bosta do clube e da salva\u00e7\u00e3o de uma marca, a \u00daNICA SOLU\u00c7\u00c3O ser\u00e1 criar um  torneio na pr\u00f3xima temporada, na qual as regras ser\u00e3o distintas e a  participa\u00e7\u00e3o de um n\u00famero maior (para justificar a aus\u00eancia do descenso) de  participantes. J\u00e1 haver\u00e1 tanta manipula\u00e7\u00e3o, fraudes e principalmente viola\u00e7\u00f5es  a legisla\u00e7\u00e3o, e, sobretudo, a \u00e9tica disciplinar do futebol, porque n\u00e3o titular  a poss\u00edvel competi\u00e7\u00e3o de COPA JOS\u00c9 MARIA MARIN, em justa homenagem a um \u00edcone  da sacanagem!<o:p class=\"\"><\/o:p><\/span><\/div>\n<div class=\"\" style=\"text-align:justify;text-indent:35.4pt;tab-stops:111.0pt\" id=\"yui_3_16_0_1_1440955784089_2525\"><span style=\"font-size:12.0pt;line-height:115%;font-family:&quot;Arial&quot;,&quot;sans-serif&quot;\" class=\"\" id=\"yui_3_16_0_1_1440955784089_2524\">Seus  organizadores podem aproveitar a empossar o Dr. Eurico Miranda, como presidente  da Comiss\u00e3o de Arbitragem.&nbsp; Del\u00fabio  Soares de Castro como Diretor Financeiro. Para chefe do Departamento Jur\u00eddico  da ilibada competi\u00e7\u00e3o o Dr.Jos\u00e9 Dirceu de Oliveira e Silva. Jos\u00e9 Geno\u00edno  Guimar\u00e3es Neto \u00e9 um bom nome para a Chancelaria. Como n\u00e3o precisa mais de  diploma para exercer o cargo de jornalista \u2013 pelo menos em empresas de pequeno  porte, no estilo Casa da M\u00e3e Joana \u2013 sugiro que Jos\u00e9 Renan Vasconcelos  Calheiros, Roberto Jefferson Monteiro Francisco, Anthony William Matheus de  Oliveira e Marcos Val\u00e9rio Fernandes de Souza forme a quadrilha, digo,  Assessoria de Imprensa. Os doutores Ant\u00f4nio Palocci Filho e Pablo do Nascimento  Mussolim (falso m\u00e9dico que atuava em SP) ir\u00e3o comandar o Departamento M\u00e9dico. <o:p class=\"\"><\/o:p><\/span><\/div>\n<div class=\"\" style=\"text-align:justify;text-indent:35.4pt;tab-stops:111.0pt\" id=\"yui_3_16_0_1_1440955784089_2515\"><span style=\"font-size:12.0pt;line-height:115%;font-family:&quot;Arial&quot;,&quot;sans-serif&quot;\" class=\"\" id=\"yui_3_16_0_1_1440955784089_2514\">O  corregedor geral Luiz In\u00e1cio Lula da Silva dever\u00e1 anunciar o in\u00edcio da  competi\u00e7\u00e3o para 171, corrigindo 17\/01, ou melhor, 17 de janeiro. Brincadeiras \u00e0  parte, falando MUITO S\u00c9RIO, somente uma atitude deste porte salvar\u00e1 o An\u00e3o  (Gigante neste momento n\u00e3o cabe) da Colina de frequentar o M\u00f3dulo de Acesso,  justamente no ano de Olimp\u00edadas, no Rio de Janeiro.<o:p class=\"\"><\/o:p><\/span><\/div>\n<div class=\"\" style=\"text-align:justify;text-indent:35.4pt;tab-stops:111.0pt\" id=\"yui_3_16_0_1_1440955784089_2495\"><span style=\"font-size:12.0pt;line-height:115%;font-family:&quot;Arial&quot;,&quot;sans-serif&quot;\" class=\"\" id=\"yui_3_16_0_1_1440955784089_2494\">Olha  que nem citei, bem como explanei passo a passo os artigos 41-C e 41-D do  Estatuto do Torcedor, por aqueles que administram atualmente o Vasco da \u201cGrana\u201d.  Sem falar em gest\u00f5es pret\u00e9ritas&#8230;<o:p class=\"\"><\/o:p><\/span><\/div>\n<div class=\"\" style=\"text-align:justify;text-indent:35.4pt;tab-stops:111.0pt\" id=\"yui_3_16_0_1_1440955784089_2496\"><span style=\"font-size:12.0pt;line-height:115%;font-family:&quot;Arial&quot;,&quot;sans-serif&quot;\" class=\"\"><o:p class=\"\">&nbsp;<\/o:p><\/span><\/div>\n<div class=\"\" style=\"text-align:justify;text-indent:35.4pt;tab-stops:111.0pt\" id=\"yui_3_16_0_1_1440955784089_2497\"><span style=\"font-size:12.0pt;line-height:115%;font-family:&quot;Arial&quot;,&quot;sans-serif&quot;\" class=\"\"><o:p class=\"\">&nbsp;<\/o:p><\/span><\/div>\n<div class=\"\" style=\"text-align:justify;text-indent:35.4pt;tab-stops:111.0pt\" id=\"yui_3_16_0_1_1440955784089_2490\"><b class=\"\"><u class=\"\"><span style=\"font-size:20.0pt;line-height:115%;font-family:&quot;Arial&quot;,&quot;sans-serif&quot;\" class=\"\">DIVULGUEM ESSA COVARDIA:<\/span><\/u><\/b><span style=\"font-size:16.0pt;line-height:115%;font-family:&quot;Arial&quot;,&quot;sans-serif&quot;\" class=\"\" id=\"yui_3_16_0_1_1440955784089_2491\"> GOSTARIA  DE PEDIR A TODOS OS MEUS AMIGOS E LEITORES QUE TIRASSE UM TEMPINHO PARA LER A  PETI\u00c7\u00c3O P\u00daBLICA, AO QUAL SEGUE ABAIXO O LINK. TAL DOCUMENTO REFERE-SE A <b class=\"\"><u class=\"\">UM ATO DE COVARDIA POR PARTE DA  VOLKSWAGEN DO BRASIL EM COAUTORIA DA ABOLI\u00c7\u00c3O VE\u00cdCULOS (GRUPO AB)<\/u><\/b>  CONTRA ESTE VELHO JORNALISTA. A REFERIDA CONCESSION\u00c1RIA EST\u00c1 ME LESANDO DESDE  FEVEREIRO DE 2013. MEU CARRO FOI BATIDO DENTRO DA OFICINA, FURTARAM ACESS\u00d3RIOS,  TEM PROBLEMAS CAUSADOS POR ELES, AL\u00c9M DE DEFEITOS DE FABRICA\u00c7\u00c3O. O CARRO 0 KM  COMPRADO POR MIM HOJE SE ENCONTRA NA OFICINA DA ABOLI\u00c7\u00c3O VE\u00cdCULOS (CENTRO DE  NITER\u00d3I) <b class=\"\" id=\"yui_3_16_0_1_1440955784089_2493\"><u class=\"\" id=\"yui_3_16_0_1_1440955784089_2492\">DESDE 10 DE JUNHO DE 2013<\/u><\/b>,  OU SEJA, H\u00c1 <b class=\"\"><u class=\"\">26 MESES, OU SEJA, 2 ANOS  E DOIS MESES.<\/u><\/b> <b class=\"\"><u class=\"\">TEM APENAS 729  KM RODADOS<\/u><\/b> PARA COMPROVAR O CALV\u00c1RIO TENHO DOCUMENTOS, GRAVA\u00c7\u00d5ES DE  AUDIO E V\u00cdDEO, MAIS DE 600 FOTOGRAFIAS E E-MAILS TROCADOS COM FUNCION\u00c1RIOS DO  BAIXO, M\u00c9DIO E ALTO ESCAL\u00c3O DA EMPRESA. POR FAVOR, ASSINEM O DOCUMENTO PARA QUE  OUTROS CONSUMIDORES N\u00c3O SEJAM LESADOS POR EMPRESAS DESTE N\u00cdVEL.&nbsp; <\/span><a href=\"https:\/\/secure.avaaz.org\/po\/petition\/Aos_Orgaos_de_Defesa_do_Consumidor_e_ao_Poder_Judiciario_JUSTICA_CONTRA_UMA_MARCA_E_SUA_REVENDERORA_QUE_DESCUMPREM_A_LEI\/?lJEcNfb&amp;pv=0\" class=\"\" id=\"yui_3_16_0_1_1440955784089_2489\"><span style=\"font-size:16.0pt;line-height:115%;font-family:&quot;Arial&quot;,&quot;sans-serif&quot;\" class=\"\" id=\"yui_3_16_0_1_1440955784089_2488\"><a href=\"https:\/\/secure.avaaz.org\/po\/petition\/Aos_Orgaos_de_Defesa_do_Consumidor_e_ao_Poder_Judiciario_JUSTICA_CONTRA_UMA_MARCA_E_SUA_REVENDERORA_QUE_DESCUMPREM_A_LEI\/?lJEcNfb&amp;pv=0\" >https:\/\/secure.avaaz.org\/po\/petition\/Aos_Orgaos_de_Defesa_do_Consumidor_e_ao_Poder_Judiciario_JUSTICA_CONTRA_UMA_MARCA_E_SUA_REVENDERORA_QUE_DESCUMPREM_A_LEI\/?lJEcNfb&amp;pv=0<\/a><\/span><\/a><span style=\"font-size:16.0pt;line-height:115%;font-family:&quot;Arial&quot;,&quot;sans-serif&quot;\" class=\"\"><o:p class=\"\"><\/o:p><\/span><\/div>\n<div class=\"\" style=\"text-align:justify;tab-stops:111.0pt\"><span style=\"font-size:16.0pt;line-height:115%;font-family:&quot;Arial&quot;,&quot;sans-serif&quot;\" class=\"\"><o:p class=\"\">&nbsp;<\/o:p><\/span><\/div>\n<div class=\"\" style=\"text-align:justify;tab-stops:111.0pt\" id=\"yui_3_16_0_1_1440955784089_2487\"><b class=\"\"><span style=\"font-size:16.0pt;line-height:115%;font-family:&quot;Arial&quot;,&quot;sans-serif&quot;\" class=\"\">&nbsp;&nbsp;&nbsp;&nbsp;&nbsp;&nbsp;&nbsp;&nbsp;&nbsp;&nbsp;&nbsp;&nbsp;&nbsp;&nbsp;&nbsp;&nbsp;&nbsp;&nbsp;&nbsp;&nbsp;&nbsp;&nbsp;&nbsp;&nbsp; &nbsp;&nbsp;&nbsp;&nbsp;&nbsp;&nbsp; <o:p class=\"\"><\/o:p><\/span><\/b><\/div>\n<div id=\"yui_3_16_0_1_1440955784089_2299\">                                                            <\/div>\n<div class=\"\" style=\"text-align:justify\" id=\"yui_3_16_0_1_1440955784089_2422\" dir=\"ltr\"><b class=\"\"><span style=\"font-size:14.0pt;line-height:115%;font-family:&quot;Arial&quot;,&quot;sans-serif&quot;\" class=\"\">AP\u00d3S  AS TODAS AS PARTIDAS DO VASC\u00c3O EM MEU PERFIL DO FACEBOOK (QUEM QUISER RECEBER  AS CR\u00d4NICAS DE PRIMEIRA M\u00c3O \u00c9 S\u00d3 ME ADICIONAR), E NOS SITES WEBVASCO  (www.webvasco.com), E VASCA\u00cdNOS UNIDOS (www.vascainosunidos.com.br) TEM A  OPINI\u00c3O DO JORNALISTA LUIZ CARLOS ROCHA. LEIAM! COMPARTILHEM E CURTAM!  VASCA\u00cdNOS UNIDOS JAMAIS SER\u00c3O VENCIDOS.<o:p class=\"\"><\/o:p><\/span><\/b><\/div>\n<div id=\"yui_3_16_0_1_1440955784089_2299\"><span><br \/><\/span><\/div>\n<div id=\"yui_3_16_0_1_1440955784089_2299\"><span><br \/><\/span><\/div>\n<div id=\"yui_3_16_0_1_1440955784089_2299\"><span><br \/><\/span><\/div>\n<div id=\"yui_3_16_0_1_1440955784089_2299\"><span><br \/><\/span><\/div>\n<div><\/div>\n<div id=\"yui_3_16_0_1_1440955784089_2300\">&nbsp;<\/div>\n<div class=\"signature\" id=\"yui_3_16_0_1_1440955784089_2307\">\n<div id=\"RTEContent\">\n<div id=\"yui_3_16_0_1_1440955784089_2306\">\n<div id=\"yui_3_16_0_1_1440955784089_2305\">\n<div id=\"yui_3_16_0_1_1440955784089_2304\">\n<div align=\"center\" id=\"yui_3_16_0_1_1440955784089_2303\"><\/div>\n<div align=\"center\" id=\"yui_3_16_0_1_1440955784089_2366\"><\/div>\n<\/div>\n<\/div>\n<\/div>\n<\/div>\n<\/div>\n<\/div>\n<\/div>\n<p><\/p>\n","protected":false},"excerpt":{"rendered":"<p>Verme, incompetente, p\u00edfio&#8230; Tantas palavras negativas poderiam definir o Vasco da Gama na partida de&#8230;<\/p>\n","protected":false},"author":7,"featured_media":0,"comment_status":"open","ping_status":"closed","sticky":false,"template":"","format":"standard","meta":{"footnotes":""},"categories":[4],"tags":[],"class_list":["post-3800","post","type-post","status-publish","format-standard","hentry","category-luizcarlosrocha"],"_links":{"self":[{"href":"https:\/\/webvasco.com\/artigos\/wp-json\/wp\/v2\/posts\/3800","targetHints":{"allow":["GET"]}}],"collection":[{"href":"https:\/\/webvasco.com\/artigos\/wp-json\/wp\/v2\/posts"}],"about":[{"href":"https:\/\/webvasco.com\/artigos\/wp-json\/wp\/v2\/types\/post"}],"author":[{"embeddable":true,"href":"https:\/\/webvasco.com\/artigos\/wp-json\/wp\/v2\/users\/7"}],"replies":[{"embeddable":true,"href":"https:\/\/webvasco.com\/artigos\/wp-json\/wp\/v2\/comments?post=3800"}],"version-history":[{"count":0,"href":"https:\/\/webvasco.com\/artigos\/wp-json\/wp\/v2\/posts\/3800\/revisions"}],"wp:attachment":[{"href":"https:\/\/webvasco.com\/artigos\/wp-json\/wp\/v2\/media?parent=3800"}],"wp:term":[{"taxonomy":"category","embeddable":true,"href":"https:\/\/webvasco.com\/artigos\/wp-json\/wp\/v2\/categories?post=3800"},{"taxonomy":"post_tag","embeddable":true,"href":"https:\/\/webvasco.com\/artigos\/wp-json\/wp\/v2\/tags?post=3800"}],"curies":[{"name":"wp","href":"https:\/\/api.w.org\/{rel}","templated":true}]}}