{"id":384,"date":"2013-06-04T01:18:21","date_gmt":"2013-06-04T04:18:21","guid":{"rendered":"http:\/\/webvasco.com\/artigos\/?p=384"},"modified":"2013-06-04T01:18:44","modified_gmt":"2013-06-04T04:18:44","slug":"onde-est-o-presidente-ausente-de-novo-por-jos-henrique-coelho","status":"publish","type":"post","link":"https:\/\/webvasco.com\/artigos\/colunistas\/marcus-simonini\/onde-est-o-presidente-ausente-de-novo-por-jos-henrique-coelho\/","title":{"rendered":"ONDE EST&Aacute; O PRESIDENTE? AUSENTE! DE NOVO? POR JOS&Eacute; HENRIQUE COELHO"},"content":{"rendered":"<div>\n<div dir='ltr'><\/p>\n<div>\n<div align=\"center\"><img loading=\"lazy\" decoding=\"async\" alt=\"\" src=\"https:\/\/webvasco.com\/artigos\/wp-content\/uploads\/2013\/06\/capitc3a3o-schettino.jpg\" height=\"412\" width=\"550\"\/><br \/>       <small><font face=\"Calibri\">Roberto Dinamite n\u00e3o consegue gerir o           Vasco da Gama e a crise financeira se agrava a cada m\u00eas.           Intriga da Oposi\u00e7\u00e3o? VADA A BORDO, DINAMITE!<\/font><br \/>         <font face=\"Calibri\">Foi-se o charuto. Veio o sorriso. Foram-se           os verbos no Imperativo e vieram os no ger\u00fandio!<\/font><\/small>     <\/div>\n<p>     <font face=\"Calibri\"><br \/>       <b>O Presidente n\u00e3o consegue gerir o clube e culpa a Oposi\u00e7\u00e3o, de         forma ampla. N\u00e3o consegue sequer marcar um amistoso         internacional para divulgar a marca VASCO, apesar de sua viagem         a Londres, para ver a Final da Champions League, a convite da         Rede Globo, e deposita todas as suas fichas num grupo de         Diretores remunerados, para fazer, em um ano, o que ele foi         incapaz de realizar desde 2008, ou seja, profissionalizar o         Vasco. Que as elei\u00e7\u00f5es cheguem logo, e que o Vasco resista at\u00e9         l\u00e1!<\/b><b><br \/>       <\/b><b><br \/>       <\/b><b>Estaremos publicando uma s\u00e9rie de Opini\u00f5es de S\u00f3cios do         Vasco da Gama, sobre a gest\u00e3o Roberto Dinamite e o momento         dif\u00edcil pelo qual est\u00e1 a passar o nosso Club.<\/b><b><br \/>       <\/b><b><br \/>       <\/b><b>Nosso blog est\u00e1 aberto a manifesta\u00e7\u00f5es de todas as         correntes pol\u00edticas do CRVG, desde que n\u00e3o contenham ofensas         pessoais. Come\u00e7amos pela opini\u00e3o que segue na Coluna que         reproduzimos abaixo:<\/b><b><br \/>       <\/b><b><br \/>       <\/b><b>ONDE EST\u00c1 O PRESIDENTE?<\/b><\/p>\n<p>       Por Jos\u00e9 Henrique Coelho<\/p>\n<p>       Onde est\u00e1 o Presidente? Ausente! De novo?!<\/p>\n<p>       O in\u00edcio deste Campeonato Brasileiro deixa algumas li\u00e7\u00f5es.       Oscilaremos entre o desespero do elenco \u201cgratuito\u201d montado por       esta diretoria e a esperan\u00e7a depositada em cada um daqueles que       vestem a nossa camisa e na capacidade do treinador Paulo Autuori.       Teremos que ser, mais uma vez, o d\u00e9cimo segundo jogador e, por       vezes, tamb\u00e9m o d\u00e9cimo primeiro, o d\u00e9cimo, o nono, um time       inteiro. N\u00e3o ser\u00e1 este presidente ausente, preocupado com seus       interesses particulares, que far\u00e1 algo para mudar esta situa\u00e7\u00e3o.       Este ano, n\u00e3o tem elei\u00e7\u00e3o para deputado. Sua irm\u00e3 e seu cunhado       n\u00e3o concorrem para vereador. Este ano ele n\u00e3o precisa do seu voto!<\/p>\n<p>       Por isso, enquanto o Vasco iniciava seu caminho no disputado       Campeonato Brasileiro, diante de todas as preocupa\u00e7\u00f5es que nos       atormentam, o presidente ausente Roberto Dinamite passeava por       Londres, a convite da Rede Globo, para assistir \u00e0 final da       Champions League. Entre as obriga\u00e7\u00f5es com o Vasco e uma mais uma       divers\u00e3o, o presidente preferiu a viagem. Est\u00e1 claro para todos os       vasca\u00ednos que o presidente s\u00f3 se preocupa com os seus interesses.       Ignorou a estreia do campeonato e at\u00e9 mesmo o nosso novo uniforme.       A bem da verdade, ao presidente talvez s\u00f3 interesse saber quantas       pe\u00e7as do novo uniforme estar\u00e3o dispon\u00edveis para ele distribuir e       autografar ou quantas ser\u00e3o vendidas nas franquias das suas       filhas. Nada referente ao clube o interessa, a n\u00e3o ser as       vantagens recebidas por ele e seus parentes.<\/p>\n<p>       O presidente tem sido o parceiro ideal de alguns dos nossos       \u201cparceiros\u201d, n\u00e3o do Vasco. O presidente economiza o dinheiro dos       outros e prejudica o Vasco. A viagem de Dinamite \u00e9 o pr\u00eamio pelo       p\u00e9ssimo contrato de TV negociado por ele e pelo ex-VP de finan\u00e7as,       N\u00e9lson Rocha, que teve a desfa\u00e7atez de dizer, \u00e0 \u00e9poca da       negocia\u00e7\u00e3o, que o Vasco havia sido \u201cprivilegiado\u201d. Em 2012,       recebemos aproximadamente R$ 57 milh\u00f5es em receitas de TV, ou       melhor, R$ 57 milh\u00f5es e mais umas viagens para as finais da       Champions League, al\u00e9m de uma permanente exposi\u00e7\u00e3o favor\u00e1vel na       m\u00eddia, promovida pelo \u201cparceiro\u201d, que nunca teve nem na \u00e9poca dos       seus melhores momentos como jogador. Foi este o pre\u00e7o cobrado pelo       presidente pelos direitos de transmiss\u00e3o dos jogos do Vasco. Ao       contr\u00e1rio do que pens\u00e1vamos esta figura sequer sabe o tamanho do       Vasco e n\u00e3o tem a capacidade de compreender a nossa grandiosidade.       Assemelha-se \u00e0queles alienados torcedores de outros clubes       manipulados por um discurso que apequena o Vasco e agiganta alguns       rivais. Esta figura menor n\u00e3o sabe o que \u00e9 ser vasca\u00edno. Foi       artilheiro dentro de campo, foi remunerado por cada gol que fez e       mostra-se um presidente incapaz de manter a condi\u00e7\u00e3o que um dia       teve de \u00eddolo.<\/p>\n<p>       Onde estava o presidente no in\u00edcio do ano, em fevereiro? Ausente.<\/p>\n<p>       N\u00e3o foi trabalhar porque tinha sido operado! Mas quando chegou o       convite para ir ao samb\u00f3dromo, n\u00e3o teve d\u00favida, pegou nas muletas       e foi se divertir e tirar fotos para aparecer, para parecer       importante. E tome de foto no camarote da Brahma, ele foi para a       Marques de Sapuca\u00ed festejar, beber, pular, apesar do desempenho       sofr\u00edvel, para n\u00e3o dizer med\u00edocre, do time no Campeonato Carioca       naquele momento.<\/p>\n<p>       Conforme mostrou para todo o Brasil na semana passada, o CQC foi       ver como andava o trabalho dos deputados na ALERJ. O que       descobriu? Quando o assunto \u00e9 trabalho na Alerj ou no Vasco, toda       esta disposi\u00e7\u00e3o \u00e9 deixada de lado. Dinamite \u00e9 o segundo deputado       mais ausente da Alerj e no Vasco esta sempre \u201cfaltando\u201d e agora       sequer apareceu no jogo de estreia do Brasileiro com novo       uniforme.<\/p>\n<p>       Naquele programa envergonhou a todos os vasca\u00ednos. Perguntado pelo       rep\u00f3rter do programa CQC sobre as raz\u00f5es de sua aus\u00eancia constante       da Alerj, seu rosto se desfigurou, a fala travou e, por fim,       balbuciou um repert\u00f3rio de besteiras tentando fazer uma analogia       entre suas cobran\u00e7as de falta e as faltas ao trabalho, antes de       fugir covardemente. A covardia n\u00e3o representa o esp\u00edrito dos       vasca\u00ednos que constru\u00edram nosso clube com muito trabalho, luta e       perseveran\u00e7a.<\/p>\n<p>       Por uma viagem \u00e0 Londres, ele entregou nossas receitas,       inferiorizando o Vasco diante de nossos rivais. No ano em que       negociou tal contrato, o Vasco tinha excelente desempenho       esportivo, que se refletia em audi\u00eancia, como demonstram os dados       do site Globo.com. A p\u00e1gina do Vasco em 2011, no Globo.com, tinha       a terceira maior audi\u00eancia (27 milh\u00f5es de p\u00e1ginas vistas por m\u00eas)       empatado com o S\u00e3o Paulo e bem mais pr\u00f3ximo do Corinthians (34       milh\u00f5es), do que o time paulista estava do primeiro colocado       Flamengo (51 milh\u00f5es). Mesmo sem ter muitas mat\u00e9rias como destaque       na primeira p\u00e1gina do site, a audi\u00eancia do Vasco superou Neymar e       o Santos campe\u00f5es da Libertadores que sempre estiveram presentes       na primeira p\u00e1gina. S\u00e3o dados do Google Analytics usados pelo       Globo.com para negociar o pre\u00e7o dos an\u00fancios, mas Roberto Dinamite       n\u00e3o trabalha e por isto nem conhece estas informa\u00e7\u00f5es.<\/p>\n<p>       Definitivamente, ele apenas se interessa pelas vantagens do clube       e pelo voto dos vasca\u00ednos. N\u00e3o apresentou o projeto do R\u00fagbi ao       COB, n\u00e3o avan\u00e7ou na reforma do est\u00e1dio, nunca se preocupou em       trabalhar pela reestrutura\u00e7\u00e3o do clube que recebeu depois de cinco       anos de campanha e promessas. Escolheu para seu segundo mandato se       cercar de gente t\u00e3o oportunista e med\u00edocre quanto ele. O vasca\u00edno       precisa voltar a ser s\u00f3cio, voltar a frequentar o clube para nos       ajudar a reverter esta situa\u00e7\u00e3o. Neste momento, o clube precisa de       todos os vasca\u00ednos.<\/p>\n<p>       Vasco Sim, Fora Roberto e Eurico Nunca Mais!<\/p>\n<p>       Jos\u00e9 Henrique Coelho<br \/>       Ex-Vice-Presidente de Marketing do CRVG e Ex-Presidente do MUV, na       elei\u00e7\u00e3o para a Presid\u00eancia do C.R. Vasco da Gama, nas elei\u00e7oes DE       2008, a qual marcou a vit\u00f3ria de Roberto Dinamite sobre Eurico       Miranda<\/font><\/div>\n<\/p><\/div>\n<\/div>\n<p><\/p>\n","protected":false},"excerpt":{"rendered":"<p>Roberto Dinamite n\u00e3o consegue gerir o Vasco da Gama e a crise financeira se agrava&#8230;<\/p>\n","protected":false},"author":8,"featured_media":386,"comment_status":"open","ping_status":"closed","sticky":false,"template":"","format":"standard","meta":{"footnotes":""},"categories":[6],"tags":[],"class_list":["post-384","post","type-post","status-publish","format-standard","has-post-thumbnail","hentry","category-marcus-simonini"],"_links":{"self":[{"href":"https:\/\/webvasco.com\/artigos\/wp-json\/wp\/v2\/posts\/384","targetHints":{"allow":["GET"]}}],"collection":[{"href":"https:\/\/webvasco.com\/artigos\/wp-json\/wp\/v2\/posts"}],"about":[{"href":"https:\/\/webvasco.com\/artigos\/wp-json\/wp\/v2\/types\/post"}],"author":[{"embeddable":true,"href":"https:\/\/webvasco.com\/artigos\/wp-json\/wp\/v2\/users\/8"}],"replies":[{"embeddable":true,"href":"https:\/\/webvasco.com\/artigos\/wp-json\/wp\/v2\/comments?post=384"}],"version-history":[{"count":0,"href":"https:\/\/webvasco.com\/artigos\/wp-json\/wp\/v2\/posts\/384\/revisions"}],"wp:featuredmedia":[{"embeddable":true,"href":"https:\/\/webvasco.com\/artigos\/wp-json\/wp\/v2\/media\/386"}],"wp:attachment":[{"href":"https:\/\/webvasco.com\/artigos\/wp-json\/wp\/v2\/media?parent=384"}],"wp:term":[{"taxonomy":"category","embeddable":true,"href":"https:\/\/webvasco.com\/artigos\/wp-json\/wp\/v2\/categories?post=384"},{"taxonomy":"post_tag","embeddable":true,"href":"https:\/\/webvasco.com\/artigos\/wp-json\/wp\/v2\/tags?post=384"}],"curies":[{"name":"wp","href":"https:\/\/api.w.org\/{rel}","templated":true}]}}