{"id":388,"date":"2013-06-06T00:08:57","date_gmt":"2013-06-06T03:08:57","guid":{"rendered":"http:\/\/webvasco.com\/artigos\/?p=388"},"modified":"2013-06-06T00:20:39","modified_gmt":"2013-06-06T03:20:39","slug":"vasco-anulou-o-pinto","status":"publish","type":"post","link":"https:\/\/webvasco.com\/artigos\/colunistas\/luizcarlosrocha\/vasco-anulou-o-pinto\/","title":{"rendered":"VASCO ANULOU O PINTO!"},"content":{"rendered":"<table border=\"0\" cellspacing=\"0\" cellpadding=\"0\">\n<tbody>\n<tr>\n<td style=\"font: inherit;\" valign=\"top\">&nbsp;<\/p>\n<p class=\"MsoNormal\" style=\"text-align: justify; margin: 0cm 0cm 10pt;\"><span style=\"font-size: 14pt; font-family: 'Arial','sans-serif'; line-height: 115%;\">\u00a0\u00a0\u00a0\u00a0\u00a0\u00a0\u00a0\u00a0\u00a0 Ao vencer o Atl\u00e9tico Mineiro, hoje, no Est\u00e1dio Raulino de Oliveira, em Volta Redonda, por 2 a 0, com gols de Alisson e Abuda, o Vasco respirou melhor ao t\u00e9rmino da partida que marcou a Quarta Rodada do Campeonato Brasileiro.<\/span><\/p>\n<p class=\"MsoNormal\" style=\"text-align: justify; margin: 0cm 0cm 10pt;\"><span style=\"font-size: 14pt; font-family: 'Arial','sans-serif'; line-height: 115%;\"><span style=\"mso-tab-count: 1;\">\u00a0\u00a0\u00a0\u00a0\u00a0\u00a0\u00a0\u00a0 <\/span>H\u00e1 quem diga que foi f\u00e1cil, pelo fato do Galo estar sem cinco titulares, ou seja, jogou com um time misto. Poder\u00edamos at\u00e9 afirmar que pela aus\u00eancia de atletas importantes n\u00e3o era um Galo e sim um Pinto! Os reservas n\u00e3o foram capazes de fazer o Pinto crescer. Com o resultado o pinto saiu de campo de cabe\u00e7a baixa!<\/span><\/p>\n<p class=\"MsoNormal\" style=\"text-align: justify; margin: 0cm 0cm 10pt;\"><span style=\"font-size: 14pt; font-family: 'Arial','sans-serif'; line-height: 115%;\"><span style=\"mso-tab-count: 1;\">\u00a0\u00a0\u00a0\u00a0\u00a0\u00a0\u00a0\u00a0 <\/span>Sem preconceito \u2013 e brincadeiras \u00e0 parte \u2013 nos exatos 24 minutos da etapa complementar o Gigante abriu \u2013 o placar \u00e9 claro \u2013 em jogada de Wendel na medida para Alisson guardar no cantinho do arqueiro Victor. <\/span><\/p>\n<p class=\"MsoNormal\" style=\"text-align: justify; margin: 0cm 0cm 10pt;\"><span style=\"font-size: 14pt; font-family: 'Arial','sans-serif'; line-height: 115%;\"><span style=\"mso-tab-count: 1;\">\u00a0\u00a0\u00a0\u00a0\u00a0\u00a0\u00a0\u00a0 <\/span>Alecsandro, velho conhecido da torcida vasca\u00edna, reserva na equipe mineira, tentou aos 43 minutos empatar o jogo. Fala s\u00e9rio! O Cone maldito quando era titular no Vasco n\u00e3o fazia gol com facilidade, imagina na reserva do Galo!<span style=\"mso-spacerun: yes;\">\u00a0 <\/span>Em alus\u00e3o ao Canhotinha, fa\u00e7o das palavras dele, as minhas: \u00c9 brincadeira!<\/span><\/p>\n<p class=\"MsoNormal\" style=\"text-align: justify; margin: 0cm 0cm 10pt;\"><span style=\"font-size: 14pt; font-family: 'Arial','sans-serif'; line-height: 115%;\"><span style=\"mso-tab-count: 1;\">\u00a0\u00a0\u00a0\u00a0\u00a0\u00a0\u00a0\u00a0 <\/span>Aos 48 minutos (j\u00e1 nos acr\u00e9scimos), foi com Abuda que o Vasco parou o Pinto! Isso mesmo. Elsinho tocou para o companheiro (Calma galera! Tocou a bola), o volante numa jogada de contra-ataque, avan\u00e7ou e mandou um bala\u00e7o no canto direito de Victor. <\/span><\/p>\n<p class=\"MsoNormal\" style=\"text-align: justify; margin: 0cm 0cm 10pt;\"><span style=\"font-size: 14pt; font-family: 'Arial','sans-serif'; line-height: 115%;\"><span style=\"mso-tab-count: 1;\">\u00a0\u00a0\u00a0\u00a0\u00a0\u00a0\u00a0\u00a0 <\/span>Moral da partida: O Vasco n\u00e3o deixou o Pinto crescer e cantar de Galo. Autuori e seus pupilos dominaram o jogo. O torcedor pode comemorar os tr\u00eas pontos. Afinal, n\u00e3o importa se foi sorte, se foi contra uma equipe sem cinco titulares, se foi \u00e0 vera. O que importa \u00e9 pontuar. Com o resultado o Gigante da Colina soma seis pontos em doze disputados. S\u00e3o 50% de aproveitamento. Pouco para um elenco que deseja ser campe\u00e3o, mas bom resultado para manter o time brigando por uma vaga na Libertadores. O Mach\u00e3o da Gama \u00e9 nono colocado na tabela.<\/span><\/p>\n<p class=\"MsoNormal\" style=\"text-align: justify; margin: 0cm 0cm 10pt;\"><span style=\"font-size: 14pt; font-family: 'Arial','sans-serif'; line-height: 115%;\"><span style=\"mso-tab-count: 1;\">\u00a0\u00a0\u00a0\u00a0\u00a0\u00a0\u00a0\u00a0 <\/span>Vale ressaltar, que n\u00e3o foi m\u00e9rito nenhum ganhar de um Atl\u00e9tico cambeta. O Vasco precisa melhorar muito ainda para pensar em algum resultado positivo na competi\u00e7\u00e3o. Mas \u00e9 fato que Paulo Autuori n\u00e3o \u00e9 bobo e est\u00e1 tentando tirar leite de pedra. No m\u00ednimo Roberto Bombinha deveria dar melhores pe\u00e7as, digo, um plantel digno para o comandante trabalhar!<\/span><\/p>\n<p class=\"MsoNormal\" style=\"text-align: justify; margin: 0cm 0cm 10pt;\"><span style=\"font-size: 14pt; font-family: 'Arial','sans-serif'; line-height: 115%;\">\u00a0<\/span><\/p>\n<p class=\"MsoNormal\" style=\"text-align: justify; margin: 0cm 0cm 10pt;\"><b style=\"mso-bidi-font-weight: normal;\"><span style=\"font-size: 14pt; font-family: 'Arial','sans-serif'; line-height: 115%;\">AP\u00d3S AS TODAS AS PARTIDAS DO VASC\u00c3O EM MEU PERFIL DO FACEBOOK (QUEM QUISER RECEBER AS CR\u00d4NICAS DE PRIMEIRA M\u00c3O \u00c9 S\u00d3 ME ADICIONAR), E NOS SITES WEBVASCO (www.webvasco.com), E VASCA\u00cdNOS UNIDOS (www.vascainosunidos.com.br) TEM A OPINI\u00c3O DO JORNALISTA LUIZ CARLOS ROCHA. LEIAM! COMPARTILHEM E CURTAM! VASCA\u00cdNOS UNIDOS JAMAIS SER\u00c3O VENCIDOS.<\/span><\/b><\/p>\n<div><\/div>\n<\/td>\n<\/tr>\n<\/tbody>\n<\/table>\n","protected":false},"excerpt":{"rendered":"<p>&nbsp; \u00a0\u00a0\u00a0\u00a0\u00a0\u00a0\u00a0\u00a0\u00a0 Ao vencer o Atl\u00e9tico Mineiro, hoje, no Est\u00e1dio Raulino de Oliveira, em Volta&#8230;<\/p>\n","protected":false},"author":7,"featured_media":58,"comment_status":"open","ping_status":"closed","sticky":false,"template":"","format":"standard","meta":{"footnotes":""},"categories":[4],"tags":[],"class_list":["post-388","post","type-post","status-publish","format-standard","has-post-thumbnail","hentry","category-luizcarlosrocha"],"_links":{"self":[{"href":"https:\/\/webvasco.com\/artigos\/wp-json\/wp\/v2\/posts\/388","targetHints":{"allow":["GET"]}}],"collection":[{"href":"https:\/\/webvasco.com\/artigos\/wp-json\/wp\/v2\/posts"}],"about":[{"href":"https:\/\/webvasco.com\/artigos\/wp-json\/wp\/v2\/types\/post"}],"author":[{"embeddable":true,"href":"https:\/\/webvasco.com\/artigos\/wp-json\/wp\/v2\/users\/7"}],"replies":[{"embeddable":true,"href":"https:\/\/webvasco.com\/artigos\/wp-json\/wp\/v2\/comments?post=388"}],"version-history":[{"count":1,"href":"https:\/\/webvasco.com\/artigos\/wp-json\/wp\/v2\/posts\/388\/revisions"}],"predecessor-version":[{"id":389,"href":"https:\/\/webvasco.com\/artigos\/wp-json\/wp\/v2\/posts\/388\/revisions\/389"}],"wp:featuredmedia":[{"embeddable":true,"href":"https:\/\/webvasco.com\/artigos\/wp-json\/wp\/v2\/media\/58"}],"wp:attachment":[{"href":"https:\/\/webvasco.com\/artigos\/wp-json\/wp\/v2\/media?parent=388"}],"wp:term":[{"taxonomy":"category","embeddable":true,"href":"https:\/\/webvasco.com\/artigos\/wp-json\/wp\/v2\/categories?post=388"},{"taxonomy":"post_tag","embeddable":true,"href":"https:\/\/webvasco.com\/artigos\/wp-json\/wp\/v2\/tags?post=388"}],"curies":[{"name":"wp","href":"https:\/\/api.w.org\/{rel}","templated":true}]}}