{"id":390,"date":"2013-06-06T11:20:41","date_gmt":"2013-06-06T14:20:41","guid":{"rendered":"http:\/\/webvasco.com\/artigos\/?p=390"},"modified":"2013-06-06T11:43:12","modified_gmt":"2013-06-06T14:43:12","slug":"sulamericano-de-1948-pleito-feito-pelo-blog-incondicionalmente-vasco-diretoria-do-crvg-e-dirigid-o-conmebol-por-meio-do-cent-ro-de-memria-do-vasco-acolh-ido-r","status":"publish","type":"post","link":"https:\/\/webvasco.com\/artigos\/colunistas\/marcus-simonini\/sulamericano-de-1948-pleito-feito-pelo-blog-incondicionalmente-vasco-diretoria-do-crvg-e-dirigid-o-conmebol-por-meio-do-cent-ro-de-memria-do-vasco-acolh-ido-r\/","title":{"rendered":"Sulamericano de 1948: pleito feito pelo  Blog Incondicionalmente Vasco  &agrave; Diretoria do CRVG, e dirigid o &agrave; Conmebol, por meio do Cent ro de Mem&oacute;ria do Vasco &eacute; acolh ido! &rlm;"},"content":{"rendered":"<div>\n<div dir='ltr'><img decoding=\"async\" src=\"http:\/\/incondicionalmentevasco.files.wordpress.com\/2013\/06\/expresso-da-vitoria-1.jpg\"\/><br \/>&nbsp;<br \/>&nbsp;<br \/>O blog Incondicionalmente Vasco tem a alegria de comunicar que a CONMEBOL finalmente acolheu pedido feito pelo Club de Regatas Vasco da Gama, na pessoa do Diretor do Centro de Mem\u00f3ria, de fazer incluir no site oficial da Entidade a refer\u00eancia ao t\u00edtulo de 1948, que ela reconheceu em 1996, mas n\u00e3o mencionava! Descobri o que estava acontecendo e comuniquei ao Sr. Jo\u00e3o Ernesto, Diretor do Centro de Mem\u00f3ria do CRVG, que, prontamente, agiu nos interesses do Vasco, e, finalmente a Justi\u00e7a se fez! Confiram:<br \/><a href=\"http:\/\/www.conmebol.com\/es\/content\/copa-libertadores-0\" rel=\"nofollow\"><\/a><a href=\"http:\/\/www.conmebol.com\/es\/content\/copa-libertadores-0\" >http:\/\/www.conmebol.com\/es\/content\/copa-libertadores-0<\/a><br \/>Com nova organiza\u00e7\u00e3o, o site da CONMEBOL passa a mencionar o t\u00edtulo do Campeonato Sulamericano de 1948, na p\u00e1gina que relata a Hist\u00f3ria da Copa Libertadores de America. <br \/>Antes, mesmo havendo o reconhecimento do t\u00edtulo, ocorrido em 1996, n\u00e3o havia nenhuma mat\u00e9ria sobre a conquista na referida p\u00e1gina.<br \/>Justi\u00e7a feita ao Expresso da Vit\u00f3ria!<br \/>Vale aqui dar alguns esclarecimentos complementares sobre o tema, objeto deste post:<br \/>O reconhecimento e homologa\u00e7\u00e3o do t\u00edtulo do Sulamericano de 1948 aconteceu em 1996, em sess\u00e3o plen\u00e1ria da Conmebol. Em raz\u00e3o deste fato o Vasco passou a fazer parte da extinta Supercopa dos Campe\u00f5es de Libertadores da America, uma competi\u00e7\u00e3o na qual s\u00f3 participavam os campe\u00f5es da Libertadores. Como estava dedicado \u00e0 campanha e conquista do Brasileiro, logo foi eliminado pelo River Plate, na 1\u00aa fase, mas sagrou-se Campe\u00e3o Brasileiro e, na sequ\u00eancia, venceu a Copa Libertadores de 1998, e com isso tornou-se, sim, Bi-Campe\u00e3o Sulamericano de Clubes.<br \/>Esta semana, com o novo site, a Conmebol deu a devida publicidade a algo que j\u00e1 havia chancelado em 1996. Ora, de que adianta proferir uma decis\u00e3o e n\u00e3o public\u00e1-la no seu principal ve\u00edculo de M\u00eddia? Por insist\u00eancia nossa. Minha e do caro e zeloso Jo\u00e3o Ernesto, do Centro de Mem\u00f3ria do Vasco, que levou o pleito \u00e0 Conmebol, passou a constar da Hist\u00f3ria da Libertadores, a sua origem, a Copa dos Campe\u00f5es Sulamericanos, de 1948.<br \/>Quanto a ser o primeiro campe\u00e3o da Copa Libertadores, entretanto, a Conmebol entende que o Vasco \u00e9 bi-campe\u00e3o sul-americano (48\/98), mas por competi\u00e7\u00f5es diferentes. Isso tamb\u00e9m nos foi informado. Com a participa\u00e7\u00e3o do Vasco na Supercopa dos Campe\u00f5es de Libertadores, em 1997, ficou claro que a Conmebol deu ao t\u00edtulo de 48 o mesmo status da Libertadores. Podemos e devemos afirmar, com convic\u00e7\u00e3o, que somos Bi-Campe\u00f5es Sulamericanos e Campe\u00f5es da Copa Mercosul, e temos, portanto, 3 t\u00edtulos continentais oficiais. Mas concordo que devemos, em momento oportuno (com maior Representatividade internacional), e com muito cuidado, procurar mexer com isso mais um pouco, para propor que conste da p\u00e1gina da Conmebol uma refer\u00eancia plena ao t\u00edtulo de 48, com tabela completa da competi\u00e7\u00e3o e estat\u00edsticas do jogo contra o River Plate, tudo isso n\u00e3o s\u00f3 na parte que conta a hist\u00f3ria, mas na parte que elenca os campe\u00f5es! A\u00ed a Hist\u00f3ria estar\u00e1 devidamente preservada. Por\u00e9m, j\u00e1 \u00e9 necess\u00e1rio fazer isso no Site Oficial do Vasco.<br \/>Cabe a n\u00f3s, Vasca\u00ednos e Diretoria do CRVG, principalmente, por meio de sua VP de Marketing, cuidar da publicidade e da divulga\u00e7\u00e3o desta conquista, agora, com a merecida publica\u00e7\u00e3o em ve\u00edculo oficial da Entidade M\u00e1xima do Futebol Sulamericano. Entendo que muitas a\u00e7\u00f5es devem ser tomadas para que os Vasca\u00ednos se contaminem por esta conquista, a come\u00e7ar pela homenagem aos jogadores ainda vivos, e, em mem\u00f3ria, por meio de seus filhos, e ainda, com comercializa\u00e7\u00e3o de produtos oficiais, jogo festivo com o River Plate, para marcar a conquista, da mesma forma que as futuras gera\u00e7\u00f5es devem preservar o valor do nosso t\u00edtulo de 98, que j\u00e1 est\u00e1 ficando distante. \u00c9 hora de ganhar outra Copa!<br \/>Eu tenho o privil\u00e9gio de ser sobrinho e afilhado de um Vasca\u00edno, de 89 anos, que tem 56 anos de vida associativa, e que recebeu os jogadores de 48, no meio da multid\u00e3o que esteve na sauda\u00e7\u00e3o p\u00fablica aos campe\u00f5es. Ele conta que eles foram recebidos por mais de 3 mil pessoas, em Carro do Corpo de Bombeiros, e que as comemora\u00e7\u00f5es foram muito parecidas com a de 98. Ele me fala que na cabe\u00e7a dele, o t\u00edtulo da Libertadores foi um filme que se passou, porque ele j\u00e1 havia experimentado a mesma emo\u00e7\u00e3o. Pessoal, foi o primeiro t\u00edtulo internacional de um clube brasileiro, conquistado no exterior contra o River Plate, de Di St\u00e9fano! N\u00e3o \u00e9 para qualquer um, n\u00e3o! Temos que valorizar a conquista e reverenciar os campe\u00f5es.<br \/>Quem n\u00e3o valoriza sua Hist\u00f3ria e sua mem\u00f3ria deixa de transmitir \u00e0s gera\u00e7\u00f5es futuras a sua grandeza! Viva o Expresso da Vit\u00f3ria!<br \/><a href=\"http:\/\/pt.wikipedia.org\/wiki\/Campeonato_Sul-Americano_de_Campe%C3%B5es\" rel=\"nofollow\"><\/a><a href=\"http:\/\/pt.wikipedia.org\/wiki\/Campeonato_Sul-Americano_de_Campe%C3%B5es\" >http:\/\/pt.wikipedia.org\/wiki\/Campeonato_Sul-Americano_de_Campe%C3%B5es<\/a><br \/>Sauda\u00e7\u00f5es Vasca\u00ednas!<br \/>VASCO! INCONDICIONALMENTE!<br \/>Marcus Simonini Ferreira<br \/>Editor do Blog Incondicionalmente Vasco!<br \/><a href=\"http:\/\/incondicionalmentevasco.wordpress.com\/\" rel=\"nofollow\"><\/a><a href=\"http:\/\/incondicionalmentevasco.wordpress.com\/\" >http:\/\/incondicionalmentevasco.wordpress.com\/<\/a><br \/>&nbsp;<br \/>&nbsp;<br \/>&nbsp;<br \/>*******************<br \/><em>O EMAIL QUE DEU ORIGEM AO PLEITO:<\/em><br \/><em>Caro Presidente do CRVG, Roberto Dinamite, prezado Sr. VP de Futebol, Sr. J.H. Mandarino e Sr. Jo\u00e3o Ernesto, Diretor do Centro de Mem\u00f3ria do CRVG,<br \/>Prezados Senhores Diretores do Club de Regatas Vasco da Gama,<br \/>Meu nome \u00e9 Marcus Simonini Ferreira, sou Advogado, S\u00f3cio Propriet\u00e1rio Bronze, desde 1984, e um dos Editores do Blog Incondicionalmente Vasco e me dirijo a Vossas Senhorias para pugnar pelo seguinte, em prol do CRVG:<br \/>Sei que os Senhores j\u00e1 est\u00e3o trabalhando duro no sentido de reerguer o CRVG e reconduzi-lo ao Status que jamais deveria ter perdido. Neste sentido, acredito que estamos no caminho certo, haja vista a conquista in\u00e9dita da Copa do Brasil e classifica\u00e7\u00e3o direta do Vasco \u00e0 chave de grupos da Copa Libertadores de America.<br \/>Outrossim, preciso lhes comunicar fato que necessita aten\u00e7\u00e3o e a\u00e7\u00e3o r\u00e1pida de Vossas Senhorias visando estabelecer firme posi\u00e7\u00e3o frente a Confedera\u00e7\u00e3o Sul-Americana de Futebol \u2013 Conmebol, presidida pelo Sr. Nicolaz Leoz, para reivindicar direito nosso conquistado em campo, no ano de 1948.<br \/>\u00c9 que, apesar do reconhecimento de Competi\u00e7\u00e3o Oficial do Sul-Americano de 1948, conquistado pelo Expresso da Vit\u00f3ria, nenhuma refer\u00eancia \u00e9 feita no site da Conmebol. O CRVG disputou a Supercopa Libertadores, justamente porque teve tal t\u00edtulo reconhecido, mas no entanto, a referida Entidade M\u00e1xima do Futebol Sul-Americano n\u00e3o publica em seu site o Sul-Americano de 48 (tabela, resultados), nem o CRVG \u00e9 citado como o 1\u00ba campe\u00e3o Sul-Americano, a partir deste torneio apelidado de \u201ca primeira Libertadores\u201d, e que veio a ser a inspira\u00e7\u00e3o e origem da pr\u00f3pria Copa Libertadores de America. Tampouco faz qualquer cita\u00e7\u00e3o ao evento, campanha, etc\u2026como faz com todas as edi\u00e7\u00f5es da Libertadores, em que consta um Hist\u00f3rico. Confiram abaixo, por favor.<br \/>Isto posto, pe\u00e7o aos Senhores que enviem of\u00edcio \u00e0 Conmebol para que seja reparada a falha, para que passe a constar dos arquivos da Entidade M\u00e1xima do Futebol Sul-Americano, com o devido e merecido destaque a conquista de 1948, com a inser\u00e7\u00e3o do Vasco no rol de campe\u00f5es Sul-Americanos, bem como a campanha vitoriosa, como j\u00e1 vem sendo feito com as edi\u00e7\u00f5es da Libertadores, conforme link abaixo, que tirei do site da Conmebol.<br \/><a href=\"http:\/\/www.conmebol.com\/articulos_ver.jsp?id=63073&amp;slangab=S\" rel=\"nofollow\"><\/a><a href=\"http:\/\/www.conmebol.com\/articulos_ver.jsp?id=63073&amp;slangab=S\" >http:\/\/www.conmebol.com\/articulos_ver.jsp?id=63073&amp;slangab=S<\/a><br \/>Estad\u00edsticas hist\u00f3ricas de la Copa Santander Libertadores de Am\u00e9rica desde 1960<br \/>23 \/ 01 \/ 2009<br \/>Estad\u00edsticas hist\u00f3ricas de las primeras 49 ediciones de la Copa Santander Libertadores de Am\u00e9rica, desde 1960 a 2008. Incluye el historial de los campeones, los goleadores de cada edici\u00f3n y la tabla hist\u00f3rica con todos los participantes desde 1960.<br \/>\u00bb Tabla hist\u00f3rica 1960-2008 &#8211;<br \/>HISTORIAL COPA SANTANDER LIBERTADORES DE AM\u00c9RICA<br \/>A\u00d1O<br \/>CAMPE\u00d3N<br \/>SUBCAMPE\u00d3N<br \/>RESULTADOS<br \/>1960<br \/>PE\u00d1AROL (URU)<br \/>Olimpia (PAR)<br \/>1-0 y 1-1<br \/>1961<br \/>PE\u00d1AROL (URU)<br \/>Palmeiras (BRA)<br \/>1-0 y 1-1<br \/>1962<br \/>SANTOS FC (BRA)<br \/>Pe\u00f1arol (URU)<br \/>2-1; 2-3 y 3-0<br \/>1963<br \/>SANTOS FC (BRA)<br \/>Boca Juniors (ARG)<br \/>3-2 y 2-1<br \/>1964<br \/>INDEPENDIENTE (ARG)<br \/>Nacional (URU)<br \/>0-0 y 1-0<br \/>1965<br \/>INDEPENDIENTE (ARG)<br \/>Pe\u00f1arol (URU)<br \/>1-0; 1-3 y 4-1<br \/>1966<br \/>PE\u00d1AROL (URU)<br \/>River Plate (ARG)<br \/>2-0; 2-3 y 4-2<br \/>1967<br \/>RACING CLUB (ARG)<br \/>Nacional (URU)<br \/>0-0; 0-0 y 2-1<br \/>1968<br \/>ESTUDIANTES DE LP (ARG)<br \/>Palmeiras (BRA)<br \/>2-1; 1-3 y 2-0<br \/>1969<br \/>ESTUDIANTES DE LP (ARG)<br \/>Nacional (URU)<br \/>1-0 y 2-0<br \/>1970<br \/>ESTUDIANTES DE LP (ARG)<br \/>Pe\u00f1arol (URU)<br \/>1-0 y 0-0<br \/>1971<br \/>NACIONAL (URU)<br \/>Estudiantes de LP (ARG)<br \/>0-1; 1-0 y 2-0<br \/>1972<br \/>INDEPENDIENTE (ARG)<br \/>Universitario (PER)<br \/>0-0 y 2-1<br \/>1973<br \/>INDEPENDIENTE (ARG)<br \/>Colo Colo (CHI)<br \/>1-1; 0-0 y 2-1<br \/>1974<br \/>INDEPENDIENTE (ARG)<br \/>S\u00e3o Paulo FC (BRA)<br \/>1-2; 2-0 y 1-0<br \/>1975<br \/>INDEPENDIENTE (ARG)<br \/>Uni\u00f3n Espa\u00f1ola (CHI)<br \/>0-1; 3-1 y 2-0<br \/>1976<br \/>CRUZEIRO (BRA)<br \/>River Plate (ARG)<br \/>4-1; 1-2 y 3-2<br \/>1977<br \/>BOCA JUNIORS (ARG)<br \/>Cruzeiro (BRA)<br \/>1-0; 0-1 y 0-0 (5-4)<br \/>1978<br \/>BOCA JUNIORS (ARG)<br \/>Deportivo Cali (COL)<br \/>0-0 y 4-0<br \/>1979<br \/>OLIMPIA (PAR)<br \/>Boca Juniors (ARG)<br \/>2-0 y 0-0<br \/>1980<br \/>NACIONAL (URU)<br \/>Internacional (BRA)<br \/>0-0 y 1-0<br \/>1981<br \/>FLAMENGO (BRA)<br \/>Cobreloa (CHI)<br \/>2-1; 0-1 y 2-0<br \/>1982<br \/>PE\u00d1AROL (URU)<br \/>Cobreloa (CHI)<br \/>0-0 y 1-0<br \/>1983<br \/>GR\u00caMIO (BRA)<br \/>Pe\u00f1arol (URU)<br \/>1-1 y 2-1<br \/>1984<br \/>INDEPENDIENTE (ARG)<br \/>Gr\u00eamio (BRA)<br \/>1-0 y 0-0<br \/>1985<br \/>ARGENTINOS JUNIORS (ARG)<br \/>Am\u00e9rica (COL)<br \/>1-0; 0-1 y 1-1 (5-4)<br \/>1986<br \/>RIVER PLATE (ARG)<br \/>Am\u00e9rica (COL)<br \/>2-1 y 1-0<br \/>1987<br \/>PE\u00d1AROL (URU)<br \/>Am\u00e9rica (COL)<br \/>0-2; 2-1 y 1-0<br \/>1988<br \/>NACIONAL (URU)<br \/>Newell\u2019s Old Boys (ARG)<br \/>0-1 y 3-0<br \/>1989<br \/>ATL\u00c9TICO NACIONAL (COL)<br \/>Olimpia (PAR)<br \/>0-2 y 2-0 (5-4)<br \/>1990<br \/>OLIMPIA (PAR)<br \/>Barcelona SC (ECU)<br \/>2-0 y 1-1<br \/>1991<br \/>COLO COLO (CHI)<br \/>Olimpia (PAR)<br \/>0-0 y 3-0<br \/>1992<br \/>S\u00c3O PAULO FC (BRA)<br \/>Newell\u2019s Old Boys (ARG)<br \/>0-1 y 1-0 (3-2)<br \/>1993<br \/>S\u00c3O PAULO FC (BRA)<br \/>Universidad Cat\u00f3lica (CHI)<br \/>5-1 y 0-2<br \/>1994<br \/>V\u00c9LEZ SARSFIELD (ARG)<br \/>S\u00e3o Paulo FC (BRA)<br \/>1-0 y 0-1 (5-3)<br \/>1995<br \/>GR\u00caMIO (BRA)<br \/>Atl\u00e9tico Nacional (COL)<br \/>3-1 y 1-1<br \/>1996<br \/>RIVER PLATE (ARG)<br \/>Am\u00e9rica (COL)<br \/>0-1 y 2-0<br \/>1997<br \/>CRUZEIRO (BRA)<br \/>Sporting Cristal (PER)<br \/>0-0 y 1-0<br \/>1998<br \/>VASCO DA GAMA (BRA)<br \/>Barcelona SC (ECU)<br \/>2-0 y 2-1<br \/>1999<br \/>PALMEIRAS (BRA)<br \/>Deportivo Cali (COL)<br \/>0-1 y 2-1 (4-3)<br \/>2000<br \/>BOCA JUNIORS (ARG)<br \/>Palmeiras (BRA)<br \/>2-2 y 0-0 (4-2)<br \/>2001<br \/>BOCA JUNIORS (ARG)<br \/>Cruz Azul (MEX)<br \/>1-0 y 0-1 (3-1)<br \/>2002<br \/>OLIMPIA (PAR)<br \/>S\u00e3o Caetano (BRA)<br \/>0-1 y 2-1 (4-2)<br \/>2003<br \/>BOCA JUNIORS (ARG)<br \/>Santos FC (BRA)<br \/>2-0 y 3-1<br \/>2004<br \/>ONCE CALDAS (COL)<br \/>Boca Juniors (ARG)<br \/>0-0 y 1-1 (2-0)<br \/>2005<br \/>S\u00c3O PAULO FC (BRA)<br \/>Atl\u00e9tico Paranaense (BRA)<br \/>1-1 y 4-0<br \/>2005<br \/>INTERNACIONAL (BRA)<br \/>S\u00e3o Paulo FC (BRA)<br \/>2-1 y 2-2<br \/>2007<br \/>BOCA JUNIORS (ARG)<br \/>Gr\u00eamio (BRA)<br \/>3-0 y 2-0<br \/>2008<br \/>LDU QUITO (ECU)<br \/>Fluminense (BRA)<br \/>4-2 y 3-1 (1-3)<br \/>Repararam? N\u00e3o consta o Sul-Americano de 48! Come\u00e7am a contagem com a primeira Libertadores, mas reconhecem o CRVG como o primeiro clube campe\u00e3o da Am\u00e9rica.<br \/>Contamos com as devidas provid\u00eancias, como medida de justi\u00e7a ao Expresso da Vit\u00f3ria, bem como e n\u00e3o menos, em reparo dos direitos do Vasco da Gama, como primeiro Campe\u00e3o Sul-Americano de Clubes.<br \/>Por fim, proponho que na camisa a ser utilizada para a disputa da Libertadores de 2012 conste o logo da Conmebol ou um logo da Ta\u00e7a Libertadores com duas estrelas (48\/98), pois a pr\u00f3pria entidade os equiparou. No aguardo de provid\u00eancias e de informa\u00e7\u00f5es, via site oficial do CRVG.<br \/>Atenciosamente,<br \/>Marcus Simonini<br \/>S\u00f3cio Propriet\u00e1rio Bronze \u2013 mat. 12374.<br \/>Blog Incondicionalmente Vasco!<br \/><\/em> \t\t \t   \t\t  <\/div>\n<\/div>\n<p><\/p>\n","protected":false},"excerpt":{"rendered":"<p>&nbsp;&nbsp;O blog Incondicionalmente Vasco tem a alegria de comunicar que a CONMEBOL finalmente acolheu pedido&#8230;<\/p>\n","protected":false},"author":8,"featured_media":391,"comment_status":"open","ping_status":"closed","sticky":false,"template":"","format":"standard","meta":{"footnotes":""},"categories":[6],"tags":[],"class_list":["post-390","post","type-post","status-publish","format-standard","has-post-thumbnail","hentry","category-marcus-simonini"],"_links":{"self":[{"href":"https:\/\/webvasco.com\/artigos\/wp-json\/wp\/v2\/posts\/390","targetHints":{"allow":["GET"]}}],"collection":[{"href":"https:\/\/webvasco.com\/artigos\/wp-json\/wp\/v2\/posts"}],"about":[{"href":"https:\/\/webvasco.com\/artigos\/wp-json\/wp\/v2\/types\/post"}],"author":[{"embeddable":true,"href":"https:\/\/webvasco.com\/artigos\/wp-json\/wp\/v2\/users\/8"}],"replies":[{"embeddable":true,"href":"https:\/\/webvasco.com\/artigos\/wp-json\/wp\/v2\/comments?post=390"}],"version-history":[{"count":0,"href":"https:\/\/webvasco.com\/artigos\/wp-json\/wp\/v2\/posts\/390\/revisions"}],"wp:featuredmedia":[{"embeddable":true,"href":"https:\/\/webvasco.com\/artigos\/wp-json\/wp\/v2\/media\/391"}],"wp:attachment":[{"href":"https:\/\/webvasco.com\/artigos\/wp-json\/wp\/v2\/media?parent=390"}],"wp:term":[{"taxonomy":"category","embeddable":true,"href":"https:\/\/webvasco.com\/artigos\/wp-json\/wp\/v2\/categories?post=390"},{"taxonomy":"post_tag","embeddable":true,"href":"https:\/\/webvasco.com\/artigos\/wp-json\/wp\/v2\/tags?post=390"}],"curies":[{"name":"wp","href":"https:\/\/api.w.org\/{rel}","templated":true}]}}