{"id":392,"date":"2013-06-06T14:18:42","date_gmt":"2013-06-06T17:18:42","guid":{"rendered":"http:\/\/webvasco.com\/artigos\/?p=392"},"modified":"2013-06-06T14:20:02","modified_gmt":"2013-06-06T17:20:02","slug":"bvio-demais-para-tanta-descrena","status":"publish","type":"post","link":"https:\/\/webvasco.com\/artigos\/colunistas\/bvio-demais-para-tanta-descrena\/","title":{"rendered":"&Oacute;bvio demais para tanta descren&ccedil;a"},"content":{"rendered":"<div dir=\"ltr\">\n<p>Infelizmente, hoje n\u00e3o tenho muito que escrever. Nada do que o <br \/>\np\u00fablico que me acompanha semanalmente n\u00e3o saiba. Nada do que j\u00e1 n\u00e3o fora<br \/>\n criticado por outras pessoas e aquilo que \u00e9 \u00f3bvio para todos n\u00f3s. <br \/>\nAbsolutamente nada&#8230;<\/p>\n<p><\/p>\n<p>Confesso-lhes que comentar ou escrever algo em tempos de crise \u00e9 uma <br \/>\ntarefa \u00e1rdua e chata. Chega um determinado momento que cai na mesmice. <br \/>\nVira \u201cvala-comum\u201d. Passa o sentimento de que o articulista \u00e9 contra sua <br \/>\npr\u00f3pria institui\u00e7\u00e3o, que n\u00e3o sabe escrever mais nada do que somente <br \/>\ncr\u00edticas e coisas negativas. Procura-se t\u00e3o somente n\u00e3o transmitir algo <br \/>\nque seja ilus\u00f3rio, pois ao contr\u00e1rio das mentiras que nos acostumamos a <br \/>\nouvir, simplesmente somos obrigados a jogar com a realidade. Pelo menos,<br \/>\n aqui, \u201co jogo \u00e9 limpo\u201d. <\/p>\n<p>Entretanto, \u00e9 dif\u00edcil encontrar algo de bom e de esperan\u00e7oso para <br \/>\nescrevermos a respeito do Vasco ultimamente. Est\u00e1 muito dif\u00edcil. <br \/>\nSinceramente, gostaria de ser colunista em \u00e9pocas bem mais <br \/>\ninteressantes, como a d\u00e9cada de 1990, por exemplo, em que eu era somente<br \/>\n mais um de muitos jovens que se orgulhavam de vestir a camisa e dizer <br \/>\n\u201cSOU VASCO\u201d. Naqueles tempos, o vasca\u00edno era considerado \u201cmetido\u201d por <br \/>\nseus rivais. Passados treze anos, somos considerados \u201ccoitados\u201d ou <br \/>\n\u201cpobres infelizes\u201d. <\/p>\n<p>De maneira muito franca, prefiro particularmente ser \u201cmetido\u201d do que <br \/>\n\u201ccoitado\u201d ou mais um dos \u201cpobres infelizes\u201d que alimentam ilus\u00f5es por <br \/>\ndias melhores e, no entanto, sem bases que nos levem a crer em tais <br \/>\nmelhorias.<\/p>\n<p><strong>\u201cPapo\u201d s\u00e9rio<\/strong><\/p>\n<p>N\u00e3o \u00e9 preciso ser s\u00e1bio entendedor de futebol para enxergar o \u00f3bvio, <br \/>\nAli\u00e1s, tal conforme a diretoria vasca\u00edna custa a enxergar. D\u00e1 para ver, <br \/>\ndesde a derrocada do returno do campeonato carioca (Ta\u00e7a Rio) e de forma<br \/>\n mais n\u00edtida com os n\u00fameros dessa campanha rid\u00edcula que o atual time n\u00e3o<br \/>\n \u00e9 capaz de se sustentar em um campeonato MUITO mais dif\u00edcil como \u00e9 o <br \/>\nCampeonato Brasileiro. Afinal e tal como diz um ex-\u00e1rbitro, \u201ca regra \u00e9 <br \/>\nclara\u201d: time que perde para Volta Redonda, Bangu, Olaria, Madureira etc;<br \/>\n N\u00c3O \u00e9 capaz de vencer a outros bem mais qualificados como S\u00e3o Paulo e, <br \/>\nem um patamar abaixo do mesmo clube paulistano, Vit\u00f3ria-BA. Tal como em <br \/>\ncondi\u00e7\u00f5es normais do futebol N\u00c3O vence a tantos outros. Simples assim! <br \/>\nPode vencer em alguma eventualidade que esse desporto \u00e9 capaz de <br \/>\nproporcionar (raz\u00e3o pelo qual ele \u00e9 t\u00e3o apaixonante), mas afora as <br \/>\nexce\u00e7\u00f5es, a regra geral \u00e9 perder.<\/p>\n<p>Dentro desse cen\u00e1rio desenhado, desperdi\u00e7amos aproximadamente quarenta <br \/>\ndias de prepara\u00e7\u00e3o que tivemos desde a derrota para o Madureira para <br \/>\nacertarmos o time para esse in\u00edcio de campeonato. Teremos mais um <br \/>\nper\u00edodo de prepara\u00e7\u00e3o quando o campeonato parar para a Copa das <br \/>\nConfedera\u00e7\u00f5es. De nada, no entanto, adiantar\u00e1 somente treino se n\u00e3o <br \/>\nhouver qualifica\u00e7\u00e3o do plantel atual. O time do Vasco ficar\u00e1 somente <br \/>\norganizado, contudo, continuar\u00e1 desprovido de qualidade t\u00e9cnica. Por <br \/>\noutro lado e mesmo nesse longo per\u00edodo de paraliza\u00e7\u00e3o que tivemos <br \/>\nnota-se, de forma muito \u00f3bvia, que a parte f\u00edsica dos atletas continua <br \/>\nde se lamentar, o que \u00e9 lament\u00e1vel para quem teve um per\u00edodo de <br \/>\nprepara\u00e7\u00e3o longo. E isso, ao lado da organiza\u00e7\u00e3o, s\u00e3o duas coisas que o <br \/>\nVasco deveria, ao menos, estar apresentando de bom nesse in\u00edcio de <br \/>\ncompeti\u00e7\u00e3o. Por que n\u00e3o est\u00e1, ent\u00e3o?<\/p>\n<p>Uma das amostras de que h\u00e1 essa sensa\u00e7\u00e3o geral \u00e9 quando encontramos <br \/>\npelas redes sociais coment\u00e1rios de vasca\u00ednos sobre nossa briga direta <br \/>\ncom Portuguesa, Crici\u00fama, N\u00e1utico, Bahia e Goi\u00e1s. De que, contra eles, \u00e9<br \/>\n que seremos obrigados a pontuar, e contra os demais advers\u00e1rios mais <br \/>\nqualificados como S\u00e3o Paulo, Atl\u00e9tico-MG entre outros, a ordem \u00e9 n\u00e3o <br \/>\nperder de muito. Se poss\u00edvel, at\u00e9 conseguir um empate, em um dia que o <br \/>\nadvers\u00e1rio n\u00e3o esteja bem e que n\u00f3s estejamos mais inspirados. A que <br \/>\nponto n\u00f3s chegamos&#8230;<\/p>\n<p>Trata-se do pior rebaixamento que uma institui\u00e7\u00e3o pode se submeter: ao <br \/>\nrebaixamento de sua moral, de sua autoestima. O Vasco pode, assim como <br \/>\nem 2008, cair para a Segunda Divis\u00e3o e retornar no ano seguinte, fazer <br \/>\nboa campanha nos anos subsequentes e, em pouco tempo, aquela marca da <br \/>\nqueda logo \u00e9 substitu\u00edda por gl\u00f3rias de quem soube se reestruturar em <br \/>\ntempos dif\u00edceis. O rebaixamento de divis\u00e3o, nesse caso, serve como marco<br \/>\n na virada da vida dessa institui\u00e7\u00e3o e no in\u00edcio de um novo ciclo de <br \/>\nconquistas, de cr\u00e9dito e de respeito por parte de seus advers\u00e1rios. <br \/>\nAceitemos ou n\u00e3o, o Corinthians \u00e9 um exemplo. Outros clubes n\u00e3o <br \/>\nprecisaram cair de divis\u00e3o para iniciar seu resgate, como o <br \/>\nInternacional nesse novo s\u00e9culo e que, hoje, tem um plano de <br \/>\ndesenvolvimento sustent\u00e1vel e competitividade.<\/p>\n<p>Ao contr\u00e1rio disso, como entre 2003 e 2008 e no retorno em 2010, de <br \/>\nquase nada vale se manter na primeira divis\u00e3o sendo inerte, \u201cins\u00edpido\u201d <br \/>\nou, simplesmente, o \u201ccoitado\u201d. Inacredit\u00e1vel, no entanto, que a maior <br \/>\nluta e o que encheu aos vasca\u00ednos de esperan\u00e7a e de sonhos por dias <br \/>\nmelhores foi justamente n\u00e3o aceitar a situa\u00e7\u00e3o de rebaixamento em seus <br \/>\nprinc\u00edpios. Do grande escal\u00e3o pela disputa das primeiras posi\u00e7\u00f5es ao <br \/>\nescal\u00e3o de intermedi\u00e1rio para baixo, que fez a torcida festejar por ter <br \/>\nevitado o rebaixamento de divis\u00e3o em 2004. Outrora respeitado e at\u00e9 <br \/>\nmesmo odiado, hoje o Vasco gera sentimentos de piedade em seus <br \/>\noponentes.<\/p>\n<p><strong>Sonhos relegados<\/strong> <\/p>\n<p>Em reportagem exibida pelo programa \u201cGlobo Esporte\u201d quando na ocasi\u00e3o da<br \/>\n apresenta\u00e7\u00e3o de Neymar ao Barcelona, passaram-se outras mat\u00e9rias de <br \/>\napresenta\u00e7\u00e3o de jogadores famosos e as festas produzidas por suas <br \/>\ntorcidas: Robinho ao Santos, Ronaldinho Ga\u00facho ao Flamengo, Lu\u00eds Fabiano<br \/>\n ao S\u00e3o Paulo e Cristiano Ronaldo ao Real Madrid foram os exemplos <br \/>\nrelembrados. Proponho ao leitor fazer um exerc\u00edcio de pensamento com <br \/>\nquem lhes escreve e nos ajudarmos entre si a lembrar-nos da \u00faltima vez <br \/>\nem que fizemos festa em S\u00e3o Janu\u00e1rio por um craque apresentado.<\/p>\n<p><strong>A repercuss\u00e3o e a postura da m\u00eddia<\/strong> <\/p>\n<p>Em sua coluna falada do dia 04 de junho no programa \u201cGlobo Esportivo\u201d do<br \/>\n Sistema Globo de R\u00e1dio, o torcedor rubro-negro que recebe sal\u00e1rio da <br \/>\nemissora como jornalista Renato Maur\u00edcio Prado afirmou que \u201cest\u00e1 <br \/>\npreocupado com o Vasco\u201d, e a terminou com a frase que \u00e9 sentimento de <br \/>\ntodos n\u00f3s: &quot;reage, Vasco!&quot;. Em outra coluna escrita nem faz tanto tempo,<br \/>\n Fernando Calazans classifica o atual momento como \u201cl\u00e1grimas em S\u00e3o <br \/>\nJanu\u00e1rio\u201d. Nas entrelinhas a triste certeza de que, para jornalistas <br \/>\nhistoricamente reconhecidos como \u201canti-Vasco\u201d, se compadecerem de nosso <br \/>\nmomento \u00e9 porque estamos, de verdade, MUITO mal encaminhados. <br \/>\nInfelizmente! <\/p>\n<p>Com todos esses argumentos, ser\u00e1 ainda que n\u00e3o \u00e9 muita obviedade para se<br \/>\n aclamar por uma rea\u00e7\u00e3o j\u00e1? Ou deixaremos a Caravela afundar, mais uma <br \/>\nvez, para &quot;despertamos&quot; \u00e0 nossa realidade e s\u00f3 reagirmos (como h\u00e1 muito <br \/>\ntempo acontece) no pior est\u00e1gio poss\u00edvel?<\/p>\n<p><strong>A perspectiva futura<\/strong><\/p>\n<p>Apostar que esse time do Vasco emergido na crise administrativa e <br \/>\nfinanceira do clube ser\u00e1 capaz de permanecer na primeira divis\u00e3o, agora,<br \/>\n \u00e9 como uma disputa em \u201croleta russa\u201d: por mais que se tenha uma chance <br \/>\nsomente de n\u00e3o morrer entre seis ou sete poss\u00edveis, ela \u00e9 real, seu <br \/>\nefeito \u00e9 fat\u00eddico e amedronta a qualquer um. A grandeza proporcional <br \/>\nentre clubes e vagas para o rebaixamento nos leva \u00e0 constata\u00e7\u00e3o, no <br \/>\nentanto, que um a cada cinco clubes ser\u00e1 rebaixado, o que consiste <br \/>\nmatematicamente em um percentual de queda maior do que o de morte na <br \/>\n\u201croleta russa\u201d.<\/p>\n<p>Querer colocar somente a responsabilidade sob os \u201combros\u201d de Paulo <br \/>\nAutuori sem lhe dar material humano \u00e9, ao mesmo tempo, um gesto de <br \/>\ncomodismo e de covardia. Comodismo por n\u00e3o lhe conceder, ao menos, um <br \/>\ntime mediano capaz de fazer extrair o m\u00e1ximo rendimento poss\u00edvel, e <br \/>\nenxergar a Autuori como o \u201cMessias\u201d. Covardia por, mesmo perante sua boa<br \/>\n vontade de trabalhar sabendo que ter\u00e1 muito pouco, delegar a ele toda a<br \/>\n responsabilidade pelo ajuste de um time ruim. Mesmo perante os erros de<br \/>\n Autuori nas duas \u00faltimas partidas quando escalou de forma errada, <br \/>\nningu\u00e9m ousar\u00e1 a lhe cobrar perante o cen\u00e1rio de total descaso pelo <br \/>\nclube que vem da diretoria em propaga\u00e7\u00e3o aos que, hierarquicamente, <br \/>\nest\u00e3o abaixo.<\/p>\n<p>Ainda que todos n\u00f3s saibamos, o Vasco precisa oferecer bem mais para <br \/>\nAutuori realizar um trabalho digno ao menos. Precisa, al\u00e9m de tudo, <br \/>\neliminar do elenco jogadores em excesso para certas posi\u00e7\u00f5es, e buscar <br \/>\nao menos cinco nomes que venham a resolver o problema e que componham o <br \/>\ntime como titulares absolutos: um goleiro, um zagueiro, um volante, um <br \/>\nmeio-de-campo e um atacante. Se quisermos chegar ao final da \u201cgrande <br \/>\nprociss\u00e3o\u201d com ferimentos mais leves\u201d dentro do que \u00e9 poss\u00edvel para n\u00f3s <br \/>\natualmente.<\/p>\n<p><strong>Reflexo da passividade<\/strong><\/p>\n<p>N\u00e3o \u00e9 de hoje que o Vasco \u00e9 constantemente prejudicado pela arbitragem. <br \/>\nPor Heber Roberto Lopes, inclusive. No entanto e ao contr\u00e1rio da maioria<br \/>\n dos clubes, o Vasco n\u00e3o reclamou da arbitragem desse cidad\u00e3o em seu <br \/>\n\u00faltimo jogo, em que ele usou seu apito como arma e auxiliou a nos <br \/>\nconduzir a nossa segunda derrota nesse campeonato. Clubes como Flamengo e<br \/>\n Corinthians estariam na m\u00eddia, at\u00e9 agora, gerando repercuss\u00e3o de seus <br \/>\nerros. No Fluminense, Atl\u00e9tico-MG e S\u00e3o Paulo, respectivamente, Abel <br \/>\nBraga ou Fred, Alexandre Kalil e Juvenal Juv\u00eancio estariam lembrando e, <br \/>\ndesde j\u00e1, pressionando os pr\u00f3ximos \u00e1rbitros a n\u00e3o errarem mais contra <br \/>\nseus clubes. No Vasco em sua pior crise de identidade de toda sua <br \/>\nhist\u00f3ria e que \u201centuba tudo\u201d, \u00e9 bem capaz de, num futuro pr\u00f3ximo, vermos<br \/>\n cidad\u00e3os como esse senhor citado e outros, a exemplo de 2008, nos <br \/>\ntirando pontos importantes que far\u00e3o falta no c\u00f4mputo geral e decis\u00f3rio.<br \/>\n O time ser ruim n\u00e3o excetua a constata\u00e7\u00e3o de que somos constantemente <br \/>\nprejudicados pela arbitragem. Parafraseando ao companheiro Marcelo <br \/>\nPaiva, do Portal WebVasco: \u201cat\u00e9 quando&#8230;\u201d seremos inexpressivos e <br \/>\naceitaremos esses lament\u00e1veis fatos? <\/p>\n<p><strong>Vencedor da \u00faltima semana<\/p>\n<p><\/strong><\/p>\n<p>PARABENIZO ao estimado leitor <strong>LU\u00cdS CL\u00c1UDIO DOS REIS ALVES, do bairro de Olaria no Rio de Janeiro<\/strong>, por ter sido <strong>O VENCEDOR<\/strong> do desafio da \u00faltima semana! Em tempo: <strong>o<br \/>\n Vasco venceu 04 VEZES o S\u00e3o Paulo no Morumbi em partidas v\u00e1lidas pelo <br \/>\nCampeonato Brasileiro (1980, 1989, 2011 e 2012 (Fonte: site Infopedia).<\/p>\n<p><\/strong> <strong>Desafio da semana<\/strong><\/p>\n<p>Logo mais \u00e0 noite, o Vasco enfrenta \u201cfora de sua casa\u201d o Atl\u00e9tico-MG. No<br \/>\n Campeonato Brasileiro de 1997, em plena campanha que nos levou ao <br \/>\ntricampeonato vencemos o mesmo rival por 2 vs 0, em um dia de chuva no <br \/>\nMaracan\u00e3, numa quinta-feira \u00e0 noite. <strong>Quem foi o autor dos gols do Vasco nessa partida?<\/p>\n<p><\/strong> <\/p>\n<p><strong>&quot;Toque final&quot;<\/strong><\/p>\n<p>Apenas uma pergunta pertinente para quem raciocina um pouco, sem <br \/>\nprecisar ser conhecedor de marketing para respond\u00ea-la: o que esperar de <br \/>\num plano de s\u00f3cios que \u00e9 lan\u00e7ado &quot;nas escuras&quot; de uma madrugada, sem a <br \/>\nmerecida divulga\u00e7\u00e3o e repercuss\u00e3o e precisando um clube urgentemente de <br \/>\nreceitas para sanar suas d\u00edvidas?<\/p>\n<p><\/p>\n<p><strong>Cristiano Mariotti<\/p>\n<p><\/strong><a href=\"mailto:cris.mariotti@crvasco.com.br\"><strong><a href=\"mailto:cris.mariotti@crvasco.com.br\">cris.mariotti@crvasco.com.br<\/a><\/strong><\/a><\/p>\n<p><strong>Twitter: @crismariottirj<\/p>\n<p><\/strong><a href=\"http:\/\/www.facebook.com\/crismariottirj\"><strong><a href=\"http:\/\/www.facebook.com\/crismariottirj\">www.facebook.com\/crismariottirj<\/a><\/strong><\/a> <\/p>\n<p><br clear=\"all\"\/><br \/>&#8212; <\/p>\n<div><b><font color=\"#000099\">Cristiano Mariotti<\/font><\/b><\/div>\n<p><\/p>\n<div><b><font color=\"#000099\">Professor Mestre em Ci\u00eancias em Sistemas Computacionais<br \/><\/font><\/b><\/div>\n<p>\n<\/div>\n<p><\/p>\n","protected":false},"excerpt":{"rendered":"<p>Infelizmente, hoje n\u00e3o tenho muito que escrever. Nada do que o p\u00fablico que me acompanha&#8230;<\/p>\n","protected":false},"author":12,"featured_media":341,"comment_status":"open","ping_status":"closed","sticky":false,"template":"","format":"standard","meta":{"footnotes":""},"categories":[3],"tags":[],"class_list":["post-392","post","type-post","status-publish","format-standard","has-post-thumbnail","hentry","category-colunistas"],"_links":{"self":[{"href":"https:\/\/webvasco.com\/artigos\/wp-json\/wp\/v2\/posts\/392","targetHints":{"allow":["GET"]}}],"collection":[{"href":"https:\/\/webvasco.com\/artigos\/wp-json\/wp\/v2\/posts"}],"about":[{"href":"https:\/\/webvasco.com\/artigos\/wp-json\/wp\/v2\/types\/post"}],"author":[{"embeddable":true,"href":"https:\/\/webvasco.com\/artigos\/wp-json\/wp\/v2\/users\/12"}],"replies":[{"embeddable":true,"href":"https:\/\/webvasco.com\/artigos\/wp-json\/wp\/v2\/comments?post=392"}],"version-history":[{"count":0,"href":"https:\/\/webvasco.com\/artigos\/wp-json\/wp\/v2\/posts\/392\/revisions"}],"wp:featuredmedia":[{"embeddable":true,"href":"https:\/\/webvasco.com\/artigos\/wp-json\/wp\/v2\/media\/341"}],"wp:attachment":[{"href":"https:\/\/webvasco.com\/artigos\/wp-json\/wp\/v2\/media?parent=392"}],"wp:term":[{"taxonomy":"category","embeddable":true,"href":"https:\/\/webvasco.com\/artigos\/wp-json\/wp\/v2\/categories?post=392"},{"taxonomy":"post_tag","embeddable":true,"href":"https:\/\/webvasco.com\/artigos\/wp-json\/wp\/v2\/tags?post=392"}],"curies":[{"name":"wp","href":"https:\/\/api.w.org\/{rel}","templated":true}]}}