{"id":4041,"date":"2015-09-03T14:18:18","date_gmt":"2015-09-03T17:18:18","guid":{"rendered":"http:\/\/webvasco.com\/artigos\/?p=4041"},"modified":"2015-09-03T14:19:46","modified_gmt":"2015-09-03T17:19:46","slug":"o-vasco-e-a-estatstica","status":"publish","type":"post","link":"https:\/\/webvasco.com\/artigos\/colunistas\/luizcarlosrocha\/o-vasco-e-a-estatstica\/","title":{"rendered":"O VASCO E A ESTAT&Iacute;STICA!"},"content":{"rendered":"<div>\n<div style=\"color:#000; background-color:#fff; font-family:HelveticaNeue-Light, Helvetica Neue Light, Helvetica Neue, Helvetica, Arial, Lucida Grande, sans-serif;font-size:32px\">\n<div class=\"\" style=\"text-align:justify;text-indent:35.4pt;tab-stops:111.0pt\"><span style=\"font-size:12.0pt;line-height:115%;font-family:&quot;Arial&quot;,&quot;sans-serif&quot;\" class=\"\">Mais  uma para a conta. Ao sofrer uma goleada humilhante, ontem, para o  Internacional, no Est\u00e1dio do Beira-Rio, em Porto Alegre\/RS, por 6 a 0, com gols  marcados por Ernando, Eduardo Sasha, Lisandro L\u00f3pez (duas vezes), Vald\u00edvia e Nilton,  o Vasco tem no registro negativo a marca de sofrer a maior goleada do  Campeonato Brasileiro, de 2015. Parab\u00e9ns Eurico Miranda! Suas cagadas est\u00e3o se  aperfei\u00e7oando a cada rodada da competi\u00e7\u00e3o supracitada. E n\u00e3o \u00e9 s\u00f3!<o:p class=\"\"><\/o:p><\/span><\/div>\n<div class=\"\" style=\"text-align:justify;text-indent:35.4pt;tab-stops:111.0pt\" id=\"yui_3_16_0_1_1441299654870_2529\"><span style=\"font-size:12.0pt;line-height:115%;font-family:&quot;Arial&quot;,&quot;sans-serif&quot;\" class=\"\" id=\"yui_3_16_0_1_1441299654870_2528\">Desde  que Dom Charuto e sua corja assumiram o Cruzmaltino a estat\u00edstica est\u00e1 cada vez  mais em desfavor do clube. Anote a\u00ed (mas cuidado para n\u00e3o enfartar o  mioc\u00e1rdio): Tem o pior saldo de gols entre as tr\u00eas Divis\u00f5es do Brasileir\u00e3o. Nas  temporadas dos pontos corridos 2015 \u00e9 a pior campanha. Tem um meio de campo p\u00edfio.  Uma defesa que \u00e9 a mais vazada, o pior ataque do campeonato. Recordista de  lastimadas contrata\u00e7\u00f5es. Foram 33 para o Brasileir\u00e3o. O pior de tudo \u00e9 saber  que s\u00e3o atletas de refugo, lixos futebol\u00edsticos. Aposentados e\/ ou aleijados que  nenhum outro clube queria.<o:p class=\"\"><\/o:p><\/span><\/div>\n<div class=\"\" style=\"text-align:justify;text-indent:35.4pt;tab-stops:111.0pt\" id=\"yui_3_16_0_1_1441299654870_2526\"><span style=\"font-size:12.0pt;line-height:115%;font-family:&quot;Arial&quot;,&quot;sans-serif&quot;\" class=\"\" id=\"yui_3_16_0_1_1441299654870_2527\">Dentro  do saber jur\u00eddico, aprendemos na faculdade a diferen\u00e7a entre dolo e culpa. N\u00e3o  acredito que a m\u00e1 gest\u00e3o de Dom Charuto erra por culpa, tendo ele e seus  disc\u00edpulos vasta experi\u00eancia administrativa. A cada ciclo do embate desportivo  Eurico Miranda e sua trupe conseguem apequenar ainda mais uma institui\u00e7\u00e3o  centen\u00e1ria. <o:p class=\"\"><\/o:p><\/span><\/div>\n<div class=\"\" style=\"text-align:justify;text-indent:35.4pt;tab-stops:111.0pt\" id=\"yui_3_16_0_1_1441299654870_2495\"><span style=\"font-size:12.0pt;line-height:115%;font-family:&quot;Arial&quot;,&quot;sans-serif&quot;\" class=\"\" id=\"yui_3_16_0_1_1441299654870_2494\">Cad\u00ea  a oposi\u00e7\u00e3o? Agora \u00e9 a hora de se manifestar, apresentando projetos concretos  para a solu\u00e7\u00e3o do caso. E os Conselheiros que n\u00e3o pedem o Impeachment deste  presidente obsoleto, arrogante e in\u00fatil? Sem falar na Imensa Torcida Bem (nem  tanto assim) Feliz! <o:p class=\"\"><\/o:p><\/span><\/div>\n<div class=\"\" style=\"text-align:justify;text-indent:35.4pt;tab-stops:111.0pt\" id=\"yui_3_16_0_1_1441299654870_2493\"><span style=\"font-size:12.0pt;line-height:115%;font-family:&quot;Arial&quot;,&quot;sans-serif&quot;\" class=\"\" id=\"yui_3_16_0_1_1441299654870_2492\">O  torcedor vasca\u00edno tem todo o direito de protestar contra essa equipe de merda.  Essa diretoria incompetente. Apoiar o que n\u00e3o tem jeito \u00e9 secar gelo. O  torcedor n\u00e3o tem de ir aos jogos, pelo contr\u00e1rio, tem de deixar os est\u00e1dios \u00e0s  moscas. Afirmo com todas as letras: O VASCO J\u00c1 EST\u00c1 REBAIXADO! S\u00f3 n\u00e3o  frequentar\u00e1 a S\u00e9rie B ano que vem se houver virada de mesa! Portanto, \u00e9 bom dar  uma li\u00e7\u00e3o nesta diretoria. N\u00e3o financiem os vinhos caros, os autom\u00f3veis de  luxo, belas viagens, melhores col\u00e9gios para os filhos dos cartolas que hoje  est\u00e3o \u00e0 frente do Vasco!<o:p class=\"\"><\/o:p><\/span><\/div>\n<div class=\"\" style=\"text-align:justify;text-indent:35.4pt;tab-stops:111.0pt\" id=\"yui_3_16_0_1_1441299654870_2491\"><span style=\"font-size:12.0pt;line-height:115%;font-family:&quot;Arial&quot;,&quot;sans-serif&quot;\" class=\"\" id=\"yui_3_16_0_1_1441299654870_2490\">\u00c9 o  fundo do po\u00e7o! O Vasco da Gama \u00e9 uma marca falida, e come\u00e7ando a ficar sem  prest\u00edgio. Passou da hora do torcedor protestar (de maneira s\u00e9ria e firme, n\u00e3o  se deixando iludir por qualquer bl\u00e1, bl\u00e1 bl\u00e1). A oposi\u00e7\u00e3o tem de unir for\u00e7as  para excretar de uma vez por todas o Pan\u00e7udo de S\u00e3o Janu\u00e1rio, para que nunca  mais volte! Fazer uma varredura geral. Evacuar tamb\u00e9m seus lacaios, pois se  deixarmos um s\u00f3 por l\u00e1, corremos o perigo de Dom Charuto \u2013 como a F\u00eanix \u2013  renascer. <o:p class=\"\"><\/o:p><\/span><\/div>\n<div class=\"\" style=\"text-align:justify;text-indent:35.4pt;tab-stops:111.0pt\"><span style=\"font-size:12.0pt;line-height:115%;font-family:&quot;Arial&quot;,&quot;sans-serif&quot;\" class=\"\">Fora  Eurico!<o:p class=\"\"><\/o:p><\/span><\/div>\n<div class=\"\" style=\"text-align:justify;text-indent:35.4pt;tab-stops:111.0pt\" id=\"yui_3_16_0_1_1441299654870_2489\"><span style=\"font-size:12.0pt;line-height:115%;font-family:&quot;Arial&quot;,&quot;sans-serif&quot;\" class=\"\">S\u00e1bado,  o Gigante (mesmo que os dirigentes fa\u00e7am um esfor\u00e7o enorme para mostrar que \u00e9  pequeno) da Colina, levar\u00e1 outra porrada. Desta vez para o vice-l\u00edder do  Brasileir\u00e3o. Tenho certeza que o Galo vai partir para cima, sem d\u00f3 nem piedade.  A partida ser\u00e1 no Maracan\u00e3, \u00e0s 19h30m. Ser\u00e1 a 23\u00aa afli\u00e7\u00e3o, digo, rodada.<o:p class=\"\"><\/o:p><\/span><\/div>\n<div class=\"\" style=\"text-align:justify;text-indent:35.4pt;tab-stops:111.0pt\" id=\"yui_3_16_0_1_1441299654870_2471\"><u class=\"\"><span style=\"font-size:12.0pt;line-height:115%;font-family:&quot;Arial&quot;,&quot;sans-serif&quot;\" class=\"\">ORGASMO<\/span><\/u><span style=\"font-size:12.0pt;line-height:115%;font-family:&quot;Arial&quot;,&quot;sans-serif&quot;\" class=\"\" id=\"yui_3_16_0_1_1441299654870_2472\">:  Incr\u00edvel como o torcedor molambo gosta de ter orgasmo com o p\u00eanis alheio! A  quantidade de inutilidades que recebi, via e-mail e ws (alguns at\u00e9 perderam  tempo de ligar), em comemora\u00e7\u00e3o a vit\u00f3ria do Internacional, ontem, foi  incalcul\u00e1vel. Isto, porque, n\u00e3o conseguiram ganhar do Mach\u00e3o da Gama este ano.  Na partida em que mandamos os Exclu\u00eddos para a Casa da M\u00e3e Joana e eliminamos eles  da Copa do Brasil, de forma covarde se esconderam e sequer responderam as  minhas mensagens. Torcida mequetrefe! Mas para toda regra h\u00e1 Exce\u00e7\u00e3o. Meus  amigos Lohann Marques, Douglas Alves, Raphaelle Barbosa e Maycleisson Rodrigues  podem brincar comigo, pois foram os \u00fanicos que aceitaram goza\u00e7\u00e3o quando o Vasco  humilhou o Povo do Gueto! Esse quarteto \u00e9 inteligente, educado e desportista!<o:p class=\"\"><\/o:p><\/span><\/div>\n<div class=\"\" style=\"text-align:justify;text-indent:35.4pt;tab-stops:111.0pt\"><span style=\"font-size:12.0pt;line-height:115%;font-family:&quot;Arial&quot;,&quot;sans-serif&quot;\" class=\"\"><o:p class=\"\">&nbsp;<\/o:p><\/span><\/div>\n<div class=\"\" style=\"text-align:justify;text-indent:35.4pt;tab-stops:111.0pt\" id=\"yui_3_16_0_1_1441299654870_2469\"><span style=\"font-size:12.0pt;line-height:115%;font-family:&quot;Arial&quot;,&quot;sans-serif&quot;\" class=\"\"><o:p class=\"\">&nbsp;<\/o:p><\/span><\/div>\n<div class=\"\" style=\"text-align:justify;text-indent:35.4pt;tab-stops:111.0pt\" id=\"yui_3_16_0_1_1441299654870_2470\"><span style=\"font-size:12.0pt;line-height:115%;font-family:&quot;Arial&quot;,&quot;sans-serif&quot;\" class=\"\"><o:p class=\"\">&nbsp;<\/o:p><\/span><\/div>\n<div class=\"\" style=\"text-align:justify;text-indent:35.4pt;tab-stops:111.0pt\"><span style=\"font-size:12.0pt;line-height:115%;font-family:&quot;Arial&quot;,&quot;sans-serif&quot;\" class=\"\"><o:p class=\"\">&nbsp;<\/o:p><\/span><\/div>\n<div class=\"\" style=\"text-align:justify;text-indent:35.4pt;tab-stops:111.0pt\" id=\"yui_3_16_0_1_1441299654870_2451\"><b class=\"\"><u class=\"\"><span style=\"font-size:20.0pt;line-height:115%;font-family:&quot;Arial&quot;,&quot;sans-serif&quot;\" class=\"\">DIVULGUEM ESSA COVARDIA:<\/span><\/u><\/b><span style=\"font-size:16.0pt;line-height:115%;font-family:&quot;Arial&quot;,&quot;sans-serif&quot;\" class=\"\" id=\"yui_3_16_0_1_1441299654870_2463\"> GOSTARIA  DE PEDIR A TODOS OS MEUS AMIGOS E LEITORES QUE TIRASSE UM TEMPINHO PARA LER A  PETI\u00c7\u00c3O P\u00daBLICA, AO QUAL SEGUE ABAIXO O LINK. TAL DOCUMENTO REFERE-SE A <b class=\"\"><u class=\"\">UM ATO DE COVARDIA POR PARTE DA  VOLKSWAGEN DO BRASIL EM COAUTORIA DA ABOLI\u00c7\u00c3O VE\u00cdCULOS (GRUPO AB)<\/u><\/b>  CONTRA ESTE VELHO JORNALISTA. A REFERIDA CONCESSION\u00c1RIA EST\u00c1 ME LESANDO DESDE  FEVEREIRO DE 2013. MEU CARRO FOI BATIDO DENTRO DA OFICINA, FURTARAM ACESS\u00d3RIOS,  TEM PROBLEMAS CAUSADOS POR ELES, AL\u00c9M DE DEFEITOS DE FABRICA\u00c7\u00c3O. O CARRO 0 KM  COMPRADO POR MIM HOJE SE ENCONTRA NA OFICINA DA ABOLI\u00c7\u00c3O VE\u00cdCULOS (CENTRO DE  NITER\u00d3I) <b class=\"\"><u class=\"\">DESDE 10 DE JUNHO DE 2013<\/u><\/b>,  OU SEJA, H\u00c1 <b class=\"\"><u class=\"\">26 MESES, OU SEJA, 2 ANOS  E DOIS MESES.<\/u><\/b> <b class=\"\"><u class=\"\">TEM APENAS 729  KM RODADOS<\/u><\/b> PARA COMPROVAR O CALV\u00c1RIO TENHO DOCUMENTOS, GRAVA\u00c7\u00d5ES DE  AUDIO E V\u00cdDEO, MAIS DE 600 FOTOGRAFIAS E E-MAILS TROCADOS COM FUNCION\u00c1RIOS DO  BAIXO, M\u00c9DIO E ALTO ESCAL\u00c3O DA EMPRESA. POR FAVOR, ASSINEM O DOCUMENTO PARA QUE  OUTROS CONSUMIDORES N\u00c3O SEJAM LESADOS POR EMPRESAS DESTE N\u00cdVEL.&nbsp; <\/span><a href=\"https:\/\/secure.avaaz.org\/po\/petition\/Aos_Orgaos_de_Defesa_do_Consumidor_e_ao_Poder_Judiciario_JUSTICA_CONTRA_UMA_MARCA_E_SUA_REVENDERORA_QUE_DESCUMPREM_A_LEI\/?lJEcNfb&amp;pv=0\" class=\"\" id=\"yui_3_16_0_1_1441299654870_2454\"><span style=\"font-size:16.0pt;line-height:115%;font-family:&quot;Arial&quot;,&quot;sans-serif&quot;\" class=\"\" id=\"yui_3_16_0_1_1441299654870_2453\"><a href=\"https:\/\/secure.avaaz.org\/po\/petition\/Aos_Orgaos_de_Defesa_do_Consumidor_e_ao_Poder_Judiciario_JUSTICA_CONTRA_UMA_MARCA_E_SUA_REVENDERORA_QUE_DESCUMPREM_A_LEI\/?lJEcNfb&amp;pv=0\" >https:\/\/secure.avaaz.org\/po\/petition\/Aos_Orgaos_de_Defesa_do_Consumidor_e_ao_Poder_Judiciario_JUSTICA_CONTRA_UMA_MARCA_E_SUA_REVENDERORA_QUE_DESCUMPREM_A_LEI\/?lJEcNfb&amp;pv=0<\/a><\/span><\/a><span style=\"font-size:16.0pt;line-height:115%;font-family:&quot;Arial&quot;,&quot;sans-serif&quot;\" class=\"\"><o:p class=\"\"><\/o:p><\/span><\/div>\n<div class=\"\" style=\"text-align:justify;tab-stops:111.0pt\" id=\"yui_3_16_0_1_1441299654870_2452\"><span style=\"font-size:16.0pt;line-height:115%;font-family:&quot;Arial&quot;,&quot;sans-serif&quot;\" class=\"\"><o:p class=\"\">&nbsp;<\/o:p><\/span><\/div>\n<div class=\"\" style=\"text-align:justify;tab-stops:111.0pt\"><b class=\"\"><span style=\"font-size:16.0pt;line-height:115%;font-family:&quot;Arial&quot;,&quot;sans-serif&quot;\" class=\"\">&nbsp;&nbsp;&nbsp;&nbsp;&nbsp;&nbsp;&nbsp;&nbsp;&nbsp;&nbsp;&nbsp;&nbsp;&nbsp;&nbsp;&nbsp;&nbsp;&nbsp;&nbsp;&nbsp;&nbsp;&nbsp;&nbsp;&nbsp;&nbsp; &nbsp;&nbsp;&nbsp;&nbsp;&nbsp;&nbsp; <o:p class=\"\"><\/o:p><\/span><\/b><\/div>\n<div id=\"yui_3_16_0_1_1441299654870_2292\">                                                                <\/div>\n<div class=\"\" style=\"text-align:justify\" id=\"yui_3_16_0_1_1441299654870_2379\" dir=\"ltr\"><b class=\"\" id=\"yui_3_16_0_1_1441299654870_2450\"><span style=\"font-size:14.0pt;line-height:115%;font-family:&quot;Arial&quot;,&quot;sans-serif&quot;\" class=\"\" id=\"yui_3_16_0_1_1441299654870_2449\">AP\u00d3S  AS TODAS AS PARTIDAS DO VASC\u00c3O EM MEU PERFIL DO FACEBOOK (QUEM QUISER RECEBER  AS CR\u00d4NICAS DE PRIMEIRA M\u00c3O \u00c9 S\u00d3 ME ADICIONAR), E NOS SITES WEBVASCO  (www.webvasco.com), E VASCA\u00cdNOS UNIDOS (www.vascainosunidos.com.br) TEM A  OPINI\u00c3O DO JORNALISTA LUIZ CARLOS ROCHA. LEIAM! COMPARTILHEM E CURTAM!  VASCA\u00cdNOS UNIDOS JAMAIS SER\u00c3O VENCIDOS.<o:p class=\"\"><\/o:p><\/span><\/b><\/div>\n<div id=\"yui_3_16_0_1_1441299654870_2322\"><span><br \/><\/span><\/div>\n<div id=\"yui_3_16_0_1_1441299654870_2323\"><span><br \/><\/span><\/div>\n<div><\/div>\n<div id=\"yui_3_16_0_1_1441299654870_2324\">&nbsp;<\/div>\n<div class=\"signature\" id=\"yui_3_16_0_1_1441299654870_2257\">\n<div id=\"RTEContent\">\n<div id=\"yui_3_16_0_1_1441299654870_2256\">\n<div id=\"yui_3_16_0_1_1441299654870_2255\">\n<div id=\"yui_3_16_0_1_1441299654870_2254\">\n<div align=\"center\" id=\"yui_3_16_0_1_1441299654870_2253\"><\/div>\n<\/div>\n<\/div>\n<\/div>\n<\/div>\n<\/div>\n<\/div>\n<\/div>\n<p><\/p>\n","protected":false},"excerpt":{"rendered":"<p>Mais uma para a conta. Ao sofrer uma goleada humilhante, ontem, para o Internacional, no&#8230;<\/p>\n","protected":false},"author":7,"featured_media":0,"comment_status":"open","ping_status":"closed","sticky":false,"template":"","format":"standard","meta":{"footnotes":""},"categories":[4],"tags":[],"class_list":["post-4041","post","type-post","status-publish","format-standard","hentry","category-luizcarlosrocha"],"_links":{"self":[{"href":"https:\/\/webvasco.com\/artigos\/wp-json\/wp\/v2\/posts\/4041","targetHints":{"allow":["GET"]}}],"collection":[{"href":"https:\/\/webvasco.com\/artigos\/wp-json\/wp\/v2\/posts"}],"about":[{"href":"https:\/\/webvasco.com\/artigos\/wp-json\/wp\/v2\/types\/post"}],"author":[{"embeddable":true,"href":"https:\/\/webvasco.com\/artigos\/wp-json\/wp\/v2\/users\/7"}],"replies":[{"embeddable":true,"href":"https:\/\/webvasco.com\/artigos\/wp-json\/wp\/v2\/comments?post=4041"}],"version-history":[{"count":0,"href":"https:\/\/webvasco.com\/artigos\/wp-json\/wp\/v2\/posts\/4041\/revisions"}],"wp:attachment":[{"href":"https:\/\/webvasco.com\/artigos\/wp-json\/wp\/v2\/media?parent=4041"}],"wp:term":[{"taxonomy":"category","embeddable":true,"href":"https:\/\/webvasco.com\/artigos\/wp-json\/wp\/v2\/categories?post=4041"},{"taxonomy":"post_tag","embeddable":true,"href":"https:\/\/webvasco.com\/artigos\/wp-json\/wp\/v2\/tags?post=4041"}],"curies":[{"name":"wp","href":"https:\/\/api.w.org\/{rel}","templated":true}]}}