{"id":4121,"date":"2015-09-04T12:55:32","date_gmt":"2015-09-04T15:55:32","guid":{"rendered":"http:\/\/webvasco.com\/artigos\/?p=4121"},"modified":"2015-09-04T12:57:28","modified_gmt":"2015-09-04T15:57:28","slug":"a-desvalorizao-da-marca-vasco-da-gama","status":"publish","type":"post","link":"https:\/\/webvasco.com\/artigos\/colunistas\/marcus-simonini\/a-desvalorizao-da-marca-vasco-da-gama\/","title":{"rendered":"A DESVALORIZA&Ccedil;&Atilde;O DA MARCA VASCO DA GAMA"},"content":{"rendered":"<div>\n<div dir='ltr'><\/p>\n<div>\n<div dir=\"ltr\">&nbsp;<\/div>\n<div dir=\"ltr\">Vasca\u00ednos! <\/div>\n<div dir=\"ltr\">&nbsp;<\/div>\n<div dir=\"ltr\">&nbsp;<\/div>\n<div dir=\"ltr\">Vejam&nbsp;a\u00ed a Globo detonando a marca Vasco! Olhem o escudo que ela coloca ao lado do escudo do Vasco!!! Leiam a mat\u00e9ria e as compara\u00e7\u00f5es maldosas feitas em desfavor do Vasco!<br \/>&nbsp;<br \/>Quando se assume a dire\u00e7\u00e3o de uma Institui\u00e7\u00e3o Centen\u00e1ria, com um&nbsp;patrim\u00f4nio intang\u00edvel elevado (marca CRVG) \u00e9 preciso ter exata no\u00e7\u00e3o do tamanho das responsabilidades como consequ\u00eancia das decis\u00f5es, no caso de erros, muitos deles graves, como por exemplo a montagem de um elenco para representar a Institui\u00e7\u00e3o em competi\u00e7\u00f5es na qual ter\u00e1 confrontos com outras marcas fortes que v\u00eam sendo trabalhadas para serem&nbsp;bem sucedidas, casos como Gr\u00eamio, Internacional, Palmeiras e Corinthians.&nbsp;<br \/>&nbsp;<br \/>Montar times ruins, sem jogadores que motivem os s\u00f3cios e torcedores a irem ao est\u00e1dio, e que faz com que crian\u00e7as n\u00e3o queiram mais seguir seus pais e virem a torcer por outros times, ainda mais sendo rivais diretos, e ainda, sofrer goleadas sonoras, tudo isto&nbsp;tem um&nbsp;custo elevad\u00edssimo! <br \/>&nbsp;<br \/>Quebra de confian\u00e7a \u00e9 quebra de credibilidade, e essa quebra provoca perdas e mais perdas de arrecada\u00e7\u00e3o. O Vasco n\u00e3o pode mais continuar a ser&nbsp;gerido como vem sendo h\u00e1 15 anos. Isso vai levar essa Institui\u00e7\u00e3o Centen\u00e1ria a um plano secund\u00e1rio, a tornar-se sombra de seu passado. &nbsp;<br \/>&nbsp;<br \/>Vejam a mat\u00e9ria abaixo. Ser\u00e1 que nossos dirigentes n\u00e3o entendem que est\u00e3o dando muni\u00e7\u00e3o para essa empresa&nbsp;perversa acabar com a marca CRVG???!!! <br \/>&nbsp;<br \/>Quanto custaria uma mat\u00e9ria desse tamanho no site Globoesporte se o Vasco quisesse divulgar a sua marca de forma positiva?! Pois bem, para destru\u00ed-la a Globo faz de gra\u00e7a!<br \/>&nbsp;<br \/>Reflitam! Pensem mais no VASCO DA GAMA, e sobretudo nas crian\u00e7as vasca\u00ednas, todos os dias massacradas nas escolas e em seus condom\u00ednios. <br \/>&nbsp;<br \/>Como bem diz o Marcelo Paiva: &#8220;O Vasco perde para ele mesmo&#8221;. A Globo s\u00f3 tem a agradecer pelo seu trabalho estar sendo t\u00e3o facilitado. <br \/>&nbsp;<br \/>O QUE VOC\u00ca J\u00c1 FEZ <strong>PELO VASCO <\/strong>HOJE?<br \/>Frase de Alexandre Pessoal.<\/p>\n<div>\n<hr id=\"ecxstopSpelling\"\/>       <\/p>\n<div><abbr class=\"ecxpublished\"><font color=\"#808080\"><strong>03\/09\/2015  11h07<\/strong><\/font><\/abbr><font color=\"#808080\"><strong> &#8211; Atualizado em  <abbr class=\"ecxupdated\"><time datetime=\"2015-09-03T11:17\">03\/09\/2015 11h17<\/time><\/abbr><\/strong><\/font><\/div>\n<div align=\"justify\" class=\"ecxglb-conteudo\">\n<div class=\"ecxglb-bloco ecxrow\">\n<div class=\"ecxglb-grid-8 ecxsmall-8 ecxmedium-8 ecxlarge-8 ecxcolumns\">\n<div class=\"ecxhfeed ecxhentry\" id=\"ecxglb-materia\">\n<div class=\"ecxmateria-titulo\">\n<h1 class=\"ecxentry-title\">\u00cdbis iguala Vasco em n\u00famero de gols  sofridos nos \u00faltimos tr\u00eas jogos; confira<\/h1>\n<h2><font color=\"#808080\">&#8220;Pior Time do Mundo&#8221; e Gigante da  Colina levaram 10 gols nos \u00faltimos tr\u00eas confrontos<\/font><\/h2>\n<\/p><\/div>\n<div class=\"ecxmateria-assinatura-letra\">\n<div class=\"ecxmateria-assinatura\">\n<p class=\"ecxvcard ecxauthor\"><strong><font color=\"#0000ff\">Por Andr\u00e9 R\u00e1guine | <span class=\"ecxadr\"><span class=\"ecxlocality\">Carpina,  PE<\/span><\/span><\/font><\/strong><\/p>\n<\/div>\n<div class=\"ecxshare-bar ecxgloboesporte\" style=\"width: 70%;\" data-theme=\"natural\" data-url=\"http:\/\/glo.bo\/1JB9nua\" data-title=\"\u00cdbis iguala Vasco em n\u00famero de gols sofridos nos \u00faltimos tr\u00eas jogos; confira #globoesporte\" data-image-url=\"http:\/\/s.glbimg.com\/es\/ge\/f\/original\/2015\/09\/03\/carrossel_rondoniense524x567.jpg\"><\/div>\n<\/div>\n<div class=\"ecxmateria-conteudo ecxentry-content\" id=\"ecxmateria-letra\">\n<div class=\"ecxcorpo-conteudo\">\n<div class=\"ecxfoto ecxcomponente-conteudo\" id=\"ecx4b37ce46-a96f-65b6-272a-6e3159c8bdb2\" style=\"width: 300px;\"><img loading=\"lazy\" decoding=\"async\" width=\"300\" height=\"223\" title=\"CARROSSEL - Vasco e \u00cdBis  (Foto: Editoria de Arte)\" alt=\"CARROSSEL - Vasco e \u00cdBis  (Foto: Editoria de Arte)\" src=\"http&#58;\/\/s2.glbimg.com\/1LT_OLruKAs-Arfj93DSNDBdJ8U&#61;\/22x109&#58;496x462\/300x223\/s.glbimg.com\/es\/ge\/f\/original\/2015\/09\/03\/carrossel_rondoniense524x567.jpg\"\/><font color=\"#800000\">Equipes tem uma m\u00e9dia de 3,33 gols  sofridos nos \u00faltimo tr\u00eas jogos disputados (Foto: Editoria de Arte)<\/font><\/div>\n<p> Separados pelas gl\u00f3rias de grandes conquistas, visibilidade no cen\u00e1rio  nacional, estrutura f\u00edsica, poder aquisitivo e n\u00famero de torcedores, \u00cdbis e  Vasco est\u00e3o bem distantes de ser comparados. Al\u00e9m disso, h\u00e1 uma disparidade  entre os n\u00edveis das competi\u00e7\u00f5es que disputam, com o Gigante da Colina jogando a  S\u00e9rie A do Brasileir\u00e3o e Copa do Brasil, enquanto o P\u00e1ssaro Negro disputa a  Segunda Divis\u00e3o do Campeonato Pernambucano.&nbsp;<\/p>\n<p> Outro fato que separa os clubes s\u00e3o as cores de ambos,&nbsp;j\u00e1 que o time  pernambucano \u00e9 rubro-negro, cores do Flamengo, maior rival do  Cruzmaltino.<\/p>\n<p> Mas em meio a todas essas diferen\u00e7as, h\u00e1 algo em comum entre as equipes: o  elevado n\u00famero de gols sofridos. Comparando com os \u00faltimos tr\u00eas jogos disputados  de cada um, em seus respectivos campeonatos, ambos j\u00e1 viram suas redes serem  balan\u00e7adas por 10 vezes. Outra semelhan\u00e7a nesse curto per\u00edodo de tempo \u00e9 que  cada um sofreu uma goleada &#8211; \u00cdbis 1 x 8 Olinda e Internacional 6 x 0  Vasco.<\/p>\n<div class=\"ecxfoto ecxcomponente-conteudo\" id=\"ecx015c2a14-7576-445b-b38d-2dffd653608b\" style=\"width: 690px;\"><img loading=\"lazy\" decoding=\"async\" width=\"690\" height=\"252\" title=\"Tabela \u00edbis x vasco (Foto: GloboEsporte.com)\" alt=\"Tabela \u00edbis x vasco (Foto: GloboEsporte.com)\" src=\"http&#58;\/\/s2.glbimg.com\/5cGCUGfN06UMfzwtKQRB989ogTA&#61;\/0x0&#58;689x252\/690x252\/s.glbimg.com\/es\/ge\/f\/original\/2015\/09\/03\/tabela11_1.png\"\/><font color=\"#800000\">Ambas as equipes sofreram uma goleada  nesse curto per\u00edodo de tempo (Foto: GloboEsporte.com)<\/font><\/div>\n<p> Se esses resultados s\u00e3o ruins para o Vasco, os trope\u00e7os do \u00cdbis s\u00e3o uma  esp\u00e9cie de &#8220;orgulho&#8221; para o clube, que leva consigo o t\u00edtulo de &#8220;Pior Time do  Mundo&#8221;, conquistado no fim da d\u00e9cada de 1970, quando a equipe passou nove jogos  consecutivos perdendo, al\u00e9m de uma sequ\u00eancia de 23 sem vit\u00f3rias. Tudo isso  totalizou um per\u00edodo de tr\u00eas anos e onze meses sem vencer, marca que chegou a  ser registrada no Guinness Book (livro dos recordes).<br \/> <strong><font color=\"#800000\">FONTE:<\/font><\/strong> <a href=\"http:\/\/globoesporte.globo.com\/pe\/caruaru-regiao\/futebol\/noticia\/2015\/09\/ibis-iguala-vasco-em-numero-de-gols-sofridos-nos-ultimos-tres-jogos-confira.html\" target=\"_blank\"><\/a><a href=\"http:\/\/globoesporte.globo.com\/pe\/caruaru-regiao\/futebol\/noticia\/2015\/09\/ibis-iguala-vasco-em-numero-de-gols-sofridos-nos-ultimos-tres-jogos-confira.html\" >http:\/\/globoesporte.globo.com\/pe\/caruaru-regiao\/futebol\/noticia\/2015\/09\/ibis-iguala-vasco-em-numero-de-gols-sofridos-nos-ultimos-tres-jogos-confira.html<\/a><\/p>\n<\/div>\n<\/div>\n<\/div>\n<\/div>\n<\/div>\n<\/div>\n<\/div><\/div>\n<\/div><\/div>\n<\/div>\n<p><\/p>\n","protected":false},"excerpt":{"rendered":"<p>&nbsp; Vasca\u00ednos! &nbsp; &nbsp; Vejam&nbsp;a\u00ed a Globo detonando a marca Vasco! Olhem o escudo que&#8230;<\/p>\n","protected":false},"author":8,"featured_media":0,"comment_status":"open","ping_status":"closed","sticky":false,"template":"","format":"standard","meta":{"footnotes":""},"categories":[6],"tags":[],"class_list":["post-4121","post","type-post","status-publish","format-standard","hentry","category-marcus-simonini"],"_links":{"self":[{"href":"https:\/\/webvasco.com\/artigos\/wp-json\/wp\/v2\/posts\/4121","targetHints":{"allow":["GET"]}}],"collection":[{"href":"https:\/\/webvasco.com\/artigos\/wp-json\/wp\/v2\/posts"}],"about":[{"href":"https:\/\/webvasco.com\/artigos\/wp-json\/wp\/v2\/types\/post"}],"author":[{"embeddable":true,"href":"https:\/\/webvasco.com\/artigos\/wp-json\/wp\/v2\/users\/8"}],"replies":[{"embeddable":true,"href":"https:\/\/webvasco.com\/artigos\/wp-json\/wp\/v2\/comments?post=4121"}],"version-history":[{"count":0,"href":"https:\/\/webvasco.com\/artigos\/wp-json\/wp\/v2\/posts\/4121\/revisions"}],"wp:attachment":[{"href":"https:\/\/webvasco.com\/artigos\/wp-json\/wp\/v2\/media?parent=4121"}],"wp:term":[{"taxonomy":"category","embeddable":true,"href":"https:\/\/webvasco.com\/artigos\/wp-json\/wp\/v2\/categories?post=4121"},{"taxonomy":"post_tag","embeddable":true,"href":"https:\/\/webvasco.com\/artigos\/wp-json\/wp\/v2\/tags?post=4121"}],"curies":[{"name":"wp","href":"https:\/\/api.w.org\/{rel}","templated":true}]}}