{"id":421,"date":"2013-06-07T15:38:48","date_gmt":"2013-06-07T18:38:48","guid":{"rendered":"http:\/\/webvasco.com\/artigos\/?p=421"},"modified":"2013-06-07T15:40:13","modified_gmt":"2013-06-07T18:40:13","slug":"reunio-de-vascanos-para-vascanos","status":"publish","type":"post","link":"https:\/\/webvasco.com\/artigos\/colunistas\/andrepedro\/reunio-de-vascanos-para-vascanos\/","title":{"rendered":"Reuni&atilde;o de vasca&iacute;nos para vasca&iacute;nos"},"content":{"rendered":"<figure id=\"attachment_353\" aria-describedby=\"caption-attachment-353\" style=\"width: 150px\" class=\"wp-caption alignright\"><a href=\"https:\/\/webvasco.com\/artigos\/wp-content\/uploads\/2013\/06\/IMG_0830.jpg\"><img loading=\"lazy\" decoding=\"async\" class=\"size-full wp-image-353   \" style=\"margin: 9px;\" alt=\"Eduardo Machado\" src=\"https:\/\/webvasco.com\/artigos\/wp-content\/uploads\/2013\/06\/IMG_0830-150x107.jpg\" width=\"150\" height=\"107\" \/><\/a><figcaption id=\"caption-attachment-353\" class=\"wp-caption-text\">Eduardo Machado<\/figcaption><\/figure>\n<p>Na tarde desta quinta-feira (06\/06\/2013), \u00e0s 13h, ocorreu uma reuni\u00e3o promovida pelos vasca\u00ednos Fernand\u00e3o e Eduardo Machado para se falar um pouco de Vasco e dar a oportunidade de se discutir um pouco sobre nosso clube e promover a troca de ideias entre diversas correntes de pensamento existentes.<\/p>\n<p>Estiveram presentes diversos vasca\u00ednos ilustres e alguns poss\u00edveis candidatos ao pleito de 2014, mas tamb\u00e9m diversos vasca\u00ednos conhecidos da m\u00eddia e outros n\u00e3o t\u00e3o conhecidos, mas que certamente procuram ajudar o clube de alguma forma.<\/p>\n<p>Como o Fernand\u00e3o deixou claro durante o evento, o objetivo \u00e9 promover outros encontros, independente de opini\u00f5es pessoais, pois o que interessa \u00e9 na verdade o Vasco como institui\u00e7\u00e3o. N\u00f3s, do Webvasco, inclusive j\u00e1 batemos nessa tecla h\u00e1 muito tempo e ficamos felizes de saber que esse tipo de pensamento est\u00e1 ganhando corpo dentro das lideran\u00e7as vasca\u00ednas.<\/p>\n<figure id=\"attachment_353\" aria-describedby=\"caption-attachment-353\" style=\"width: 150px\" class=\"wp-caption alignright\"><a href=\"https:\/\/webvasco.com\/artigos\/wp-content\/uploads\/2013\/06\/IMG_0825.jpg\"><img loading=\"lazy\" decoding=\"async\" class=\"size-full wp-image-353   \" style=\"margin: 9px;\" alt=\"Leo Gon\u00e7alves discursando\" src=\"https:\/\/webvasco.com\/artigos\/wp-content\/uploads\/2013\/06\/IMG_0825-150x109.jpg\" width=\"150\" height=\"109\" \/><\/a><figcaption id=\"caption-attachment-353\" class=\"wp-caption-text\">Leo Gon\u00e7alves discursando<\/figcaption><\/figure>\n<p>Ap\u00f3s a abertura do evento promovida pelo Fernand\u00e3o, L\u00e9o Gon\u00e7alves da Cruzada Vasca\u00edna foi convidado e falou sobre a necessidade de uni\u00e3o dos vasca\u00ednos, ressaltando que independente de linhas de pensamento, todos n\u00f3s somos vasca\u00ednos.<\/p>\n<p>Logo ap\u00f3s, o vasca\u00edno Francisco Pereira, o Chico, foi convidado e falou um pouco sobre sua vis\u00e3o do clube, destacando a necessidade de se eliminar vaidades pessoais em prol do Vasco.<\/p>\n<p>Jo\u00e3o Marcos, membro da Cruzada Vasca\u00edna, falou um pouco sobre o Conselho Fiscal do Vasco, do qual \u00e9 membro, bem como do Conselho Deliberativo, destacando o trabalho s\u00e9rio que vem sendo realizado.<\/p>\n<p>Maur\u00edcio Lima, da revista Veja Rio, falou da necessidade de grandes vasca\u00ednos se unirem em prol do clube, pois o Vasco \u00e9 um gigante carioca e precisa dessa uni\u00e3o para se manter assim.<\/p>\n<figure id=\"attachment_353\" aria-describedby=\"caption-attachment-353\" style=\"width: 150px\" class=\"wp-caption alignright\"><a href=\"https:\/\/webvasco.com\/artigos\/wp-content\/uploads\/2013\/06\/IMG_0840.jpg\"><img loading=\"lazy\" decoding=\"async\" class=\"size-full wp-image-353 \u00a0 \" style=\"margin: 9px;\" alt=\"Andr\u00e9 Pedro e Carlos, o Homem Piruca\" src=\"https:\/\/webvasco.com\/artigos\/wp-content\/uploads\/2013\/06\/IMG_0840-150x111.jpg\" width=\"150\" height=\"111\" \/><\/a><figcaption id=\"caption-attachment-353\" class=\"wp-caption-text\">Andr\u00e9 Pedro e Carlos, o Homem Piruca<\/figcaption><\/figure>\n<p>O vasca\u00edno Jorge Ver\u00edssimo, fazendo analogia \u00e0 propaganda dos EUA na 2\u00aa guerra mundial, perguntou o que cada um de n\u00f3s pode fazer pelo Vasco hoje, e discursou sobre o tema.<\/p>\n<p>O vasca\u00edno Rodrigo da PetroVasco falou sobre a torcida formada por funcion\u00e1rios vasca\u00ednos da Petrobr\u00e1s e do momento atual do Vasco em que estamos vivenciando uma transi\u00e7\u00e3o do amadorismo total para um profissionalismo, destacando a necessidade desse processo se concluir para termos um novo Vasco moderno, com Gest\u00e3o eficiente e profissional no futuro.<\/p>\n<p>Eduardo Machado, ex-Vice Presidente de Marketing do Vasco, falou do grupo Pr\u00f3 Vasco, bem como da necessidade de se haver uma vis\u00e3o estrat\u00e9gica para o Vasco, deixando a mensagem de que devemos seguir o exemplo de nossos antepassados portugueses, pois estes sabiam tra\u00e7ar as rotas para se chegar a um objetivo e se tornaram famosos por isso. Agradeceu ainda a presen\u00e7a de todos no evento.<\/p>\n<figure id=\"attachment_353\" aria-describedby=\"caption-attachment-353\" style=\"width: 150px\" class=\"wp-caption alignright\"><a href=\"https:\/\/webvasco.com\/artigos\/wp-content\/uploads\/2013\/06\/IMG_0838.jpg\"><img loading=\"lazy\" decoding=\"async\" class=\"size-full wp-image-353   \" style=\"margin: 9px;\" alt=\"Delegada Martha Rocha e Andr\u00e9 Pedro\" src=\"https:\/\/webvasco.com\/artigos\/wp-content\/uploads\/2013\/06\/IMG_0838-150x111.jpg\" width=\"150\" height=\"111\" \/><\/a><figcaption id=\"caption-attachment-353\" class=\"wp-caption-text\">Delegada Martha Rocha e Andr\u00e9 Pedro<\/figcaption><\/figure>\n<p>A Chefe da Pol\u00edcia Civil no Rio, a Vasca\u00edna e Delegada Martha Rocha agradeceu o convite para participar da reuni\u00e3o e falou do prazer em sempre estar em eventos vasca\u00ednos, ressaltando que al\u00e9m dela, estavam presentes diversas autoridades da Pol\u00edcia Civil tamb\u00e9m vasca\u00ednas. Falou sobre sua origem e o porque de ser vasca\u00edna, afirmando que sempre que necess\u00e1rio, poderiam contar com ela para ajudar no que for poss\u00edvel. Logo ap\u00f3s recebeu uma homenagem dos organizadores do evento.<\/p>\n<p>Marcelo Maia, da Cervejaria Cerpa, agradeceu a gentileza de poder estar presente e falou das novas instala\u00e7\u00f5es aqui no sudeste, afirmando que estar\u00e1 sempre \u00e0 disposi\u00e7\u00e3o em ajudar o Vasco.<\/p>\n<p>Finalmente, o Grande Benem\u00e9rito Ot\u00e1vio Gomes falou sobre o movimento que est\u00e1 ganhando forma e sobre a necessidade de mudan\u00e7a nas pol\u00edticas antigas do Vasco, o qual precisa de renova\u00e7\u00e3o. Destacou que devemos deixar o passado no passado, por\u00e9m sem esquecer dele, de forma a n\u00e3o cometer os mesmos erros.<\/p>\n<figure id=\"attachment_353\" aria-describedby=\"caption-attachment-353\" style=\"width: 150px\" class=\"wp-caption alignright\"><a href=\"https:\/\/webvasco.com\/artigos\/wp-content\/uploads\/2013\/06\/IMG_0842.jpg\"><img loading=\"lazy\" decoding=\"async\" class=\"size-full wp-image-353 \u00a0 \" style=\"margin: 9px;\" alt=\"Davidson de Mattos (GDA) e Andr\u00e9 Pedro\" src=\"https:\/\/webvasco.com\/artigos\/wp-content\/uploads\/2013\/06\/IMG_0842-150x111.jpg\" width=\"150\" height=\"111\" \/><\/a><figcaption id=\"caption-attachment-353\" class=\"wp-caption-text\">Davidson de Mattos (GDA) e Andr\u00e9 Pedro<\/figcaption><\/figure>\n<p>Fernand\u00e3o encerrou a reuni\u00e3o afirmando que ser\u00e3o realizadas mais reuni\u00f5es no futuro, sendo que um semin\u00e1rio est\u00e1 sendo planejado para ocorrer no segundo semestre deste ano.<\/p>\n<p>Por fim, tivemos a oportunidade de conversar com o Davidson do GDA e dar os parab\u00e9ns pelo trabalho diferenciado que esta torcida organizada est\u00e1 fazendo. O Webvasco estar\u00e1 sempre a disposi\u00e7\u00e3o para o GDA no que for poss\u00edvel. Tamb\u00e9m quero deixar registrado aqui toda a minha admira\u00e7\u00e3o pelo trabalho realizado pelo Carlos, o Homem Piruca &#8211; voc\u00ea tem sido incans\u00e1vel e hoje a torcida v\u00ea em voc\u00ea um espelho de seus anseios &#8211; Parab\u00e9ns!<\/p>\n<p>N\u00f3s, do Webvasco, percebemos durante o evento que, independente de posicionamentos partid\u00e1rios, havia um sentimento comum de que precisamos deixar a tempestade passar e trazer nosso clube de volta ao lugar de destaque que \u00e9 seu por direito. Para isso, ideologias radicais devem ter suas arestas aplainadas, de forma a se compreender que as pessoas passam e a Institui\u00e7\u00e3o Vasco fica. Afirmamos, com toda a convic\u00e7\u00e3o, que o Vasco somente chegou ao topo do cen\u00e1rio esportivo nacional porque sempre teve em seus quadros pessoas abnegadas que constru\u00edram este clube com valores s\u00f3lidos e visando o bem comum. \u00c9 com essa vis\u00e3o, a qual esperamos estar sendo sedimentada pelos vasca\u00ednos como um todo, que poderemos ter novamente um grande clube do qual nossos descentes ir\u00e3o se orgulhar, assim como n\u00f3s nos orgulhamos de nossos antepassados.<\/p>\n<p>Parab\u00e9ns, vasca\u00ednos!<\/p>\n<p>&nbsp;<\/p>\n","protected":false},"excerpt":{"rendered":"<p>Na tarde desta quinta-feira (06\/06\/2013), \u00e0s 13h, ocorreu uma reuni\u00e3o promovida pelos vasca\u00ednos Fernand\u00e3o e&#8230;<\/p>\n","protected":false},"author":5,"featured_media":59,"comment_status":"open","ping_status":"closed","sticky":false,"template":"","format":"standard","meta":{"footnotes":""},"categories":[2],"tags":[],"class_list":["post-421","post","type-post","status-publish","format-standard","has-post-thumbnail","hentry","category-andrepedro"],"_links":{"self":[{"href":"https:\/\/webvasco.com\/artigos\/wp-json\/wp\/v2\/posts\/421","targetHints":{"allow":["GET"]}}],"collection":[{"href":"https:\/\/webvasco.com\/artigos\/wp-json\/wp\/v2\/posts"}],"about":[{"href":"https:\/\/webvasco.com\/artigos\/wp-json\/wp\/v2\/types\/post"}],"author":[{"embeddable":true,"href":"https:\/\/webvasco.com\/artigos\/wp-json\/wp\/v2\/users\/5"}],"replies":[{"embeddable":true,"href":"https:\/\/webvasco.com\/artigos\/wp-json\/wp\/v2\/comments?post=421"}],"version-history":[{"count":3,"href":"https:\/\/webvasco.com\/artigos\/wp-json\/wp\/v2\/posts\/421\/revisions"}],"predecessor-version":[{"id":450,"href":"https:\/\/webvasco.com\/artigos\/wp-json\/wp\/v2\/posts\/421\/revisions\/450"}],"wp:featuredmedia":[{"embeddable":true,"href":"https:\/\/webvasco.com\/artigos\/wp-json\/wp\/v2\/media\/59"}],"wp:attachment":[{"href":"https:\/\/webvasco.com\/artigos\/wp-json\/wp\/v2\/media?parent=421"}],"wp:term":[{"taxonomy":"category","embeddable":true,"href":"https:\/\/webvasco.com\/artigos\/wp-json\/wp\/v2\/categories?post=421"},{"taxonomy":"post_tag","embeddable":true,"href":"https:\/\/webvasco.com\/artigos\/wp-json\/wp\/v2\/tags?post=421"}],"curies":[{"name":"wp","href":"https:\/\/api.w.org\/{rel}","templated":true}]}}