{"id":4231,"date":"2015-09-06T15:57:15","date_gmt":"2015-09-06T18:57:15","guid":{"rendered":"http:\/\/webvasco.com\/artigos\/?p=4231"},"modified":"2015-09-06T16:06:57","modified_gmt":"2015-09-06T19:06:57","slug":"torcida-zero-j","status":"publish","type":"post","link":"https:\/\/webvasco.com\/artigos\/colunistas\/luizcarlosrocha\/torcida-zero-j\/","title":{"rendered":"TORCIDA ZERO J&Aacute;!"},"content":{"rendered":"<div>\n<div style=\"color:#000; background-color:#fff; font-family:HelveticaNeue-Light, Helvetica Neue Light, Helvetica Neue, Helvetica, Arial, Lucida Grande, sans-serif;font-size:32px\">\n<div class=\"\" style=\"text-align:justify;text-indent:35.4pt;tab-stops:111.0pt\" id=\"yui_3_16_0_1_1441565559849_2724\"><span style=\"font-size:12.0pt;line-height:115%;font-family:&quot;Arial&quot;,&quot;sans-serif&quot;\" class=\"\">Ontem,  foi \u00e0 vez de o Atl\u00e9tico Mineiro detonar o combalido Vasco da Gama, no Maracan\u00e3.  A vit\u00f3ria por 2 a 1 do Galo afundou ainda mais a equipe carioca, que segue na  lanterna do Campeonato Brasileiro, com os mesmos 13 pontos h\u00e1 tempos. Marcaram  Lucas Pratto e D\u00e1tolo, com Nen\u00ea descontando. A partida da 23\u00aa Rodada foi ruim  para o Cruzmaltino.<o:p class=\"\"><\/o:p><\/span><\/div>\n<div class=\"\" style=\"text-align:justify;text-indent:35.4pt;tab-stops:111.0pt\" id=\"yui_3_16_0_1_1441565559849_2707\"><span style=\"font-size:12.0pt;line-height:115%;font-family:&quot;Arial&quot;,&quot;sans-serif&quot;\" class=\"\" id=\"yui_3_16_0_1_1441565559849_2708\">Em  tempos de politicamente correto, o Gigante da Colina tem de esquecer essa  babaquice e jogar futebol. Mi, mi, mi \u00e9 para o Botafogo que tem tradi\u00e7\u00e3o em  reclamar. Contar com a ajuda da arbitragem sobra para os Exclu\u00eddos que vivem de  roubalheiras, e n\u00e3o vou citar o Florminense nesta an\u00e1lise futebol\u00edstica porque  futebol \u00e9 para homem! Se os pernas tortas comandados por Jorginho jogarem bola  com disposi\u00e7\u00e3o e t\u00e9cnica n\u00e3o ter\u00e3o do que se queixarem!<o:p class=\"\"><\/o:p><\/span><\/div>\n<div class=\"\" style=\"text-align:justify;text-indent:35.4pt;tab-stops:111.0pt\" id=\"yui_3_16_0_1_1441565559849_2706\"><span style=\"font-size:12.0pt;line-height:115%;font-family:&quot;Arial&quot;,&quot;sans-serif&quot;\" class=\"\">A  fase \u00e9 tem ruim que at\u00e9 castigo celestial estamos recebendo. No finalzinho da  etapa inicial, Giovanni Augusto em lance de extrema categoria deu passe para  Jesus D\u00e1tolo sacramentar a vit\u00f3ria. O \u201cDeus\u201d argentino (para n\u00f3s essa  nacionalidade \u00e9 coisa do capeta) n\u00e3o perdoou, precisou apenas da etapa  vestibular para mandar o Vasco para o inferno! Quando Nen\u00ea \u2013 de p\u00eanalti \u2013  descontou no segundo tempo, era tarde.&nbsp;  Colocaram o infantil para disputar com adultos&#8230; Futebol \u00e9 coisa s\u00e9ria!<o:p class=\"\"><\/o:p><\/span><\/div>\n<div class=\"\" style=\"text-align:justify;text-indent:35.4pt;tab-stops:111.0pt\" id=\"yui_3_16_0_1_1441565559849_2564\"><span style=\"font-size:12.0pt;line-height:115%;font-family:&quot;Arial&quot;,&quot;sans-serif&quot;\" class=\"\" id=\"yui_3_16_0_1_1441565559849_2688\">A  cada rodada o Vasco se afunda mais. S\u00e3o vexames nunca antes vistos. Humilha\u00e7\u00f5es  dolosas. O apequenamento \u00e9 uma realidade. N\u00e3o sou a favor de virar as costas  para o time. Temos de estar ao lado de quem amamos nas horas da alegria e do  sofrimento (assim \u00e9 um casamento). Por\u00e9m, em rar\u00edssimos casos, o errado se  torna certo. Para essa gest\u00e3o muito mais incompetente do que a do Roberto  Bombinha (vide os n\u00fameros) precisamos de uma atitude radical. Chegamos ao fundo  do po\u00e7o e diante disso para que Dom Charuto e sua trupe tomem vergonha na cara,  precisam tomar uma li\u00e7\u00e3o. A CAMPANHA TORCIDA ZERO tem de ser uma pr\u00e1tica, com  urg\u00eancia!<o:p class=\"\"><\/o:p><\/span><\/div>\n<div class=\"\" style=\"text-align:justify;text-indent:35.4pt;tab-stops:111.0pt\" id=\"yui_3_16_0_1_1441565559849_2563\"><span style=\"font-size:12.0pt;line-height:115%;font-family:&quot;Arial&quot;,&quot;sans-serif&quot;\" class=\"\">J\u00e1 que  na quarta-feira, dia 09 de setembro, \u00e0s 19h30m, no Est\u00e1dio Mois\u00e9s Lucarelli, em  Campinas-SP, aonde levaremos outra porrada, desta vez para a Ponte Preta, quem  sabe poder\u00edamos come\u00e7ar essa eficiente campanha!<o:p class=\"\"><\/o:p><\/span><\/div>\n<div class=\"\" style=\"text-align:justify;text-indent:35.4pt;tab-stops:111.0pt\" id=\"yui_3_16_0_1_1441565559849_2687\"><span style=\"font-size:12.0pt;line-height:115%;font-family:&quot;Arial&quot;,&quot;sans-serif&quot;\" class=\"\" id=\"yui_3_16_0_1_1441565559849_2686\">Para  salvar o Vasco, <b class=\"\"><u class=\"\">SOMENTE VASCA\u00cdNOS DE  VERDADE, COM COMPROMETIMENTO<\/u><\/b> \u00e9 a solu\u00e7\u00e3o. Seguem os nomes certos para  alavancar o clube de uma vez por todas:<o:p class=\"\"><\/o:p><\/span><\/div>\n<div class=\"\" style=\"text-align:justify;text-indent:35.4pt;tab-stops:111.0pt\" id=\"yui_3_16_0_1_1441565559849_2562\"><span style=\"font-size:12.0pt;line-height:115%;font-family:&quot;Arial&quot;,&quot;sans-serif&quot;\" class=\"\">Time  titular: Andr\u00e9 Pedro (capit\u00e3o), M\u00e1rcio Abi-Ramia, Thiago Garbujo, Mateus Valim  e Jo\u00e3o Vitor Canelas; Diego Matos, Tiago Veneza e Breno de Souza Bernardes;  Luiz Carlos Rocha, Anderson Melo Ribeiro e Douglas Martinez. &nbsp;O esquema t\u00e1tico \u00e9 o 4-3-3. No banco de  suplentes teremos: Ant\u00f4nio Brancato, Marcelo Henriques, Marcelo Paiva, Kadu Vieira,  Alexandre Teixeira Gomes, Bernardo Aquino, Eduardo Machado e Carlos (Homem  Peruca). <o:p class=\"\"><\/o:p><\/span><\/div>\n<div class=\"\" style=\"text-align:justify;text-indent:35.4pt;tab-stops:111.0pt\" id=\"yui_3_16_0_1_1441565559849_2561\"><span style=\"font-size:12.0pt;line-height:115%;font-family:&quot;Arial&quot;,&quot;sans-serif&quot;\" class=\"\">Treinador  Nilson Gon\u00e7alves e auxiliando Aureo Ameno e Ismailde Ferreira dos Santos. <o:p class=\"\"><\/o:p><\/span><\/div>\n<div class=\"\" style=\"text-align:justify;text-indent:35.4pt;tab-stops:111.0pt\"><span style=\"font-size:12.0pt;line-height:115%;font-family:&quot;Arial&quot;,&quot;sans-serif&quot;\" class=\"\">Treinadores  de goleiros: Tha\u00eds do Valle e Laudion Cabral Geraldo. <o:p class=\"\"><\/o:p><\/span><\/div>\n<div class=\"\" style=\"text-align:justify;text-indent:35.4pt;tab-stops:111.0pt\" id=\"yui_3_16_0_1_1441565559849_2685\"><span style=\"font-size:12.0pt;line-height:115%;font-family:&quot;Arial&quot;,&quot;sans-serif&quot;\" class=\"\">Preparador  f\u00edsico: Pablo Martinez, auxiliando: Eduardo C\u00e9sar Netto Duarte. <o:p class=\"\"><\/o:p><\/span><\/div>\n<div class=\"\" style=\"text-align:justify;text-indent:35.4pt;tab-stops:111.0pt\" id=\"yui_3_16_0_1_1441565559849_2565\"><span style=\"font-size:12.0pt;line-height:115%;font-family:&quot;Arial&quot;,&quot;sans-serif&quot;\" class=\"\">M\u00e9dicos  da equipe: Cl\u00f3vis Munhoz, Leandro Vale e Myriam Broitman.<o:p class=\"\"><\/o:p><\/span><\/div>\n<div class=\"\" style=\"text-align:justify;text-indent:35.4pt;tab-stops:111.0pt\"><span style=\"font-size:12.0pt;line-height:115%;font-family:&quot;Arial&quot;,&quot;sans-serif&quot;\" class=\"\">Assessores  de Imprensa: Carol Canoa, Eug\u00eanio Albuquerque Leal e Wilson Pimentel.<o:p class=\"\"><\/o:p><\/span><\/div>\n<div class=\"\" style=\"text-align:justify;text-indent:35.4pt;tab-stops:111.0pt\"><span style=\"font-size:12.0pt;line-height:115%;font-family:&quot;Arial&quot;,&quot;sans-serif&quot;\" class=\"\">Advogados  da equipe (para nos defender das entidades contra o Vasco): Cyntia Vianna,  Marcos Simonini Ferreira, Sandra Mattos e Vanessa Teixeira.<o:p class=\"\"><\/o:p><\/span><\/div>\n<div class=\"\" style=\"text-align:justify;text-indent:35.4pt;tab-stops:111.0pt\"><span style=\"font-size:12.0pt;line-height:115%;font-family:&quot;Arial&quot;,&quot;sans-serif&quot;\" class=\"\">Mascotes  do time: Arthur Pedro e \u00darsulla Rocha<o:p class=\"\"><\/o:p><\/span><\/div>\n<div class=\"\" style=\"text-align:justify;text-indent:35.4pt;tab-stops:111.0pt\"><span style=\"font-size:12.0pt;line-height:115%;font-family:&quot;Arial&quot;,&quot;sans-serif&quot;\" class=\"\">Cheff  de Cozinha (a fim de preparar as refei\u00e7\u00f5es certas no pr\u00e9 e p\u00f3s-partidas):  Alexandre Henriques<\/span>.<o:p class=\"\"><\/o:p><\/div>\n<div class=\"\" style=\"text-align:justify;text-indent:35.4pt;tab-stops:111.0pt\" id=\"yui_3_16_0_1_1441565559849_2683\"><span style=\"font-size:12.0pt;line-height:115%;font-family:&quot;Arial&quot;,&quot;sans-serif&quot;\" class=\"\" id=\"yui_3_16_0_1_1441565559849_2684\">Gurus  da equipe (todo bom time tem a m\u00edstica de um \u201cvidente\u201d): Valdir Ara\u00fajo Delima e  Nilson J\u00fanior.<o:p class=\"\"><\/o:p><\/span><\/div>\n<div class=\"\" style=\"text-align:justify;text-indent:35.4pt;tab-stops:111.0pt\" id=\"yui_3_16_0_1_1441565559849_2560\"><span style=\"font-size:12.0pt;line-height:115%;font-family:&quot;Arial&quot;,&quot;sans-serif&quot;\" class=\"\">Gerente  de futebol: Leonardo Vitorino, subgerente: Raimundo Almeida.<o:p class=\"\"><\/o:p><\/span><\/div>\n<div class=\"\" style=\"text-align:justify;text-indent:35.4pt;tab-stops:111.0pt\" id=\"yui_3_16_0_1_1441565559849_2681\"><span style=\"font-size:12.0pt;line-height:115%;font-family:&quot;Arial&quot;,&quot;sans-serif&quot;\" class=\"\" id=\"yui_3_16_0_1_1441565559849_2682\">Chefes  de torcida organizada (comandando todas): Dreco Gouveia e Jayme Alves.<o:p class=\"\"><\/o:p><\/span><\/div>\n<div class=\"\" style=\"text-align:justify;text-indent:35.4pt;tab-stops:111.0pt\" id=\"yui_3_16_0_1_1441565559849_2680\"><span style=\"font-size:12.0pt;line-height:115%;font-family:&quot;Arial&quot;,&quot;sans-serif&quot;\" class=\"\">Contabilidade  (para deixar os sal\u00e1rios em dia): J\u00falia Rosa<o:p class=\"\"><\/o:p><\/span><\/div>\n<div class=\"\" style=\"text-align:justify;text-indent:35.4pt;tab-stops:111.0pt\"><span style=\"font-size:12.0pt;line-height:115%;font-family:&quot;Arial&quot;,&quot;sans-serif&quot;\" class=\"\">Chefes  da seguran\u00e7a: Yuri Sisino e Jos\u00e9 Carlos Prata Le\u00e3o<o:p class=\"\"><\/o:p><\/span><\/div>\n<div class=\"\" style=\"text-align:justify;text-indent:35.4pt;tab-stops:111.0pt\" id=\"yui_3_16_0_1_1441565559849_2664\"><span style=\"font-size:12.0pt;line-height:115%;font-family:&quot;Arial&quot;,&quot;sans-serif&quot;\" class=\"\" id=\"yui_3_16_0_1_1441565559849_2673\">Mentores  (para elevar a moral da equipe em caso de trope\u00e7os): Rafael Marques e Marcelo Ant\u00f4nio.<o:p class=\"\"><\/o:p><\/span><\/div>\n<div class=\"\" style=\"text-align:justify;text-indent:35.4pt;tab-stops:111.0pt\"><span style=\"font-size:12.0pt;line-height:115%;font-family:&quot;Arial&quot;,&quot;sans-serif&quot;\" class=\"\">\u00cddolo  da equipe: Edmundo Animal<o:p class=\"\"><\/o:p><\/span><\/div>\n<div class=\"\" style=\"text-align:justify;text-indent:35.4pt;tab-stops:111.0pt\" id=\"yui_3_16_0_1_1441565559849_2663\"><span style=\"font-size:12.0pt;line-height:115%;font-family:&quot;Arial&quot;,&quot;sans-serif&quot;\" class=\"\">Musa  da equipe: Fernanda Abreu (cantora)<o:p class=\"\"><\/o:p><\/span><\/div>\n<div class=\"\" style=\"text-align:justify;tab-stops:111.0pt\"><span style=\"font-size:12.0pt;line-height:115%;font-family:&quot;Arial&quot;,&quot;sans-serif&quot;\" class=\"\">&nbsp;&nbsp;&nbsp;&nbsp;&nbsp;&nbsp;&nbsp;&nbsp;&nbsp;&nbsp;&nbsp; L\u00edderes de torcida: Anne Lima, Leny  Nicolau, Patr\u00edcia Santa Rita de Vargas, Patr\u00edcia Sales, Jacqueline Monteiro e  Jord\u00e2nia Oliveira.<o:p class=\"\"><\/o:p><\/span><\/div>\n<div class=\"\" style=\"text-align:justify;tab-stops:111.0pt\" id=\"yui_3_16_0_1_1441565559849_2679\"><span style=\"font-size:12.0pt;line-height:115%;font-family:&quot;Arial&quot;,&quot;sans-serif&quot;\" class=\"\"><o:p class=\"\">&nbsp;<\/o:p><\/span><\/div>\n<div class=\"\" style=\"text-align:justify;text-indent:35.4pt;tab-stops:111.0pt\" id=\"yui_3_16_0_1_1441565559849_2558\"><b class=\"\"><u class=\"\"><span style=\"font-size:20.0pt;line-height:115%;font-family:&quot;Arial&quot;,&quot;sans-serif&quot;\" class=\"\">DIVULGUEM ESSA COVARDIA:<\/span><\/u><\/b><span style=\"font-size:16.0pt;line-height:115%;font-family:&quot;Arial&quot;,&quot;sans-serif&quot;\" class=\"\" id=\"yui_3_16_0_1_1441565559849_2559\"> GOSTARIA  DE PEDIR A TODOS OS MEUS AMIGOS E LEITORES QUE TIRASSE UM TEMPINHO PARA LER A  PETI\u00c7\u00c3O P\u00daBLICA, AO QUAL SEGUE ABAIXO O LINK. TAL DOCUMENTO REFERE-SE A <b class=\"\" id=\"yui_3_16_0_1_1441565559849_2662\"><u class=\"\" id=\"yui_3_16_0_1_1441565559849_2661\">UM ATO DE COVARDIA POR PARTE DA  VOLKSWAGEN DO BRASIL EM COAUTORIA DA ABOLI\u00c7\u00c3O VE\u00cdCULOS (GRUPO AB)<\/u><\/b>  CONTRA ESTE VELHO JORNALISTA. A REFERIDA CONCESSION\u00c1RIA EST\u00c1 ME LESANDO DESDE  FEVEREIRO DE 2013. MEU CARRO FOI BATIDO DENTRO DA OFICINA, FURTARAM ACESS\u00d3RIOS,  TEM PROBLEMAS CAUSADOS POR ELES, AL\u00c9M DE DEFEITOS DE FABRICA\u00c7\u00c3O. O CARRO 0 KM  COMPRADO POR MIM HOJE SE ENCONTRA NA OFICINA DA ABOLI\u00c7\u00c3O VE\u00cdCULOS (CENTRO DE  NITER\u00d3I) <b class=\"\" id=\"yui_3_16_0_1_1441565559849_2656\"><u class=\"\" id=\"yui_3_16_0_1_1441565559849_2655\">DESDE 10 DE JUNHO DE 2013<\/u><\/b>,  OU SEJA, H\u00c1 <b class=\"\" id=\"yui_3_16_0_1_1441565559849_2569\"><u class=\"\" id=\"yui_3_16_0_1_1441565559849_2568\">26 MESES, OU SEJA, 2 ANOS  E DOIS MESES.<\/u><\/b> <b class=\"\" id=\"yui_3_16_0_1_1441565559849_2614\"><u class=\"\" id=\"yui_3_16_0_1_1441565559849_2613\">TEM APENAS 729  KM RODADOS<\/u><\/b> PARA COMPROVAR O CALV\u00c1RIO TENHO DOCUMENTOS, GRAVA\u00c7\u00d5ES DE  AUDIO E V\u00cdDEO, MAIS DE 600 FOTOGRAFIAS E E-MAILS TROCADOS COM FUNCION\u00c1RIOS DO  BAIXO, M\u00c9DIO E ALTO ESCAL\u00c3O DA EMPRESA. POR FAVOR, ASSINEM O DOCUMENTO PARA QUE  OUTROS CONSUMIDORES N\u00c3O SEJAM LESADOS POR EMPRESAS DESTE N\u00cdVEL.&nbsp; <\/span><a href=\"https:\/\/secure.avaaz.org\/po\/petition\/Aos_Orgaos_de_Defesa_do_Consumidor_e_ao_Poder_Judiciario_JUSTICA_CONTRA_UMA_MARCA_E_SUA_REVENDERORA_QUE_DESCUMPREM_A_LEI\/?lJEcNfb&amp;pv=0\" class=\"\" id=\"yui_3_16_0_1_1441565559849_2567\"><span style=\"font-size:16.0pt;line-height:115%;font-family:&quot;Arial&quot;,&quot;sans-serif&quot;\" class=\"\" id=\"yui_3_16_0_1_1441565559849_2566\"><a href=\"https:\/\/secure.avaaz.org\/po\/petition\/Aos_Orgaos_de_Defesa_do_Consumidor_e_ao_Poder_Judiciario_JUSTICA_CONTRA_UMA_MARCA_E_SUA_REVENDERORA_QUE_DESCUMPREM_A_LEI\/?lJEcNfb&amp;pv=0\" >https:\/\/secure.avaaz.org\/po\/petition\/Aos_Orgaos_de_Defesa_do_Consumidor_e_ao_Poder_Judiciario_JUSTICA_CONTRA_UMA_MARCA_E_SUA_REVENDERORA_QUE_DESCUMPREM_A_LEI\/?lJEcNfb&amp;pv=0<\/a><\/span><\/a><span style=\"font-size:16.0pt;line-height:115%;font-family:&quot;Arial&quot;,&quot;sans-serif&quot;\" class=\"\"><o:p class=\"\"><\/o:p><\/span><\/div>\n<div class=\"\" style=\"text-align:justify;tab-stops:111.0pt\" id=\"yui_3_16_0_1_1441565559849_2612\"><span style=\"font-size:16.0pt;line-height:115%;font-family:&quot;Arial&quot;,&quot;sans-serif&quot;\" class=\"\"><o:p class=\"\">&nbsp;<\/o:p><\/span><\/div>\n<div class=\"\" style=\"text-align:justify;tab-stops:111.0pt\" id=\"yui_3_16_0_1_1441565559849_2557\"><b class=\"\"><span style=\"font-size:16.0pt;line-height:115%;font-family:&quot;Arial&quot;,&quot;sans-serif&quot;\" class=\"\">&nbsp;&nbsp;&nbsp;&nbsp;&nbsp;&nbsp;&nbsp;&nbsp;&nbsp;&nbsp;&nbsp;&nbsp;&nbsp;&nbsp;&nbsp;&nbsp;&nbsp;&nbsp;&nbsp;&nbsp;&nbsp;&nbsp;&nbsp;&nbsp; &nbsp;&nbsp;&nbsp;&nbsp;&nbsp;&nbsp; <o:p class=\"\"><\/o:p><\/span><\/b><\/div>\n<div id=\"yui_3_16_0_1_1441565559849_2391\">                                                                                                                <\/div>\n<div class=\"\" style=\"text-align:justify\" id=\"yui_3_16_0_1_1441565559849_2438\" dir=\"ltr\"><b id=\"yui_3_16_0_1_1441565559849_2437\" class=\"\"><span style=\"font-size:14.0pt;line-height:115%;font-family:&quot;Arial&quot;,&quot;sans-serif&quot;\" id=\"yui_3_16_0_1_1441565559849_2436\" class=\"\">AP\u00d3S  AS TODAS AS PARTIDAS DO VASC\u00c3O EM MEU PERFIL DO FACEBOOK (QUEM QUISER RECEBER  AS CR\u00d4NICAS DE PRIMEIRA M\u00c3O \u00c9 S\u00d3 ME ADICIONAR), E NOS SITES WEBVASCO  (www.webvasco.com), E VASCA\u00cdNOS UNIDOS (www.vascainosunidos.com.br) TEM A  OPINI\u00c3O DO JORNALISTA LUIZ CARLOS ROCHA. LEIAM! COMPARTILHEM E CURTAM!  VASCA\u00cdNOS UNIDOS JAMAIS SER\u00c3O VENCIDOS.<o:p class=\"\"><\/o:p><\/span><\/b><\/div>\n<div id=\"yui_3_16_0_1_1441565559849_2390\"><span><br \/><\/span><\/div>\n<div id=\"yui_3_16_0_1_1441565559849_2389\"><span><br \/><\/span><\/div>\n<div id=\"yui_3_16_0_1_1441565559849_2405\"><span><br \/><\/span><\/div>\n<div><\/div>\n<div id=\"yui_3_16_0_1_1441565559849_2388\">&nbsp;<\/div>\n<div class=\"signature\" id=\"yui_3_16_0_1_1441565559849_2291\">\n<div id=\"RTEContent\">\n<div id=\"yui_3_16_0_1_1441565559849_2290\">\n<div id=\"yui_3_16_0_1_1441565559849_2289\">\n<div id=\"yui_3_16_0_1_1441565559849_2288\">\n<div align=\"center\" id=\"yui_3_16_0_1_1441565559849_2294\"><\/div>\n<div align=\"center\" id=\"yui_3_16_0_1_1441565559849_2312\">\n<div align=\"center\" id=\"yui_3_16_0_1_1441565559849_2387\">&nbsp;<\/div>\n<div align=\"center\" id=\"yui_3_16_0_1_1441565559849_2406\">&nbsp;<\/div>\n<\/div>\n<div align=\"center\" id=\"yui_3_16_0_1_1441565559849_2345\"><\/div>\n<div align=\"center\" id=\"yui_3_16_0_1_1441565559849_2326\"><\/div>\n<\/div>\n<\/div>\n<\/div>\n<\/div>\n<\/div>\n<\/div>\n<\/div>\n<p><\/p>\n","protected":false},"excerpt":{"rendered":"<p>Ontem, foi \u00e0 vez de o Atl\u00e9tico Mineiro detonar o combalido Vasco da Gama, no&#8230;<\/p>\n","protected":false},"author":7,"featured_media":0,"comment_status":"open","ping_status":"closed","sticky":false,"template":"","format":"standard","meta":{"footnotes":""},"categories":[4],"tags":[],"class_list":["post-4231","post","type-post","status-publish","format-standard","hentry","category-luizcarlosrocha"],"_links":{"self":[{"href":"https:\/\/webvasco.com\/artigos\/wp-json\/wp\/v2\/posts\/4231","targetHints":{"allow":["GET"]}}],"collection":[{"href":"https:\/\/webvasco.com\/artigos\/wp-json\/wp\/v2\/posts"}],"about":[{"href":"https:\/\/webvasco.com\/artigos\/wp-json\/wp\/v2\/types\/post"}],"author":[{"embeddable":true,"href":"https:\/\/webvasco.com\/artigos\/wp-json\/wp\/v2\/users\/7"}],"replies":[{"embeddable":true,"href":"https:\/\/webvasco.com\/artigos\/wp-json\/wp\/v2\/comments?post=4231"}],"version-history":[{"count":0,"href":"https:\/\/webvasco.com\/artigos\/wp-json\/wp\/v2\/posts\/4231\/revisions"}],"wp:attachment":[{"href":"https:\/\/webvasco.com\/artigos\/wp-json\/wp\/v2\/media?parent=4231"}],"wp:term":[{"taxonomy":"category","embeddable":true,"href":"https:\/\/webvasco.com\/artigos\/wp-json\/wp\/v2\/categories?post=4231"},{"taxonomy":"post_tag","embeddable":true,"href":"https:\/\/webvasco.com\/artigos\/wp-json\/wp\/v2\/tags?post=4231"}],"curies":[{"name":"wp","href":"https:\/\/api.w.org\/{rel}","templated":true}]}}