{"id":427,"date":"2013-06-09T19:04:06","date_gmt":"2013-06-09T22:04:06","guid":{"rendered":"http:\/\/webvasco.com\/artigos\/?p=427"},"modified":"2013-06-09T20:48:51","modified_gmt":"2013-06-09T23:48:51","slug":"na-velocidade-da-luz-rumo-segundona","status":"publish","type":"post","link":"https:\/\/webvasco.com\/artigos\/colunistas\/luizcarlosrocha\/na-velocidade-da-luz-rumo-segundona\/","title":{"rendered":"NA VELOCIDADE DA LUZ RUMO &Agrave; SEGUNDONA!"},"content":{"rendered":"<table cellspacing=\"0\" cellpadding=\"0\" border=\"0\" >\n<tr>\n<td valign=\"top\" style=\"font: inherit;\">\n<p class=MsoNormal style=\"TEXT-ALIGN: justify; MARGIN: 0cm 0cm 10pt\"><span style=\"FONT-SIZE: 14pt; FONT-FAMILY: 'Arial','sans-serif'; LINE-HEIGHT: 115%\">&nbsp;&nbsp;&nbsp;&nbsp;&nbsp;&nbsp;&nbsp;&nbsp;&nbsp; Rumo \u00e0 Segunda Divis\u00e3o do Campeonato Brasileiro, o Vasco empatou ontem com o Bahia, no Est\u00e1dio Raulino de Oliveira, em Volta Redonda, em partida v\u00e1lida pela Quinta Rodada da competi\u00e7\u00e3o. Fernand\u00e3o marcou para os baianos e Carlos Alberto descontou para os cariocas. A cada dia o cruzmaltino fica pior!<br \/>\n<\/span><\/p>\n<p class=MsoNormal style=\"TEXT-ALIGN: justify; MARGIN: 0cm 0cm 10pt\"><span style=\"FONT-SIZE: 14pt; FONT-FAMILY: 'Arial','sans-serif'; LINE-HEIGHT: 115%\"><span style=\"mso-tab-count: 1\">&nbsp;&nbsp;&nbsp;&nbsp;&nbsp;&nbsp;&nbsp;&nbsp; <\/span>Com as mais variadas desculpas, uma hora \u00e9 que o Carioca n\u00e3o vale de nada, portanto n\u00e3o perdemos nada, outra vez \u00e9 que com a elimina\u00e7\u00e3o prematura do campeonato regional ter\u00edamos mais tempo para nos preparar, tendo uma esp\u00e9cie de mini pr\u00e9 temporada. E agora consigo ler e escutar daqueles que n\u00e3o querem ver a verdade que com a parada do Brasileir\u00e3o \u2013 em face da realiza\u00e7\u00e3o da Copa das Confedera\u00e7\u00f5es \u2013 na volta o elenco vasca\u00edno despontar\u00e1!<o:p><\/o:p><\/span>\n<\/p>\n<p class=MsoNormal style=\"TEXT-ALIGN: justify; MARGIN: 0cm 0cm 10pt\"><span style=\"FONT-SIZE: 14pt; FONT-FAMILY: 'Arial','sans-serif'; LINE-HEIGHT: 115%\"><span style=\"mso-tab-count: 1\">&nbsp;&nbsp;&nbsp;&nbsp;&nbsp;&nbsp;&nbsp;&nbsp; <\/span>Mentira! O plantel \u00e9 fraqu\u00edssimo. A diretoria \u00e9 incompetente. E Roberto Bombinha \u00e9 p\u00e9ssimo gestor. O momento \u00e9 de crise sim! E n\u00e3o vem de hoje. H\u00e1 muito tempo o Vasco est\u00e1 em processo de apequenamento e somente a torcida poder\u00e1 mudar esse panorama. O torcedor precisa COBRAR MAIS da c\u00fapula vasca\u00edna. Protestando das mais variadas formas (todas pac\u00edficas \u00e9 claro) e fazendo uma press\u00e3o para que situa\u00e7\u00e3o e oposi\u00e7\u00e3o se uma em prol da institui\u00e7\u00e3o. Esse \u00e9 o segredo do sucesso!<o:p><\/o:p><\/span>\n<\/p>\n<p class=MsoNormal style=\"TEXT-ALIGN: justify; MARGIN: 0cm 0cm 10pt\"><span style=\"FONT-SIZE: 14pt; FONT-FAMILY: 'Arial','sans-serif'; LINE-HEIGHT: 115%\"><span style=\"mso-tab-count: 1\">&nbsp;&nbsp;&nbsp;&nbsp;&nbsp;&nbsp;&nbsp;&nbsp; <\/span>Foram 15 pontos disputados, e apenas 7 conquistados. De dois em dois estamos chegando na Segundona. Ganhamos duas, perdemos duas, ontem um empate e provavelmente no pr\u00f3ximo jogo ser\u00e1 outro empate. S\u00f3 conseguimos empatar \u201cem casa\u201d com o fraco Bahia \u2013 que \u00e9 comandado pelo estagi\u00e1rio Crist\u00f3v\u00e3o Borges \u2013 que tem um elenco sem nenhuma estrela porque Carlos Alberto teve a chance de cobrar um p\u00eanalti. <o:p><\/o:p><\/span>\n<\/p>\n<p class=MsoNormal style=\"TEXT-ALIGN: justify; MARGIN: 0cm 0cm 10pt\"><span style=\"FONT-SIZE: 14pt; FONT-FAMILY: 'Arial','sans-serif'; LINE-HEIGHT: 115%\"><span style=\"mso-tab-count: 1\">&nbsp;&nbsp;&nbsp;&nbsp;&nbsp;&nbsp;&nbsp;&nbsp; <\/span>O Gigante da Colina atuou com um homem a mais por um per\u00edodo de 36 minutos.<span style=\"mso-spacerun: yes\">&nbsp; <\/span>E nem assim conseguiu obter a vit\u00f3ria. Levamos um gol com apenas 7 minutos de jogo. Fernand\u00e3o mostrou logo no in\u00edcio que ganhar do Vasco \u00e9 uma tarefa f\u00e1cil. E n\u00e3o levou para a Bahia os tr\u00eas pontos porque faltou sorte. A humilha\u00e7\u00e3o veio aos tr\u00eas minutos da etapa complementar. O volante \u2013 posi\u00e7\u00e3o que geralmente n\u00e3o tem essa caracter\u00edstica \u2013 H\u00e9lder fez exatas seis embaixadinhas no meio de campo e nenhum jogador vasca\u00edno tomou atitude. Inadimiss\u00edvel!<o:p><\/o:p><\/span>\n<\/p>\n<p class=MsoNormal style=\"TEXT-ALIGN: justify; MARGIN: 0cm 0cm 10pt\"><span style=\"FONT-SIZE: 14pt; FONT-FAMILY: 'Arial','sans-serif'; LINE-HEIGHT: 115%\"><span style=\"mso-tab-count: 1\">&nbsp;&nbsp;&nbsp;&nbsp;&nbsp;&nbsp;&nbsp;&nbsp; <\/span>Na pelada onde frequento na Praia de Icara\u00ed n\u00e3o acontece isso. Os garotos considerados craques sabem que se fizerem uma gra\u00e7a como essa vai no m\u00ednimo levar porrada! Se n\u00e3o impedirmos na t\u00e9cnica, a jogada ser\u00e1 anulada na ra\u00e7a!<o:p><\/o:p><\/span>\n<\/p>\n<p class=MsoNormal style=\"TEXT-ALIGN: justify; MARGIN: 0cm 0cm 10pt\"><span style=\"FONT-SIZE: 14pt; FONT-FAMILY: 'Arial','sans-serif'; LINE-HEIGHT: 115%\"><span style=\"mso-tab-count: 1\">&nbsp;&nbsp;&nbsp;&nbsp;&nbsp;&nbsp;&nbsp;&nbsp; <\/span>O momento \u00e9 de reflex\u00e3o. De atitudes positivas. Reencontrar as vit\u00f3rias a fim de trilhar novamente os caminhos dos t\u00edtulos e das conquistas \u00e9 preciso. Vamos dar um basta na uruca. Jamais mentirei para meu leitor. Diante disso alerto que se as atitudes n\u00e3o mudarem o Vasco n\u00e3o pontuar\u00e1 suficiente para se manter na Primeira Divis\u00e3o do Campeonato Brasileiro de 2014, justamente o ano da Copa do Mundo aqui no Brasil. N\u00e3o poderemos deixar isso acontecer, porque seria denegrir ainda mais a marca Vasco da Gama no exterior. <o:p><\/o:p><\/span>\n<\/p>\n<p class=MsoNormal style=\"TEXT-ALIGN: justify; MARGIN: 0cm 0cm 10pt\"><span style=\"FONT-SIZE: 14pt; FONT-FAMILY: 'Arial','sans-serif'; LINE-HEIGHT: 115%\"><o:p>&nbsp;<\/o:p><\/span>\n<\/p>\n<p class=MsoNormal style=\"TEXT-ALIGN: justify; MARGIN: 0cm 0cm 10pt\"><span style=\"FONT-SIZE: 14pt; FONT-FAMILY: 'Arial','sans-serif'; LINE-HEIGHT: 115%\"><o:p>&nbsp;<\/o:p><\/span>\n<\/p>\n<p class=MsoNormal style=\"TEXT-ALIGN: justify; MARGIN: 0cm 0cm 10pt\"><b style=\"mso-bidi-font-weight: normal\"><span style=\"FONT-SIZE: 14pt; FONT-FAMILY: 'Arial','sans-serif'; LINE-HEIGHT: 115%\">AP\u00d3S AS TODAS AS PARTIDAS DO VASC\u00c3O EM MEU PERFIL DO FACEBOOK (QUEM QUISER RECEBER AS CR\u00d4NICAS DE PRIMEIRA M\u00c3O \u00c9 S\u00d3 ME ADICIONAR), E NOS SITES WEBVASCO (www.webvasco.com), E VASCA\u00cdNOS UNIDOS (www.vascainosunidos.com.br) TEM A OPINI\u00c3O DO JORNALISTA LUIZ CARLOS ROCHA. LEIAM! COMPARTILHEM E CURTAM! VASCA\u00cdNOS UNIDOS JAMAIS SER\u00c3O VENCIDOS.<o:p><\/o:p><\/span><\/b><\/p>\n<div><\/p>\n<\/div>\n<\/td>\n<\/tr>\n<\/table>\n","protected":false},"excerpt":{"rendered":"<p>&nbsp;&nbsp;&nbsp;&nbsp;&nbsp;&nbsp;&nbsp;&nbsp;&nbsp; Rumo \u00e0 Segunda Divis\u00e3o do Campeonato Brasileiro, o Vasco empatou ontem com o Bahia,&#8230;<\/p>\n","protected":false},"author":7,"featured_media":58,"comment_status":"open","ping_status":"closed","sticky":false,"template":"","format":"standard","meta":{"footnotes":""},"categories":[4],"tags":[],"class_list":["post-427","post","type-post","status-publish","format-standard","has-post-thumbnail","hentry","category-luizcarlosrocha"],"_links":{"self":[{"href":"https:\/\/webvasco.com\/artigos\/wp-json\/wp\/v2\/posts\/427","targetHints":{"allow":["GET"]}}],"collection":[{"href":"https:\/\/webvasco.com\/artigos\/wp-json\/wp\/v2\/posts"}],"about":[{"href":"https:\/\/webvasco.com\/artigos\/wp-json\/wp\/v2\/types\/post"}],"author":[{"embeddable":true,"href":"https:\/\/webvasco.com\/artigos\/wp-json\/wp\/v2\/users\/7"}],"replies":[{"embeddable":true,"href":"https:\/\/webvasco.com\/artigos\/wp-json\/wp\/v2\/comments?post=427"}],"version-history":[{"count":2,"href":"https:\/\/webvasco.com\/artigos\/wp-json\/wp\/v2\/posts\/427\/revisions"}],"predecessor-version":[{"id":429,"href":"https:\/\/webvasco.com\/artigos\/wp-json\/wp\/v2\/posts\/427\/revisions\/429"}],"wp:featuredmedia":[{"embeddable":true,"href":"https:\/\/webvasco.com\/artigos\/wp-json\/wp\/v2\/media\/58"}],"wp:attachment":[{"href":"https:\/\/webvasco.com\/artigos\/wp-json\/wp\/v2\/media?parent=427"}],"wp:term":[{"taxonomy":"category","embeddable":true,"href":"https:\/\/webvasco.com\/artigos\/wp-json\/wp\/v2\/categories?post=427"},{"taxonomy":"post_tag","embeddable":true,"href":"https:\/\/webvasco.com\/artigos\/wp-json\/wp\/v2\/tags?post=427"}],"curies":[{"name":"wp","href":"https:\/\/api.w.org\/{rel}","templated":true}]}}