{"id":430,"date":"2013-06-11T15:47:36","date_gmt":"2013-06-11T18:47:36","guid":{"rendered":"http:\/\/webvasco.com\/artigos\/?p=430"},"modified":"2013-06-11T15:56:41","modified_gmt":"2013-06-11T18:56:41","slug":"balotelli-vascano","status":"publish","type":"post","link":"https:\/\/webvasco.com\/artigos\/colunistas\/marcus-simonini\/balotelli-vascano\/","title":{"rendered":"BALOTELLI &Eacute; VASCA&Iacute;NO!"},"content":{"rendered":"<div>\n<div dir='ltr'><a href=\"http:\/\/incondicionalmentevasco.files.wordpress.com\/2013\/06\/balotelli-11436.jpg\"><img decoding=\"async\" class=\"size-full wp-image-2493\" alt=\"Presidente Roberto Dinamite entrega a Mario Balotelli a 3\u00aa Camisa Vasca\u00edna alusiva \u00e0 luta contra o Racismo no Futebol Brasileiro\" src=\"http:\/\/incondicionalmentevasco.files.wordpress.com\/2013\/06\/balotelli-11436.jpg?w=620\"\/><\/a><\/p>\n<p class=\"wp-caption-text\"><em>Presidente Roberto Dinamite entrega a Mario Balotelli a 3\u00aa Camisa Vasca\u00edna alusiva \u00e0 luta contra o Racismo no Futebol Brasileiro<\/em><\/p>\n<p>&nbsp;<br \/>&nbsp;<br \/>Na noite desta segunda-feira (10), o astro da sele\u00e7\u00e3o italiana M\u00e1rio Balotelli recebeu o presidente do Vasco, Roberto Dinamite, no hotel Sheraton, na Barra. Ap\u00f3s o encontro, o italiano ganhou algumas camisas do clube e ficou extremamente encantado ao saber que o Gigante da Colina sempre lutou contra o racismo, chegando a dizer que, no Brasil, torce para o Vasco.<br \/><strong><\/strong><br \/><strong>Balotelli recebe Roberto Dinamite e se encanta com o Vasco<br \/><\/strong><br \/>Um dos motivos de maior orgulho do torcedor do Vasco \u00e9 a luta cruz-maltina contra o preconceito racial e social quando da ascens\u00e3o do Gigante da Colina a elite do futebol carioca. Uma hist\u00f3ria de lutas, contada nesta segunda-feira (10\/06) a um dos grandes atacantes do futebol mundial, o italiano Mario Balotelli, presenteado com uma camisa vasca\u00edna personalizada alusiva \u00e0 luta contra o racismo.<br \/>&nbsp;<br \/>Ao receber o presente das m\u00e3os do presidente Roberto Dinamite, no hotel onde a Sele\u00e7\u00e3o Italiana est\u00e1 hospedada, Balotelli mostrou-se admirado com a m\u00e3o em preto e branco gravada na camisa, s\u00edmbolo da cruzada do time de S\u00e3o Janu\u00e1rio em busca do respeito e da igualdade no esporte. Em retribui\u00e7\u00e3o, o italiano entregou ao mandat\u00e1rio vasca\u00edno uma camisa da Azzurra.<br \/>&nbsp;<br \/>Balotteli freq\u00fcentemente \u00e9 manchete nos jornais de todo o mundo por outro assunto que n\u00e3o seus gols: alvo constante de manifesta\u00e7\u00f5es racistas das torcidas advers\u00e1rias, \u201cSuper Mario\u201d n\u00e3o hesita em responder \u00e0s ofensas e apresenta-se como um defensor da igualdade racial na Europa, posi\u00e7\u00e3o assumida pelo Vasco nos anos 1920 e mantida at\u00e9 hoje.<br \/>&nbsp;<br \/>FONTE: Site Oficial do Club de Regatas Vasco da Gama<br \/>&nbsp;<br \/>&nbsp;<br \/>&nbsp;<br \/><strong><\/strong>&nbsp;<br \/><strong>MAIS SOBRE O CRAQUE ITALIANO:<\/strong><br \/>Mario Barwuah Balotelli1 (Palermo, 12 de agosto de 1990) \u00e9 um futebolista italiano de origem ganesa que atua como atacante. Atualmente, joga no Milan.<br \/>Um jogador muito forte e habilidoso, dono de um potente chute na perna direita, Balotelli \u00e9 visto como um dos melhores atacantes jovens de todo o mundo, mas tamb\u00e9m \u00e9 famoso pelo seu forte temperamento, envolvendo-se em v\u00e1rias discuss\u00f5es dentro de campo e pol\u00eamicas fora dele.<br \/>\u2026.<br \/>No futebol italiano, tamb\u00e9m foi constante alvo de duras cr\u00edticas e v\u00e1rias provoca\u00e7\u00f5es racistas, principalmente vindas de torcidas advers\u00e1rias, fato que aumentava ainda mais seu desejo de transferir-se para um outro pa\u00eds<br \/>FONTE: <a href=\"http:\/\/pt.wikipedia.org\/wiki\/Mario_Balotelli\" rel=\"nofollow\"><\/a><a href=\"http:\/\/pt.wikipedia.org\/wiki\/Mario_Balotelli\" >http:\/\/pt.wikipedia.org\/wiki\/Mario_Balotelli<\/a><br \/><strong><\/strong>&nbsp;<br \/><strong><\/strong>&nbsp;<br \/><strong><\/strong>&nbsp;<\/p>\n<p align=\"center\"><strong>OPINI\u00c3O DO BLOG IV!:<\/strong><\/p>\n<p>&nbsp;<br \/>&nbsp;<br \/>Caro Vasca\u00ednos,<br \/>&nbsp;<br \/>Sobre a entrega da Camisa contra o Racismo ao Mario Balotelli, da Squadra Azzurra, publicado no blog IV! gostaria de lhes convidar a comentar, compartilhar e divulgar nas redes sociais esta \u00f3tima a\u00e7\u00e3o de marketing do Vasco da Gama, para tornar o Vasco um clube not\u00f3rio na It\u00e1lia, n\u00e3o apenas por sua grandeza e conquistas nos gramados, mas por sua forte e marcante Hist\u00f3ria de luta contra o Racismo! Todos sabemos como \u00e9 grave a quest\u00e3o do Racismo na Velha Bota! Foi muito oportuna a entrega da Camisa negra ao Balotelli, que tanto sofre discrimina\u00e7\u00e3o na Europa.<br \/>&nbsp;<br \/>O Vasco tem um algo mais do que os outros clubes! Somos diferenciados e especiais! <br \/>&nbsp;<br \/>Vamos participar compartilhando nas redes sociais esta bela a\u00e7\u00e3o, em p\u00e1ginas contra o racismo no futebol, de clubes com hist\u00f3rico racista e de fan pages de times europeus.<br \/>&nbsp;<br \/>Sauda\u00e7\u00f5es Vasca\u00ednas!<br \/>&nbsp;<br \/>Marcus Simonini<br \/>Editor do Blog Incondicionalmente Vasco<br \/><a href=\"http:\/\/incondicionalmentevasco.wordpress.com\/\" rel=\"nofollow\"><\/a><a href=\"http:\/\/incondicionalmentevasco.wordpress.com\/\" >http:\/\/incondicionalmentevasco.wordpress.com\/<\/a><br \/><a href=\"http:\/\/wp.me\/pd9Vs-Ec\"><\/a><a href=\"http:\/\/wp.me\/pd9Vs-Ec\" >http:\/\/wp.me\/pd9Vs-Ec<\/a> \t\t \t   \t\t  <\/div>\n<\/div>\n<p><\/p>\n","protected":false},"excerpt":{"rendered":"<p>Presidente Roberto Dinamite entrega a Mario Balotelli a 3\u00aa Camisa Vasca\u00edna alusiva \u00e0 luta contra&#8230;<\/p>\n","protected":false},"author":8,"featured_media":2493,"comment_status":"open","ping_status":"closed","sticky":false,"template":"","format":"standard","meta":{"footnotes":""},"categories":[6],"tags":[],"class_list":["post-430","post","type-post","status-publish","format-standard","has-post-thumbnail","hentry","category-marcus-simonini"],"_links":{"self":[{"href":"https:\/\/webvasco.com\/artigos\/wp-json\/wp\/v2\/posts\/430","targetHints":{"allow":["GET"]}}],"collection":[{"href":"https:\/\/webvasco.com\/artigos\/wp-json\/wp\/v2\/posts"}],"about":[{"href":"https:\/\/webvasco.com\/artigos\/wp-json\/wp\/v2\/types\/post"}],"author":[{"embeddable":true,"href":"https:\/\/webvasco.com\/artigos\/wp-json\/wp\/v2\/users\/8"}],"replies":[{"embeddable":true,"href":"https:\/\/webvasco.com\/artigos\/wp-json\/wp\/v2\/comments?post=430"}],"version-history":[{"count":0,"href":"https:\/\/webvasco.com\/artigos\/wp-json\/wp\/v2\/posts\/430\/revisions"}],"wp:featuredmedia":[{"embeddable":true,"href":"https:\/\/webvasco.com\/artigos\/wp-json\/wp\/v2\/media\/2493"}],"wp:attachment":[{"href":"https:\/\/webvasco.com\/artigos\/wp-json\/wp\/v2\/media?parent=430"}],"wp:term":[{"taxonomy":"category","embeddable":true,"href":"https:\/\/webvasco.com\/artigos\/wp-json\/wp\/v2\/categories?post=430"},{"taxonomy":"post_tag","embeddable":true,"href":"https:\/\/webvasco.com\/artigos\/wp-json\/wp\/v2\/tags?post=430"}],"curies":[{"name":"wp","href":"https:\/\/api.w.org\/{rel}","templated":true}]}}