{"id":4412,"date":"2015-09-10T15:52:06","date_gmt":"2015-09-10T18:52:06","guid":{"rendered":"http:\/\/webvasco.com\/artigos\/?p=4412"},"modified":"2015-09-10T15:58:41","modified_gmt":"2015-09-10T18:58:41","slug":"o-caminho-a-ponte","status":"publish","type":"post","link":"https:\/\/webvasco.com\/artigos\/colunistas\/luizcarlosrocha\/o-caminho-a-ponte\/","title":{"rendered":"O CAMINHO &Eacute; A PONTE!"},"content":{"rendered":"<div>\n<div style=\"color:#000; background-color:#fff; font-family:HelveticaNeue-Light, Helvetica Neue Light, Helvetica Neue, Helvetica, Arial, Lucida Grande, sans-serif;font-size:32px\">\n<div class=\"\" style=\"text-align:justify;text-indent:35.4pt;tab-stops:111.0pt\"><span style=\"font-size:12.0pt;line-height:115%;font-family:&quot;Arial&quot;,&quot;sans-serif&quot;\" class=\"\">Depois  de 10 partidas sem vencer, enfim, o Vasco da Gama deu o ar da gra\u00e7a, ontem, contra  a Ponte Preta, em Campinas.&nbsp; Aos 29  minutos da etapa complementar, o atacante Leandr\u00e3o calou o Est\u00e1dio Mois\u00e9s  Lucarelli, deixando a Macaca sem rumo. O resultado n\u00e3o tirou o Gigante da  lanterna do Campeonato Brasileiro, mas mostrou que o caminho para fugir da  S\u00e9rie B \u00e9 pela Ponte!<o:p class=\"\"><\/o:p><\/span><\/div>\n<div class=\"\" style=\"text-align:justify;text-indent:35.4pt;tab-stops:111.0pt\" id=\"yui_3_16_0_1_1441895484841_16835\"><span style=\"font-size:12.0pt;line-height:115%;font-family:&quot;Arial&quot;,&quot;sans-serif&quot;\" class=\"\" id=\"yui_3_16_0_1_1441895484841_16836\">O  Cruzmailtino garantiu tr\u00eas pontos fora de casa na 24\u00aa Rodada do Brasileir\u00e3o.  Deu esperan\u00e7as \u00e0 Imensa Torcida Bem Feliz. Na realidade, em tese a equipe do  treinador Jorginho \u00e9 mediana. Poderia certamente estar no equil\u00edbrio da tabela  de classifica\u00e7\u00e3o e quem sabe at\u00e9 sonhando com a Sul Americana. Por\u00e9m, na  pr\u00e1tica deu tudo errado e com isso abalou o emocional dos atletas levando-os  para a beira do abismo.<o:p class=\"\"><\/o:p><\/span><\/div>\n<div class=\"\" style=\"text-align:justify;text-indent:35.4pt;tab-stops:111.0pt\" id=\"yui_3_16_0_1_1441895484841_16837\"><span style=\"font-size:12.0pt;line-height:115%;font-family:&quot;Arial&quot;,&quot;sans-serif&quot;\" class=\"\" id=\"yui_3_16_0_1_1441895484841_16838\">A  velha m\u00e1xima afirma que depois da tempestade vem \u00e0 calmaria. Sendo certo, que o  torcedor vasca\u00edno acredita que a partir de agora as vit\u00f3rias acontecer\u00e3o. Mas \u00e9  preciso bastante seriedade e um trabalho \u00e1rduo e minucioso por parte da Comiss\u00e3o  T\u00e9cnica, e, sobretudo desta incompetente diretoria. Afinal, n\u00e3o h\u00e1 mais espa\u00e7os  para os erros. <o:p class=\"\"><\/o:p><\/span><\/div>\n<div class=\"\" style=\"text-align:justify;text-indent:35.4pt;tab-stops:111.0pt\" id=\"yui_3_16_0_1_1441895484841_16834\"><span style=\"font-size:12.0pt;line-height:115%;font-family:&quot;Arial&quot;,&quot;sans-serif&quot;\" class=\"\">Dos  42 pontos que ser\u00e3o pleiteados, o time de S\u00e3o Janu\u00e1rio precisa conquistar 30,  para somar com os 16 j\u00e1 garantidos, a fim de n\u00e3o obter o terceiro vexame da  hist\u00f3ria futebol\u00edstica. Na pior das hip\u00f3teses, ganhar mais 28 pontos e torcer  por combina\u00e7\u00f5es de resultados.<o:p class=\"\"><\/o:p><\/span><\/div>\n<div class=\"\" style=\"text-align:justify;text-indent:35.4pt;tab-stops:111.0pt\" id=\"yui_3_16_0_1_1441895484841_16863\"><span style=\"font-size:12.0pt;line-height:115%;font-family:&quot;Arial&quot;,&quot;sans-serif&quot;\" class=\"\">N\u00e3o  acredito que aconte\u00e7a tal fa\u00e7anha pelo baixo n\u00edvel dos atletas. Por\u00e9m, a for\u00e7a  da Torcida Vasca\u00edna \u00e9 surpreendente. Desta forma, pelo torcedor, tudo \u00e9 capaz  de acontecer. Dizem por a\u00ed que arquibancada n\u00e3o ganha partida. Mentira! Pela  experi\u00eancia que tenho em futebol \u2013 n\u00e3o \u00e9 pouca, s\u00e3o quase 17 anos \u2013 sei que quando  uma torcida empurra o time as condi\u00e7\u00f5es se multiplicam. <o:p class=\"\"><\/o:p><\/span><\/div>\n<div class=\"\" style=\"text-align:justify;text-indent:35.4pt;tab-stops:111.0pt\" id=\"yui_3_16_0_1_1441895484841_16833\"><span style=\"font-size:12.0pt;line-height:115%;font-family:&quot;Arial&quot;,&quot;sans-serif&quot;\" class=\"\" id=\"yui_3_16_0_1_1441895484841_16864\">Assim  como o bla\u00b4, bl\u00e1, bl\u00e1 (ou mi, mi, mi que est\u00e1 mais na moda) desta imprensa  marrom \u00e9 que somos apenas grandes. Outra balela! Somos gigantes. A torcida do Vasco  \u00e9 a Quarta maior do Brasil, perdendo para Os Exclu\u00eddos, seguido dos Gamb\u00e1s. Em  terceiro lugar os Bambis de Sampa. Logo, temos volume suficiente para n\u00e3o  deixar o Vasc\u00e3o na Segundona na pr\u00f3xima temporada. <o:p class=\"\"><\/o:p><\/span><\/div>\n<div class=\"\" style=\"text-align:justify;text-indent:35.4pt;tab-stops:111.0pt\" id=\"yui_3_16_0_1_1441895484841_16832\"><span style=\"font-size:12.0pt;line-height:115%;font-family:&quot;Arial&quot;,&quot;sans-serif&quot;\" class=\"\" id=\"yui_3_16_0_1_1441895484841_16876\">Domingo,  \u00e0s 16h, no Maracan\u00e3, atuaremos diante do Ventinho. Tenho certeza que o Mach\u00e3o  da Gama ditar\u00e1 \u2013 literalmente \u2013 as regras do jogo e mostrar\u00e1 ao Atl\u00e9tico  Paranaense, que de furac\u00e3o n\u00e3o tem nada, qual o valor de uma camisa! &nbsp;Tudo conspira a favor: Pegamos a ponte, nem  vamos perceber um ventinho para logo adiante matarmos uma Raposa, um Le\u00e3o e um  Urubu que j\u00e1 vem quase abatido (esse \u00e9 fregu\u00eas). Na sequ\u00eancia Ava\u00ed e  Chapecoense. Times pequenos! Logo depois, no decurso ser\u00e3o tr\u00eas veados para  derribar: Paulinha, Greminha e Florminense. Finalmente no dia 07 de novembro o  encontro com nosso co-irm\u00e3o Palmeiras. S\u00e3o 10 jogos que o Vasco precisa e tem  condi\u00e7\u00f5es de embalar!<o:p class=\"\"><\/o:p><\/span><\/div>\n<div class=\"\" style=\"text-align:justify;text-indent:35.4pt;tab-stops:111.0pt\" id=\"yui_3_16_0_1_1441895484841_16877\"><span style=\"font-size:12.0pt;line-height:115%;font-family:&quot;Arial&quot;,&quot;sans-serif&quot;\" class=\"\"><o:p class=\"\">&nbsp;<\/o:p><\/span><\/div>\n<div class=\"\" style=\"text-align:justify;text-indent:35.4pt;tab-stops:111.0pt\"><span style=\"font-size:12.0pt;line-height:115%;font-family:&quot;Arial&quot;,&quot;sans-serif&quot;\" class=\"\"><o:p class=\"\">&nbsp;<\/o:p><\/span><\/div>\n<div class=\"\" style=\"text-align:justify;tab-stops:111.0pt\" id=\"yui_3_16_0_1_1441895484841_16878\"><span style=\"font-size:12.0pt;line-height:115%;font-family:&quot;Arial&quot;,&quot;sans-serif&quot;\" class=\"\"><o:p class=\"\">&nbsp;<\/o:p><\/span><\/div>\n<div class=\"\" style=\"text-align:justify;tab-stops:111.0pt\" id=\"yui_3_16_0_1_1441895484841_16831\"><span style=\"font-size:12.0pt;line-height:115%;font-family:&quot;Arial&quot;,&quot;sans-serif&quot;\" class=\"\"><o:p class=\"\">&nbsp;<\/o:p><\/span><\/div>\n<div class=\"\" style=\"text-align:justify;tab-stops:111.0pt\"><span style=\"font-size:12.0pt;line-height:115%;font-family:&quot;Arial&quot;,&quot;sans-serif&quot;\" class=\"\"><o:p class=\"\">&nbsp;<\/o:p><\/span><\/div>\n<div class=\"\" style=\"text-align:justify;text-indent:35.4pt;tab-stops:111.0pt\" id=\"yui_3_16_0_1_1441895484841_16826\"><b class=\"\"><u class=\"\"><span style=\"font-size:20.0pt;line-height:115%;font-family:&quot;Arial&quot;,&quot;sans-serif&quot;\" class=\"\">DIVULGUEM ESSA COVARDIA:<\/span><\/u><\/b><span style=\"font-size:16.0pt;line-height:115%;font-family:&quot;Arial&quot;,&quot;sans-serif&quot;\" class=\"\" id=\"yui_3_16_0_1_1441895484841_16825\"> GOSTARIA  DE PEDIR A TODOS OS MEUS AMIGOS E LEITORES QUE TIRASSE UM TEMPINHO PARA LER A  PETI\u00c7\u00c3O P\u00daBLICA, AO QUAL SEGUE ABAIXO O LINK. TAL DOCUMENTO REFERE-SE A <b class=\"\" id=\"yui_3_16_0_1_1441895484841_16830\"><u class=\"\" id=\"yui_3_16_0_1_1441895484841_16829\">UM ATO DE COVARDIA POR PARTE DA  VOLKSWAGEN DO BRASIL EM COAUTORIA DA ABOLI\u00c7\u00c3O VE\u00cdCULOS (GRUPO AB)<\/u><\/b>  CONTRA ESTE VELHO JORNALISTA. A REFERIDA CONCESSION\u00c1RIA EST\u00c1 ME LESANDO DESDE  FEVEREIRO DE 2013. MEU CARRO FOI BATIDO DENTRO DA OFICINA, FURTARAM ACESS\u00d3RIOS,  TEM PROBLEMAS CAUSADOS POR ELES, AL\u00c9M DE DEFEITOS DE FABRICA\u00c7\u00c3O. O CARRO 0 KM  COMPRADO POR MIM HOJE SE ENCONTRA NA OFICINA DA ABOLI\u00c7\u00c3O VE\u00cdCULOS (CENTRO DE  NITER\u00d3I) <b class=\"\"><u class=\"\">DESDE 10 DE JUNHO DE 2013<\/u><\/b>,  OU SEJA, H\u00c1 <b class=\"\"><u class=\"\">27 MESES, OU SEJA, 2 ANOS  E TR\u00caS MESES.<\/u><\/b> <b class=\"\" id=\"yui_3_16_0_1_1441895484841_16828\"><u class=\"\" id=\"yui_3_16_0_1_1441895484841_16827\">TEM APENAS 729  KM RODADOS<\/u><\/b> PARA COMPROVAR O CALV\u00c1RIO TENHO DOCUMENTOS, GRAVA\u00c7\u00d5ES DE  AUDIO E V\u00cdDEO, MAIS DE 600 FOTOGRAFIAS E E-MAILS TROCADOS COM FUNCION\u00c1RIOS DO  BAIXO, M\u00c9DIO E ALTO ESCAL\u00c3O DA EMPRESA. POR FAVOR, ASSINEM O DOCUMENTO PARA QUE  OUTROS CONSUMIDORES N\u00c3O SEJAM LESADOS POR EMPRESAS DESTE N\u00cdVEL.&nbsp; <\/span><a href=\"https:\/\/secure.avaaz.org\/po\/petition\/Aos_Orgaos_de_Defesa_do_Consumidor_e_ao_Poder_Judiciario_JUSTICA_CONTRA_UMA_MARCA_E_SUA_REVENDERORA_QUE_DESCUMPREM_A_LEI\/?lJEcNfb&amp;pv=0\" class=\"\"><span style=\"font-size:16.0pt;line-height:115%;font-family:&quot;Arial&quot;,&quot;sans-serif&quot;\" class=\"\"><a href=\"https:\/\/secure.avaaz.org\/po\/petition\/Aos_Orgaos_de_Defesa_do_Consumidor_e_ao_Poder_Judiciario_JUSTICA_CONTRA_UMA_MARCA_E_SUA_REVENDERORA_QUE_DESCUMPREM_A_LEI\/?lJEcNfb&amp;pv=0\" >https:\/\/secure.avaaz.org\/po\/petition\/Aos_Orgaos_de_Defesa_do_Consumidor_e_ao_Poder_Judiciario_JUSTICA_CONTRA_UMA_MARCA_E_SUA_REVENDERORA_QUE_DESCUMPREM_A_LEI\/?lJEcNfb&amp;pv=0<\/a><\/span><\/a><span style=\"font-size:16.0pt;line-height:115%;font-family:&quot;Arial&quot;,&quot;sans-serif&quot;\" class=\"\"><o:p class=\"\"><\/o:p><\/span><\/div>\n<div class=\"\" style=\"text-align:justify;tab-stops:111.0pt\"><span style=\"font-size:16.0pt;line-height:115%;font-family:&quot;Arial&quot;,&quot;sans-serif&quot;\" class=\"\"><o:p class=\"\">&nbsp;<\/o:p><\/span><\/div>\n<div class=\"\" style=\"text-align:justify;tab-stops:111.0pt\" id=\"yui_3_16_0_1_1441895484841_16824\"><b class=\"\"><span style=\"font-size:16.0pt;line-height:115%;font-family:&quot;Arial&quot;,&quot;sans-serif&quot;\" class=\"\">&nbsp;&nbsp;&nbsp;&nbsp;&nbsp;&nbsp;&nbsp;&nbsp;&nbsp;&nbsp;&nbsp;&nbsp;&nbsp;&nbsp;&nbsp;&nbsp;&nbsp;&nbsp;&nbsp;&nbsp;&nbsp;&nbsp;&nbsp;&nbsp; &nbsp;&nbsp;&nbsp;&nbsp;&nbsp;&nbsp; <o:p class=\"\"><\/o:p><\/span><\/b><\/div>\n<div id=\"yui_3_16_0_1_1441895484841_16708\">                                                            <\/div>\n<div class=\"\" style=\"text-align:justify\" id=\"yui_3_16_0_1_1441895484841_16759\" dir=\"ltr\"><b id=\"yui_3_16_0_1_1441895484841_16758\" class=\"\"><span style=\"font-size:14.0pt;line-height:115%;font-family:&quot;Arial&quot;,&quot;sans-serif&quot;\" id=\"yui_3_16_0_1_1441895484841_16757\" class=\"\">AP\u00d3S  AS TODAS AS PARTIDAS DO VASC\u00c3O EM MEU PERFIL DO FACEBOOK (QUEM QUISER RECEBER  AS CR\u00d4NICAS DE PRIMEIRA M\u00c3O \u00c9 S\u00d3 ME ADICIONAR), E NOS SITES WEBVASCO  (www.webvasco.com), E VASCA\u00cdNOS UNIDOS (www.vascainosunidos.com.br) TEM A  OPINI\u00c3O DO JORNALISTA LUIZ CARLOS ROCHA. LEIAM! COMPARTILHEM E CURTAM!  VASCA\u00cdNOS UNIDOS JAMAIS SER\u00c3O VENCIDOS.<o:p class=\"\"><\/o:p><\/span><\/b><\/div>\n<div id=\"yui_3_16_0_1_1441895484841_16677\"><span><br \/><\/span><\/div>\n<div id=\"yui_3_16_0_1_1441895484841_16676\"><span><br \/><\/span><\/div>\n<div id=\"yui_3_16_0_1_1441895484841_16675\"><span><br \/><\/span><\/div>\n<div><\/div>\n<div id=\"yui_3_16_0_1_1441895484841_16610\">&nbsp;<\/div>\n<div class=\"signature\" id=\"yui_3_16_0_1_1441895484841_16615\">\n<div id=\"RTEContent\">\n<div id=\"yui_3_16_0_1_1441895484841_16614\">\n<div id=\"yui_3_16_0_1_1441895484841_16613\">\n<div id=\"yui_3_16_0_1_1441895484841_16612\">\n<div align=\"center\" id=\"yui_3_16_0_1_1441895484841_16611\"><\/div>\n<div align=\"center\" id=\"yui_3_16_0_1_1441895484841_16661\"><\/div>\n<div align=\"center\" id=\"yui_3_16_0_1_1441895484841_16647\"><\/div>\n<\/div>\n<\/div>\n<\/div>\n<\/div>\n<\/div>\n<\/div>\n<\/div>\n<p><\/p>\n","protected":false},"excerpt":{"rendered":"<p>Depois de 10 partidas sem vencer, enfim, o Vasco da Gama deu o ar da&#8230;<\/p>\n","protected":false},"author":7,"featured_media":0,"comment_status":"open","ping_status":"closed","sticky":false,"template":"","format":"standard","meta":{"footnotes":""},"categories":[4],"tags":[],"class_list":["post-4412","post","type-post","status-publish","format-standard","hentry","category-luizcarlosrocha"],"_links":{"self":[{"href":"https:\/\/webvasco.com\/artigos\/wp-json\/wp\/v2\/posts\/4412","targetHints":{"allow":["GET"]}}],"collection":[{"href":"https:\/\/webvasco.com\/artigos\/wp-json\/wp\/v2\/posts"}],"about":[{"href":"https:\/\/webvasco.com\/artigos\/wp-json\/wp\/v2\/types\/post"}],"author":[{"embeddable":true,"href":"https:\/\/webvasco.com\/artigos\/wp-json\/wp\/v2\/users\/7"}],"replies":[{"embeddable":true,"href":"https:\/\/webvasco.com\/artigos\/wp-json\/wp\/v2\/comments?post=4412"}],"version-history":[{"count":0,"href":"https:\/\/webvasco.com\/artigos\/wp-json\/wp\/v2\/posts\/4412\/revisions"}],"wp:attachment":[{"href":"https:\/\/webvasco.com\/artigos\/wp-json\/wp\/v2\/media?parent=4412"}],"wp:term":[{"taxonomy":"category","embeddable":true,"href":"https:\/\/webvasco.com\/artigos\/wp-json\/wp\/v2\/categories?post=4412"},{"taxonomy":"post_tag","embeddable":true,"href":"https:\/\/webvasco.com\/artigos\/wp-json\/wp\/v2\/tags?post=4412"}],"curies":[{"name":"wp","href":"https:\/\/api.w.org\/{rel}","templated":true}]}}