{"id":451,"date":"2013-06-12T18:07:19","date_gmt":"2013-06-12T21:07:19","guid":{"rendered":"http:\/\/webvasco.com\/artigos\/?p=451"},"modified":"2013-06-13T16:47:03","modified_gmt":"2013-06-13T19:47:03","slug":"uma-bola-dentro-sr-presidente-como-outras-que-podero-acontecer","status":"publish","type":"post","link":"https:\/\/webvasco.com\/artigos\/colunistas\/marcelopaiva\/uma-bola-dentro-sr-presidente-como-outras-que-podero-acontecer\/","title":{"rendered":"UMA &quot;BOLA DENTRO&quot;, SR PRESIDENTE, COMO OUTRAS QUE PODER&Atilde;O ACONTECER!"},"content":{"rendered":"<p>Caro\u00a0Presidente do CRVG, Sr Roberto Dinamite!<\/p>\n<p><b>Parab\u00e9ns pela Iniciativa<\/b>,\u00a0de presentear o Atacante da Sele\u00e7\u00e3o Italiana de Futebol, M\u00e1rio Balotelli, com uma camisa\u00a0Hist\u00f3rica (INCLUS\u00c3O SOCIAL) do nosso Amado Clube, referente \u00e0 GRANDEZA e o\u00a0FEITO de uma Institui\u00e7\u00e3o Vencedora no Esporte e no Social!<\/p>\n<p>Foi um aut\u00eantico <b>GOL DE PLACA SEU<\/b>, na condi\u00e7\u00e3o de Presidente do Vasco da Gama, como em outrora o Sr fez muitos, como Jogador de Futebol!<\/p>\n<figure id=\"attachment_353\" aria-describedby=\"caption-attachment-353\" style=\"width: 320px\" class=\"wp-caption alignright\"><a href=\"http:\/\/www.supervasco.com\/fotos\/balotelli-camisa-negra-11434.jpg\"><img loading=\"lazy\" decoding=\"async\" class=\"size-full wp-image-353   \" style=\"margin: 9px;\" alt=\"Balotelli recebeu camisa em alus\u00e3o ao combate ao preconceito\" src=\"http:\/\/www.supervasco.com\/fotos\/balotelli-camisa-negra-11434.jpg\" width=\"320\" height=\"307\" \/><\/a><figcaption id=\"caption-attachment-353\" class=\"wp-caption-text\">Balotelli recebeu camisa em alus\u00e3o ao combate ao preconceito<\/figcaption><\/figure>\n<p>Esse ato ganhou uma dimens\u00e3o\u00a0extraordin\u00e1ria, pois o mesmo\u00a0<b>REPERCUTIU POSITIVAMENTE<\/b>, n\u00e3o s\u00f3 no Brasil mas\u00a0principalmente \u00a0no\u00a0exterior, conforme divulgado pela Imprensa Nacional e\u00a0Internacional!<\/p>\n<p>\u00c9 evidente que\u00a0o Sr., como Presidente do nosso Clube, receber\u00e1 cr\u00edticas da M\u00eddia &#8211;\u00a0como de fato vem recebendo em fun\u00e7\u00e3o de alguns\u00a0equ\u00edvocos de sua Administra\u00e7\u00e3o!<br \/>\nEntretanto,\u00a0<b>por quest\u00e3o de justi\u00e7a<\/b>, tamb\u00e9m receber\u00e1 <b>elogios<\/b> pelas &#8220;bolas\u00a0dentro&#8221; que\u00a0vierem a ocorrer. Um deles est\u00e1 recebendo agora, conforme\u00a0noticiado pela m\u00eddia de um modo geral.<br \/>\nQue esta magn\u00edfica iniciativa, que o\u00a0Sr. teve em DIVULGAR a Marca Vasco da Gama para o mundo,\u00a0possa lhe fazer <b>REFLETIR<\/b> sobre o fato que <b id=\"yui_3_7_2_1_1371048233385_5775\">o Vasco da\u00a0Gama DEVE ser administrado como\u00a0um GIGANTE do Futebol Brasileiro<\/b>. E n\u00e3o como &#8220;apenas&#8221;\u00a0um grande clube!<\/p>\n<div id=\"yui_3_7_2_1_1371048233385_4722\">Use da mesma diplomacia (na sua\u00a0condi\u00e7\u00e3o de Deputado Estadual) e conquiste, perante o\u00a0Prefeito e o Governador do RJ, <b id=\"yui_3_7_2_1_1371048233385_5162\">a Revitaliza\u00e7\u00e3o do\u00a0<\/b><b id=\"yui_3_7_2_1_1371048233385_5162\">Entorno de S\u00e3o Janu\u00e1rio, que \u00e9\u00a0<\/b><b id=\"yui_3_7_2_1_1371048233385_5162\">o pr\u00e9 requisito para a posterior constru\u00e7\u00e3o da Nova Arena\u00a0<\/b><b id=\"yui_3_7_2_1_1371048233385_5162\">multi uso.<\/b><\/div>\n<p>Como\u00a0Parlamentar que o Sr \u00e9, ARTICULE esta Benfeitoria junto ao\u00a0Poder P\u00fablico em favor do\u00a0CRVG e dos Moradores do entorno (Carentes de A\u00e7\u00f5es P\u00fablicas\u00a0h\u00e1 anos), e atrav\u00e9s\u00a0de uma Articula\u00e7\u00e3o P\u00fablica\/Privada o Sr. consiga Solu\u00e7\u00f5es\u00a0(Name Rights,\u00a0Parcerias, etc &#8230;) que <b id=\"yui_3_7_2_1_1371048233385_4718\">viabilizem o equacionamento da\u00a0<\/b><b id=\"yui_3_7_2_1_1371048233385_4718\">constru\u00e7\u00e3o da Nova\u00a0<\/b><b id=\"yui_3_7_2_1_1371048233385_4718\">Arena!<\/b><\/p>\n<figure id=\"attachment_353\" aria-describedby=\"caption-attachment-353\" style=\"width: 300px\" class=\"wp-caption alignright\"><a href=\"https:\/\/webvasco.com\/artigos\/wp-content\/uploads\/2013\/06\/sao-januario-antes-da-ampliacao-e-reforma.jpg\"><img loading=\"lazy\" decoding=\"async\" class=\"size-full wp-image-353 \u00a0 \" style=\"margin: 9px;\" alt=\"Balotelli recebeu camisa em alus\u00e3o ao combate ao preconceito\" src=\"https:\/\/webvasco.com\/artigos\/wp-content\/uploads\/2013\/06\/sao-januario-antes-da-ampliacao-e-reforma.jpg\" width=\"300\" height=\"225\" \/><\/a><figcaption id=\"caption-attachment-353\" class=\"wp-caption-text\">Est\u00e1dio de S\u00e3o Janu\u00e1rio e o seu entorno atualmente.<br \/>Fonte da Imagem: Internet<\/figcaption><\/figure>\n<p>Isto n\u00e3o se trata de &#8220;manobra de\u00a0influ\u00eancias&#8221;! Lembramos que <b id=\"yui_3_7_2_1_1371048233385_4713\">o Abaixo-<\/b><b>A<\/b><b id=\"yui_3_7_2_1_1371048233385_4714\">ssinado\u00a0<\/b><b id=\"yui_3_7_2_1_1371048233385_4714\">Eletr\u00f4nico (10.313 assinaturas) entregue a<\/b><b id=\"yui_3_7_2_1_1371048233385_4714\">o Sr e ao Prefeito do RJ (em 24\/10\/12), reivindicando a\u00a0<\/b><b id=\"yui_3_7_2_1_1371048233385_4714\">Revitaliza\u00e7\u00e3o citada\u00a0<\/b><b id=\"yui_3_7_2_1_1371048233385_4714\">acima, d\u00e3o respaldo a esta causa!<\/b><\/p>\n<div id=\"yui_3_7_2_1_1371048233385_4712\">Pense nisto Sr.\u00a0Presidente! <b id=\"yui_3_7_2_1_1371048233385_4717\">Fa\u00e7a isto pelo Clube e para os Moradores e Trabalhadores do\u00a0<\/b><b id=\"yui_3_7_2_1_1371048233385_4717\">entorno, e entre de\u00a0<\/b><b id=\"yui_3_7_2_1_1371048233385_4717\">maneira positiva para a Hist\u00f3ria do Clube de Regatas Vasco da Gama (CRVG) e daquela\u00a0<\/b><b id=\"yui_3_7_2_1_1371048233385_4717\">Regi\u00e3o.<\/b><\/div>\n<p><b><\/b><b id=\"yui_3_7_2_1_1371048233385_5163\">Continue d<\/b><b id=\"yui_3_7_2_1_1371048233385_5163\">ivulgando a Marca Vasco da Gama<\/b> (como por\u00a0exemplo o que o Sr fez com o Balotelli e a Sele\u00e7\u00e3o Italiana\u00a0e por que n\u00e3o fazer\u00a0o mesmo com as Sele\u00e7\u00f5es Mexicana e Espanhola? afinal elas\u00a0treinar\u00e3o em S\u00e3o\u00a0Janu\u00e1rio, em virtude da Copa das Confedera\u00e7\u00f5es!)<b id=\"yui_3_7_2_1_1371048233385_5790\"> e\u00a0<\/b><b id=\"yui_3_7_2_1_1371048233385_5790\">conquiste Parcerias que\u00a0<\/b><b id=\"yui_3_7_2_1_1371048233385_5790\">viabilizem este Prop\u00f3sito!<\/b><b>\u00a0<\/b><\/p>\n<p><b>Pense nisto, Presidente! Afinal o Vasco da\u00a0<\/b><b>Gama tem Tamanho e Potencial para isto!<\/b><\/p>\n<p>Sauda\u00e7\u00f5es Vasca\u00ednas a\u00a0todos!<\/p>\n","protected":false},"excerpt":{"rendered":"<p>Caro\u00a0Presidente do CRVG, Sr Roberto Dinamite! Parab\u00e9ns pela Iniciativa,\u00a0de presentear o Atacante da Sele\u00e7\u00e3o Italiana&#8230;<\/p>\n","protected":false},"author":3,"featured_media":452,"comment_status":"open","ping_status":"closed","sticky":false,"template":"","format":"standard","meta":{"footnotes":""},"categories":[16],"tags":[],"class_list":["post-451","post","type-post","status-publish","format-standard","has-post-thumbnail","hentry","category-marcelopaiva"],"_links":{"self":[{"href":"https:\/\/webvasco.com\/artigos\/wp-json\/wp\/v2\/posts\/451","targetHints":{"allow":["GET"]}}],"collection":[{"href":"https:\/\/webvasco.com\/artigos\/wp-json\/wp\/v2\/posts"}],"about":[{"href":"https:\/\/webvasco.com\/artigos\/wp-json\/wp\/v2\/types\/post"}],"author":[{"embeddable":true,"href":"https:\/\/webvasco.com\/artigos\/wp-json\/wp\/v2\/users\/3"}],"replies":[{"embeddable":true,"href":"https:\/\/webvasco.com\/artigos\/wp-json\/wp\/v2\/comments?post=451"}],"version-history":[{"count":5,"href":"https:\/\/webvasco.com\/artigos\/wp-json\/wp\/v2\/posts\/451\/revisions"}],"predecessor-version":[{"id":455,"href":"https:\/\/webvasco.com\/artigos\/wp-json\/wp\/v2\/posts\/451\/revisions\/455"}],"wp:featuredmedia":[{"embeddable":true,"href":"https:\/\/webvasco.com\/artigos\/wp-json\/wp\/v2\/media\/452"}],"wp:attachment":[{"href":"https:\/\/webvasco.com\/artigos\/wp-json\/wp\/v2\/media?parent=451"}],"wp:term":[{"taxonomy":"category","embeddable":true,"href":"https:\/\/webvasco.com\/artigos\/wp-json\/wp\/v2\/categories?post=451"},{"taxonomy":"post_tag","embeddable":true,"href":"https:\/\/webvasco.com\/artigos\/wp-json\/wp\/v2\/tags?post=451"}],"curies":[{"name":"wp","href":"https:\/\/api.w.org\/{rel}","templated":true}]}}