{"id":453,"date":"2013-06-12T20:42:26","date_gmt":"2013-06-12T23:42:26","guid":{"rendered":"http:\/\/webvasco.com\/artigos\/?p=453"},"modified":"2013-06-15T10:33:23","modified_gmt":"2013-06-15T13:33:23","slug":"campanha-camisas-negras-uma-camisa-com-alma-nobre-para-ser-usada-em-ocasies-especiais","status":"publish","type":"post","link":"https:\/\/webvasco.com\/artigos\/colunistas\/marcus-simonini\/campanha-camisas-negras-uma-camisa-com-alma-nobre-para-ser-usada-em-ocasies-especiais\/","title":{"rendered":"CAMPANHA CAMISAS NEGRAS: UMA CAMISA COM ALMA NOBRE PARA SER USADA EM OCASI&Otilde;ES ESPECIAIS!"},"content":{"rendered":"<div dir=\"ltr\">\n<figure id=\"attachment_353\" aria-describedby=\"caption-attachment-353\" style=\"width: 333px\" class=\"wp-caption aligncenter\"><a href=\"https:\/\/webvasco.com\/artigos\/wp-content\/uploads\/2013\/06\/jbehjcfb.png\"><img loading=\"lazy\" decoding=\"async\" class=\"  \" style=\"margin-top: 9px; margin-bottom: 9px;\" alt=\"CAMPANHA PELA INCLUS\u00c3O DO \u201cCAMISAS NEGRAS\u201d EM NOSSO ESTATUTO COMO UNIFORME ESPECIAL\" src=\"https:\/\/webvasco.com\/artigos\/wp-content\/uploads\/2013\/06\/jbehjcfb.png\" width=\"333\" height=\"353\" \/><\/a><figcaption id=\"caption-attachment-353\" class=\"wp-caption-text\">CAMPANHA \u201cCAMISAS NEGRAS\u201d<\/figcaption><\/figure>\n<p>\u00c0 Diretoria do Club de Regatas Vasco da Gama, Conselho Deliberativo, Conselho de Benem\u00e9ritos, Conselho Fiscal, e S\u00f3cios,<\/p>\n<p>Na noite de 10 de junho de 2013, por ocasi\u00e3o da presen\u00e7a da Sele\u00e7\u00e3o Italiana no Rio de Janeiro para a disputa da Copa das Confedera\u00e7\u00f5es 2013, o Presidente do Vasco da Gama e maior artilheiro de nossa Agremia\u00e7\u00e3o, Roberto Dinamite, entregou ao craque italiano Mario Balotelli a camisa negra utilizada na temporada 2011, a qual foi lan\u00e7ada como forma de marcar a luta do nosso Club contra o racismo que imperava no in\u00edcio do s\u00e9culo passado e segregava do Futebol Nacional os negros, mulatos, e pessoas das classes menos favorecidas.<\/p>\n<p>Balotelli conheceu nossa linda Hist\u00f3ria, a qual culmina na Resposta Hist\u00f3rica, recebeu a camisa com seu sobrenome gravado, e logo identificou-se com o Club de Regatas Vasco da Gama chegando a declarar que, no Brasil, sua torcida \u00e9 para o Vasco!<\/p>\n<p>Esta indument\u00e1ria conhecida como &#8220;Camisas Negras&#8221; foi a primeira do CRVG, que veio a marcar nosso primeiro t\u00edtulo carioca da primeira divis\u00e3o. No ano seguinte (1924), com a recusa em afastar os negros e mulatos do seu plantel o Vasco da Gama disputou outro campeonato e isto fez com que os demais grandes clubes cariocas, bem como a AMEA, revissem sua posi\u00e7\u00e3o e passassem a aceitar as pessoas das classes menos favorecidas, em sua esmagadora maioria afrodescendentes.<\/p>\n<p>Os &#8220;Camisas Negras&#8221;, como era conhecido o time do Vasco, tamb\u00e9m prestou outro grande e relevante servi\u00e7o ao Futebol Brasileiro. Foi devido \u00e0 postura firme dos nossos dirigentes daquele tempo diante o Sistema que, juntamente com a inser\u00e7\u00e3o dos negros no futebol, veio tamb\u00e9m a necess\u00e1ria profissionaliza\u00e7\u00e3o do jogador de futebol. Em seguida (1927), os bravos e determinados s\u00f3cios do CRVG ergueram S\u00e3o Janu\u00e1rio, o maior est\u00e1dio particular da Am\u00e9rica do Sul naquela \u00e9poca!<\/p>\n<p>Por tudo isso, a Camisa Negra est\u00e1 gravada na Hist\u00f3ria do CRVG e do Brasil, quando o assunto \u00e9 o Futebol, como Cultura Popular Brasileira. \u00c9, pois, uma camisa talhada na luta contra a opress\u00e3o e a discrimina\u00e7\u00e3o racial, e por causa dela e as pessoas que a vestiam um novo grito de liberdade se ouviu no Brasil, em 07 de abril de 1924, data em que foi publicada a Resposta Hist\u00f3rica.<\/p>\n<p>Reconhecendo a grandiosa relev\u00e2ncia da Camisa Negra, como express\u00e3o material da luta contra o racismo travada pelo Vasco, foi a mesma relan\u00e7ada em 2011, desta vez com o s\u00edmbolo da m\u00e3o espalmada, que representa a luta contra o racismo. A bel\u00edssima camisa ainda continha palavras fortes como &#8220;Democracia e Inclus\u00e3o Social&#8221;, na gola, e &#8220;Respeito e Igualdade&#8221; sob a m\u00e3o espalmada localizada no lado do cora\u00e7\u00e3o. N\u00e3o foi concebido um uniforme, mas sim, por tudo o que significa, um verdadeiro Traje de Gala do Club de Regatas Vasco da Gama!\u00a0 Ela foi muito bem recebida pelos Vasca\u00ednos, bem aceita na M\u00eddia, e vista com simpatia at\u00e9 pelos n\u00e3o Vasca\u00ednos, mas igualmente identificados na luta contra o racismo e pela igualdade e respeito aos afrodescendentes.<\/p>\n<p>Balotelli tinha mesmo que se identificar com o Vasco, pois sua origem ganesa e sua luta particular contra o racismo na It\u00e1lia, desde sua inf\u00e2ncia, e na Europa, nos clubes por onde passou, tem forte identifica\u00e7\u00e3o com a luta travada pelos Vasca\u00ednos, h\u00e1 quase cem anos: O direito de ser aceito, em condi\u00e7\u00e3o de igualdade, pela Sociedade, como Cidad\u00e3o, como Esportista, independentemente da sua cor.<\/p>\n<p>Por tudo isso entendo que esta Camisa Negra n\u00e3o poderia sair de linha e deveria fazer parte do Estatuto do CRVG, como verdadeiro Uniforme Especial a ser usado em ocasi\u00f5es ou eventos tamb\u00e9m especiais, tais como Amistosos Internacionais, em jogos contra clubes europeus, naqueles Torneios de Pr\u00e9-Temporada que acontecem todos os anos, caso o Vasco consiga voltar a excursionar neste per\u00edodo, pois esta Indument\u00e1ria Nobre ilustra a nossa Hist\u00f3ria e transmite uma mensagem muito forte \u00e0queles que ainda insistem em se considerar superiores em raz\u00e3o da cor da sua pele!<\/p>\n<p>N\u00e3o menos importante \u00e9 o valor incalcul\u00e1vel que esta camisa agregar\u00e1 para a marca Club de Regatas Vasco da Gama, em termos de marketing, pois o tema est\u00e1 em debate, campanhas contra o racismo acontecem no mundo inteiro, e o CRVG \u00e9 o time que colocou fim ao racismo no Futebol Brasileiro. Isso precisa ser divulgado sempre!<\/p>\n<p>Assim, e na qualidade de S\u00f3cio Propriet\u00e1rio do Club de Regatas Vasco da Gama, com fundamento nas linhas acima escritas, venho pela presente, propor altera\u00e7\u00e3o do Estatuto do Club de Regatas Vasco da Gama, para dele constar a institui\u00e7\u00e3o da Camisa Negra, em seu design original, mas com o logo da m\u00e3o preta e branca, nos mesmos termos da vers\u00e3o da 3\u00aa camisa da temporada de 2011, como Indument\u00e1ria Especial, a ser, preferencialmente utilizada em ocasi\u00f5es especiais, tais como Amistosos Internacionais, Torneios Internacionais na Am\u00e9rica do Sul, em Europa, \u00c1sia, Am\u00e9rica do Norte e Oceania, como s\u00edmbolo e express\u00e3o m\u00e1xima da luta de nosso Club contra o flagelo do racismo, o qual sempre combatemos, e que nunca manchou nosso Pavilh\u00e3o, mas est\u00e1 vivo a atormentar muitos pa\u00edses, inclusive o Brasil, ainda que de forma velada!<\/p>\n<p>A institucionaliza\u00e7\u00e3o da Camisa Negra, como Uniforme Especial, \u00e9 uma consequ\u00eancia que decorre da necessidade de difundir nossa Hist\u00f3ria mundo afora, seja como testemunho, seja como desafio expresso e declarado contra o racismo e por tal raz\u00e3o, requeiro, ap\u00f3s os devidos tr\u00e2mites, sua inclus\u00e3o no Estatuto do Club de Regatas Vasco da Gama.<\/p>\n<p>Informo que o Blog Incondicionalmente Vasco, do qual sou Editor, em parceria com o Portal WEBVASCO, iniciou na data de hoje uma campanha junto aos S\u00f3cios e Torcedores, que comunguem do mesmo pensamento e queiram ter as Camisas Negras, para sempre, como Uniforme Especial Oficial do CRVG. Por fim, gostaria de informar que esta Campanha conta ainda com o apoio dos demais membros do Movimento Volunt\u00e1rio em prol da revitaliza\u00e7\u00e3o do Entorno de S\u00e3o Janu\u00e1rio, Andr\u00e9 Pedro (WEBVASCO), Marcelo Paiva e Raimundo Almeida, todos S\u00f3cios do CRVG.<\/p>\n<p>Aos Poderes do Club de Regatas Vasco da Gama, no aguardo da aprova\u00e7\u00e3o deste Requerimento, com protestos de elevada estima e considera\u00e7\u00e3o,<\/p>\n<p>Atenciosamente,<\/p>\n<p>Marcus Simonini Ferreira<br \/>\nS\u00f3cio Propriet\u00e1rio Bronze 12374-2, desde mar\u00e7o de 1984<br \/>\nEditor do Blog Incondicionalmente Vasco!<br \/>\n<a href=\"http:\/\/incondicionalmentevasco.wordpress.com\/\">http:\/\/incondicionalmentevasco.wordpress.com\/<\/a><\/p>\n<p>&nbsp;<\/p>\n<\/div>\n","protected":false},"excerpt":{"rendered":"<p>\u00c0 Diretoria do Club de Regatas Vasco da Gama, Conselho Deliberativo, Conselho de Benem\u00e9ritos, Conselho&#8230;<\/p>\n","protected":false},"author":8,"featured_media":454,"comment_status":"open","ping_status":"closed","sticky":false,"template":"","format":"standard","meta":{"footnotes":""},"categories":[6],"tags":[],"class_list":["post-453","post","type-post","status-publish","format-standard","has-post-thumbnail","hentry","category-marcus-simonini"],"_links":{"self":[{"href":"https:\/\/webvasco.com\/artigos\/wp-json\/wp\/v2\/posts\/453","targetHints":{"allow":["GET"]}}],"collection":[{"href":"https:\/\/webvasco.com\/artigos\/wp-json\/wp\/v2\/posts"}],"about":[{"href":"https:\/\/webvasco.com\/artigos\/wp-json\/wp\/v2\/types\/post"}],"author":[{"embeddable":true,"href":"https:\/\/webvasco.com\/artigos\/wp-json\/wp\/v2\/users\/8"}],"replies":[{"embeddable":true,"href":"https:\/\/webvasco.com\/artigos\/wp-json\/wp\/v2\/comments?post=453"}],"version-history":[{"count":8,"href":"https:\/\/webvasco.com\/artigos\/wp-json\/wp\/v2\/posts\/453\/revisions"}],"predecessor-version":[{"id":461,"href":"https:\/\/webvasco.com\/artigos\/wp-json\/wp\/v2\/posts\/453\/revisions\/461"}],"wp:featuredmedia":[{"embeddable":true,"href":"https:\/\/webvasco.com\/artigos\/wp-json\/wp\/v2\/media\/454"}],"wp:attachment":[{"href":"https:\/\/webvasco.com\/artigos\/wp-json\/wp\/v2\/media?parent=453"}],"wp:term":[{"taxonomy":"category","embeddable":true,"href":"https:\/\/webvasco.com\/artigos\/wp-json\/wp\/v2\/categories?post=453"},{"taxonomy":"post_tag","embeddable":true,"href":"https:\/\/webvasco.com\/artigos\/wp-json\/wp\/v2\/tags?post=453"}],"curies":[{"name":"wp","href":"https:\/\/api.w.org\/{rel}","templated":true}]}}