{"id":4566,"date":"2015-09-13T21:09:13","date_gmt":"2015-09-14T00:09:13","guid":{"rendered":"http:\/\/webvasco.com\/artigos\/?p=4566"},"modified":"2015-09-13T21:17:12","modified_gmt":"2015-09-14T00:17:12","slug":"o-vento-soprou-a-favor","status":"publish","type":"post","link":"https:\/\/webvasco.com\/artigos\/colunistas\/luizcarlosrocha\/o-vento-soprou-a-favor\/","title":{"rendered":"O VENTO SOPROU A FAVOR!"},"content":{"rendered":"<div>\n<div style=\"color:#000; background-color:#fff; font-family:HelveticaNeue-Light, Helvetica Neue Light, Helvetica Neue, Helvetica, Arial, Lucida Grande, sans-serif;font-size:32px\">\n<div class=\"\" style=\"text-align:justify;text-indent:35.4pt;tab-stops:111.0pt\" id=\"yui_3_16_0_1_1442177625893_21576\"><span style=\"font-size:12.0pt;line-height:115%;font-family:&quot;Arial&quot;,&quot;sans-serif&quot;\" class=\"\">Em  partida v\u00e1lida pela 25\u00aa Rodada, do Campeonato Brasileiro, o Vasco da Gama venceu  o Atl\u00e9tico Paranaense, por 2 a 0, com gols de J\u00falio C\u00e9sar e Nen\u00ea, hoje, no  Maracan\u00e3, e somou mais tr\u00eas pontos na tabela de classifica\u00e7\u00e3o da competi\u00e7\u00e3o.  Embora ainda esteja na \u00faltima posi\u00e7\u00e3o, mas agora com 19 pontos. Aumentaram as  esperan\u00e7as.<o:p class=\"\"><\/o:p><\/span><\/div>\n<div class=\"\" style=\"text-align:justify;text-indent:35.4pt;tab-stops:111.0pt\" id=\"yui_3_16_0_1_1442177625893_21574\"><span style=\"font-size:12.0pt;line-height:115%;font-family:&quot;Arial&quot;,&quot;sans-serif&quot;\" class=\"\" id=\"yui_3_16_0_1_1442177625893_21575\">Faltam  apenas 13 partidas para o fim do Brasileir\u00e3o. S\u00e3o 36 pontos em jogo, na qual o  Cruzmaltino precisa ganhar 26, para se livrar do rebaixamento sem precisar  depender de combina\u00e7\u00f5es de resultados. Ser\u00e1 uma \u00e1rdua tarefa, mas tudo poder\u00e1  acontecer. Em 2009, o Florminense, escapou por pouco da degola, diante do  Coritiba (1 a 1), na \u00faltima partida do Brasileir\u00e3o, com o famoso time de  gayrreiras!<o:p class=\"\"><\/o:p><\/span><\/div>\n<div class=\"\" style=\"text-align:justify;text-indent:35.4pt;tab-stops:111.0pt\" id=\"yui_3_16_0_1_1442177625893_21573\"><span style=\"font-size:12.0pt;line-height:115%;font-family:&quot;Arial&quot;,&quot;sans-serif&quot;\" class=\"\" id=\"yui_3_16_0_1_1442177625893_21577\">Mas  do que nunca, diante de um rubro-negro, somos Gigantes. N\u00e3o adianta atuar de  branco se a ess\u00eancia \u00e9 molamba. Contra essas cores do capeta, qualquer que seja  a equipe, quando enfrenta o Vasco j\u00e1 entra em campo derrotada! Aqui \u00e9 Mach\u00e3o da  Gama!<o:p class=\"\"><\/o:p><\/span><\/div>\n<div class=\"\" style=\"text-align:justify;text-indent:35.4pt;tab-stops:111.0pt\" id=\"yui_3_16_0_1_1442177625893_21572\"><span style=\"font-size:12.0pt;line-height:115%;font-family:&quot;Arial&quot;,&quot;sans-serif&quot;\" class=\"\">Mesmo  com a segunda vit\u00f3ria consecutiva, ainda s\u00e3o oito pontos de dist\u00e2ncia do pen\u00faltimo  colocado (Figueirense). O time do treinador Jorginho ter\u00e1 de trazer tr\u00eas pontos  de Belo Horizonte, quarta-feira, dia 16, \u00e0s 22h, diante do Cruzeiro. Com  empenho n\u00e3o \u00e9 t\u00e3o dif\u00edcil assim. At\u00e9, porque, n\u00e3o h\u00e1 mais espa\u00e7os para as derrotas.<o:p class=\"\"><\/o:p><\/span><\/div>\n<div class=\"\" style=\"text-align:justify;text-indent:35.4pt;tab-stops:111.0pt\" id=\"yui_3_16_0_1_1442177625893_21541\"><span style=\"font-size:12.0pt;line-height:115%;font-family:&quot;Arial&quot;,&quot;sans-serif&quot;\" class=\"\">A  Imensa Torcida Bem Feliz, ao final do confronto, gritou das arquibancadas: \u201cEu  acredito!\u201d.&nbsp; De fato o Vasco cortou o  vento (neste caso, dizem que Furac\u00e3o), sem tomar o menor conhecimento do  atacante Walter e Cia. <o:p class=\"\"><\/o:p><\/span><\/div>\n<div class=\"\" style=\"text-align:justify;text-indent:35.4pt;tab-stops:111.0pt\" id=\"yui_3_16_0_1_1442177625893_21540\"><b class=\"\"><u class=\"\"><span style=\"font-size:12.0pt;line-height:115%;font-family:&quot;Arial&quot;,&quot;sans-serif&quot;\" class=\"\">ADEUS:<\/span><\/u><\/b><span style=\"font-size:12.0pt;line-height:115%;font-family:&quot;Arial&quot;,&quot;sans-serif&quot;\" class=\"\" id=\"yui_3_16_0_1_1442177625893_21542\"> Faleceu  hoje, aos 54 anos, o ex-atleta do Vasco, Vivinho, que foi bicampe\u00e3o carioca em  1988\/89, e brasileiro, em 1989. O atacante ficou conhecido pelo gol antol\u00f3gico  que fez, dando tr\u00eas chap\u00e9us no volante da Portuguesa, que lhe rendeu uma placa  em S\u00e3o Janu\u00e1rio e a convoca\u00e7\u00e3o para a Sele\u00e7\u00e3o Brasileira.&nbsp; O pastor Welves Dias Marcelino (sua nova  profiss\u00e3o) morreu na manh\u00e3 deste domingo, ap\u00f3s passar mal em casa.  Recentemente, h\u00e1 15 dias em um jogo de m\u00e1sters, o pastor-atleta, se chocou com  o goleiro advers\u00e1rio e teve afundamento na face e fratura do nariz. Ainda n\u00e3o  est\u00e1 confirmada a rela\u00e7\u00e3o com a causa mortis, mas ao que tudo indica \u00e9 que  tenha sido este o motivo. Descanse em paz!<o:p class=\"\"><\/o:p><\/span><\/div>\n<div class=\"\" style=\"text-align:justify;text-indent:35.4pt;tab-stops:111.0pt\" id=\"yui_3_16_0_1_1442177625893_21537\"><b class=\"\"><u class=\"\"><span style=\"font-size:20.0pt;line-height:115%;font-family:&quot;Arial&quot;,&quot;sans-serif&quot;\" class=\"\">DIVULGUEM ESSA COVARDIA:<\/span><\/u><\/b><span style=\"font-size:16.0pt;line-height:115%;font-family:&quot;Arial&quot;,&quot;sans-serif&quot;\" class=\"\" id=\"yui_3_16_0_1_1442177625893_21536\"> GOSTARIA  DE PEDIR A TODOS OS MEUS AMIGOS E LEITORES QUE TIRASSE UM TEMPINHO PARA LER A  PETI\u00c7\u00c3O P\u00daBLICA, AO QUAL SEGUE ABAIXO O LINK. TAL DOCUMENTO REFERE-SE A <b class=\"\"><u class=\"\">UM ATO DE COVARDIA POR PARTE DA VOLKSWAGEN  DO BRASIL EM COAUTORIA DA ABOLI\u00c7\u00c3O VE\u00cdCULOS (GRUPO AB)<\/u><\/b> CONTRA ESTE  VELHO JORNALISTA. A REFERIDA CONCESSION\u00c1RIA EST\u00c1 ME LESANDO DESDE FEVEREIRO DE  2013. MEU CARRO FOI BATIDO DENTRO DA OFICINA, FURTARAM ACESS\u00d3RIOS, TEM  PROBLEMAS CAUSADOS POR ELES, AL\u00c9M DE DEFEITOS DE FABRICA\u00c7\u00c3O. O CARRO 0 KM  COMPRADO POR MIM HOJE SE ENCONTRA NA OFICINA DA ABOLI\u00c7\u00c3O VE\u00cdCULOS (CENTRO DE  NITER\u00d3I) <b class=\"\" id=\"yui_3_16_0_1_1442177625893_21539\"><u class=\"\" id=\"yui_3_16_0_1_1442177625893_21538\">DESDE 10 DE JUNHO DE 2013<\/u><\/b>,  OU SEJA, H\u00c1 <b class=\"\"><u class=\"\">27 MESES, OU SEJA, 2 ANOS  E TR\u00caS MESES.<\/u><\/b> <b class=\"\"><u class=\"\">TEM APENAS 729  KM RODADOS<\/u><\/b> PARA COMPROVAR O CALV\u00c1RIO TENHO DOCUMENTOS, GRAVA\u00c7\u00d5ES DE  AUDIO E V\u00cdDEO, MAIS DE 600 FOTOGRAFIAS E E-MAILS TROCADOS COM FUNCION\u00c1RIOS DO  BAIXO, M\u00c9DIO E ALTO ESCAL\u00c3O DA EMPRESA. POR FAVOR, ASSINEM O DOCUMENTO PARA QUE  OUTROS CONSUMIDORES N\u00c3O SEJAM LESADOS POR EMPRESAS DESTE N\u00cdVEL.&nbsp; <\/span><a href=\"https:\/\/secure.avaaz.org\/po\/petition\/Aos_Orgaos_de_Defesa_do_Consumidor_e_ao_Poder_Judiciario_JUSTICA_CONTRA_UMA_MARCA_E_SUA_REVENDERORA_QUE_DESCUMPREM_A_LEI\/?lJEcNfb&amp;pv=0\" class=\"\"><span style=\"font-size:16.0pt;line-height:115%;font-family:&quot;Arial&quot;,&quot;sans-serif&quot;\" class=\"\"><a href=\"https:\/\/secure.avaaz.org\/po\/petition\/Aos_Orgaos_de_Defesa_do_Consumidor_e_ao_Poder_Judiciario_JUSTICA_CONTRA_UMA_MARCA_E_SUA_REVENDERORA_QUE_DESCUMPREM_A_LEI\/?lJEcNfb&amp;pv=0\" >https:\/\/secure.avaaz.org\/po\/petition\/Aos_Orgaos_de_Defesa_do_Consumidor_e_ao_Poder_Judiciario_JUSTICA_CONTRA_UMA_MARCA_E_SUA_REVENDERORA_QUE_DESCUMPREM_A_LEI\/?lJEcNfb&amp;pv=0<\/a><\/span><\/a><span style=\"font-size:16.0pt;line-height:115%;font-family:&quot;Arial&quot;,&quot;sans-serif&quot;\" class=\"\"><o:p class=\"\"><\/o:p><\/span><\/div>\n<div class=\"\" style=\"text-align:justify;tab-stops:111.0pt\"><span style=\"font-size:16.0pt;line-height:115%;font-family:&quot;Arial&quot;,&quot;sans-serif&quot;\" class=\"\"><o:p class=\"\">&nbsp;<\/o:p><\/span><\/div>\n<div class=\"\" style=\"text-align:justify;tab-stops:111.0pt\"><b class=\"\"><span style=\"font-size:16.0pt;line-height:115%;font-family:&quot;Arial&quot;,&quot;sans-serif&quot;\" class=\"\">&nbsp;&nbsp;&nbsp;&nbsp;&nbsp;&nbsp;&nbsp;&nbsp;&nbsp;&nbsp;&nbsp;&nbsp;&nbsp;&nbsp;&nbsp;&nbsp;&nbsp;&nbsp;&nbsp;&nbsp;&nbsp;&nbsp;&nbsp;&nbsp; &nbsp;&nbsp;&nbsp;&nbsp;&nbsp;&nbsp; <o:p class=\"\"><\/o:p><\/span><\/b><\/div>\n<div id=\"yui_3_16_0_1_1442177625893_21411\">                                    <\/div>\n<div class=\"\" style=\"text-align:justify\" id=\"yui_3_16_0_1_1442177625893_21486\" dir=\"ltr\"><b id=\"yui_3_16_0_1_1442177625893_21485\" class=\"\"><span style=\"font-size:14.0pt;line-height:115%;font-family:&quot;Arial&quot;,&quot;sans-serif&quot;\" id=\"yui_3_16_0_1_1442177625893_21484\" class=\"\">AP\u00d3S  AS TODAS AS PARTIDAS DO VASC\u00c3O EM MEU PERFIL DO FACEBOOK (QUEM QUISER RECEBER  AS CR\u00d4NICAS DE PRIMEIRA M\u00c3O \u00c9 S\u00d3 ME ADICIONAR), E NOS SITES WEBVASCO  (www.webvasco.com), E VASCA\u00cdNOS UNIDOS (www.vascainosunidos.com.br) TEM A  OPINI\u00c3O DO JORNALISTA LUIZ CARLOS ROCHA. LEIAM! COMPARTILHEM E CURTAM!  VASCA\u00cdNOS UNIDOS JAMAIS SER\u00c3O VENCIDOS.<o:p class=\"\"><\/o:p><\/span><\/b><\/div>\n<div id=\"yui_3_16_0_1_1442177625893_21411\"><span><br \/><\/span><\/div>\n<div id=\"yui_3_16_0_1_1442177625893_21411\"><span><br \/><\/span><\/div>\n<div id=\"yui_3_16_0_1_1442177625893_21411\"><span><br \/><\/span><\/div>\n<div><\/div>\n<div id=\"yui_3_16_0_1_1442177625893_21410\">&nbsp;<\/div>\n<div class=\"signature\" id=\"yui_3_16_0_1_1442177625893_21347\">\n<div id=\"RTEContent\">\n<div id=\"yui_3_16_0_1_1442177625893_21346\">\n<div id=\"yui_3_16_0_1_1442177625893_21345\">\n<div id=\"yui_3_16_0_1_1442177625893_21344\">\n<div align=\"center\" id=\"yui_3_16_0_1_1442177625893_21343\"><\/div>\n<div align=\"center\" id=\"yui_3_16_0_1_1442177625893_21415\"><\/div>\n<\/div>\n<\/div>\n<\/div>\n<\/div>\n<\/div>\n<\/div>\n<\/div>\n<p><\/p>\n","protected":false},"excerpt":{"rendered":"<p>Em partida v\u00e1lida pela 25\u00aa Rodada, do Campeonato Brasileiro, o Vasco da Gama venceu o&#8230;<\/p>\n","protected":false},"author":7,"featured_media":0,"comment_status":"open","ping_status":"closed","sticky":false,"template":"","format":"standard","meta":{"footnotes":""},"categories":[4],"tags":[],"class_list":["post-4566","post","type-post","status-publish","format-standard","hentry","category-luizcarlosrocha"],"_links":{"self":[{"href":"https:\/\/webvasco.com\/artigos\/wp-json\/wp\/v2\/posts\/4566","targetHints":{"allow":["GET"]}}],"collection":[{"href":"https:\/\/webvasco.com\/artigos\/wp-json\/wp\/v2\/posts"}],"about":[{"href":"https:\/\/webvasco.com\/artigos\/wp-json\/wp\/v2\/types\/post"}],"author":[{"embeddable":true,"href":"https:\/\/webvasco.com\/artigos\/wp-json\/wp\/v2\/users\/7"}],"replies":[{"embeddable":true,"href":"https:\/\/webvasco.com\/artigos\/wp-json\/wp\/v2\/comments?post=4566"}],"version-history":[{"count":0,"href":"https:\/\/webvasco.com\/artigos\/wp-json\/wp\/v2\/posts\/4566\/revisions"}],"wp:attachment":[{"href":"https:\/\/webvasco.com\/artigos\/wp-json\/wp\/v2\/media?parent=4566"}],"wp:term":[{"taxonomy":"category","embeddable":true,"href":"https:\/\/webvasco.com\/artigos\/wp-json\/wp\/v2\/categories?post=4566"},{"taxonomy":"post_tag","embeddable":true,"href":"https:\/\/webvasco.com\/artigos\/wp-json\/wp\/v2\/tags?post=4566"}],"curies":[{"name":"wp","href":"https:\/\/api.w.org\/{rel}","templated":true}]}}