{"id":471,"date":"2013-06-26T20:57:16","date_gmt":"2013-06-26T23:57:16","guid":{"rendered":"http:\/\/webvasco.com\/artigos\/?p=471"},"modified":"2013-06-26T20:57:42","modified_gmt":"2013-06-26T23:57:42","slug":"s-a-profissionalizao-salva","status":"publish","type":"post","link":"https:\/\/webvasco.com\/artigos\/colunistas\/s-a-profissionalizao-salva\/","title":{"rendered":"S&oacute; a profissionaliza&ccedil;&atilde;o salva?"},"content":{"rendered":"<div dir=\"ltr\">\n<div>\n<div style=\"text-align:left\"><span style=\"color:rgb(0,0,0);font-family:verdana;font-size:12px;text-align:justify\">Muito tem se comentado nesses \u00faltimos tempos a respeito da profissionaliza\u00e7\u00e3o como \u00fanica forma de salvar aos clubes de futebol do caos administrativo e financeiro no qual alguns deles (o Vasco, infelizmente, como exemplo) se meteram nas \u00faltimas d\u00e9cadas. De fato, \u00e9 estarrecedor como uma institui\u00e7\u00e3o capaz de produzir m\u00eddia no esporte mais popular do planeta e girar capital em propor\u00e7\u00f5es milion\u00e1rias (alguns desses clubes brasileiros, com capacidade para atingir bilh\u00f5es de reais dentro de alguns anos) possa ser administrada com mentalidade amadora, como um hobby ou por pura dedica\u00e7\u00e3o somente por pessoas j\u00e1 com sua vida profissional encaminhada e que possa se dedicar ao clube de seu cora\u00e7\u00e3o.\u00a0<\/span><\/div>\n<p><\/p>\n<div style=\"text-align:left\"><span style=\"color:rgb(0,0,0);font-family:verdana;font-size:12px\"><br \/><\/span><\/div>\n<p><span style=\"color:rgb(0,0,0);font-family:verdana;font-size:12px;text-align:justify\"><\/p>\n<div style=\"text-align:left\">\nN\u00e3o que se duvide do car\u00e1ter dessas mesmas: apenas \u00e9 quest\u00e3o de bom senso n\u00e3o ter que parar com sua vida profissional ou tirar parte dessa mesma vida de seu cotidiano pelo clube que ama. Mesmo porque, tal como j\u00e1 disse certa vez o ex-Presidente Agathyrno Gomes em 1985, ser um grande empres\u00e1rio, dono de um grande com\u00e9rcio ou supermercado n\u00e3o garante seu bom desempenho como Presidente de um clube. Tendo, ainda, como fator agravante a paix\u00e3o do torcedor por uma marca, o que n\u00e3o se encontra em produtos do g\u00eanero aliment\u00edcio, por exemplo. Afinal, se um produto n\u00e3o lhe satisfaz, consome-se outro. No caso do desporto, a pessoa \u00e9 consumidora eterna daquela marca e, portanto, sente-se triste, tra\u00eddo, com raiva entre outros sentimentos quando v\u00ea a marca de sua paix\u00e3o mal tratada ou entregue ao descaso.<\/div>\n<p>\n<\/span><\/p>\n<div style=\"text-align:left\"><span style=\"color:rgb(0,0,0);font-family:verdana;font-size:12px\"><br \/><\/span><\/div>\n<p><span style=\"color:rgb(0,0,0);font-family:verdana;font-size:12px;text-align:justify\"><\/p>\n<div style=\"text-align:left\">\nO grande \u201cfiel dessa balan\u00e7a\u201d entre paix\u00e3o club\u00edstica e profissionalismo, no entanto, chama-se compet\u00eancia. Uma vez perguntado para mim o que eu pensava a respeito da profissionaliza\u00e7\u00e3o dos clubes de futebol, coloquei-me totalmente favor\u00e1vel desde que seguisse a dois princ\u00edpios: que o Presidente do clube e demais cargos (1\u00ba e 2\u00ba VPs) fossem s\u00f3cios do clube, portanto, conhecedores de suas ra\u00edzes, de sua hist\u00f3ria, miss\u00e3o e vis\u00e3o como entidade mais do que centen\u00e1ria (no caso do Vasco) e que, acima de tudo, os profissionais que viessem compor \u00e0 alta c\u00fapula nos mais diversos setores primordiais (jur\u00eddico, marketing, finan\u00e7as, planejamento estrat\u00e9gico e operacional) fossem de compet\u00eancia reconhecida. Pois \u00e9 preciso, antes de continuarmos a falar incessantemente sobre profissionalismo, ter a consci\u00eancia de que existem bons e maus profissionais, com experi\u00eancia e tato para trabalhar em um clube gerador de grandes receitas e outros sem as devidas virtudes. Nesse norteamento, fica de forma clara a ideia de que chega a ser um \u201cmito\u201d pensar que somente a profissionaliza\u00e7\u00e3o resolve, mesmo que ela n\u00e3o esteja ancorada nesses atributos imprescind\u00edveis.<\/div>\n<p>\n<\/span><\/p>\n<div style=\"text-align:left\"><span style=\"color:rgb(0,0,0);font-family:verdana;font-size:12px\"><br \/><\/span><\/div>\n<p><span style=\"color:rgb(0,0,0);font-family:verdana;font-size:12px;text-align:justify\"><\/p>\n<div style=\"text-align:left\">\nComo exemplo, citem-se os baianos Bahia e Vit\u00f3ria. Declarados como \u201cclubes profissionais\u201d em 2005, no mesmo ano foram ambos \u201cde m\u00e3os dadas\u201d rebaixados \u00e0 Terceira Divis\u00e3o do certame brasileiro. Dentre os clubes europeus, grande parte deles sen\u00e3o em sua totalidade dos que figuram nas principais competi\u00e7\u00f5es s\u00e3o declarados como \u201cclubes empresas\u201d. No entanto, poucos prosperam e outros tantos, mal geridos e sem expressividade, \u201cquebram\u201d, como \u00e9 o t\u00edpico caso do Parma, equipe que figurou dentre as maiores italianas durante boa parte da d\u00e9cada de 1990. Mais recentemente e mais pr\u00f3ximo ao Brasil, vemos como exemplo a Universidad de Chile, que ap\u00f3s se declarar como \u201cclube profissional\u201d parou de figurar entre os destaques do continente e de seu pr\u00f3prio pa\u00eds.\u00a0<\/div>\n<p>\n<\/span><\/p>\n<div style=\"text-align:left\"><span style=\"color:rgb(0,0,0);font-family:verdana;font-size:12px\"><br \/><\/span><\/div>\n<p><span style=\"color:rgb(0,0,0);font-family:verdana;font-size:12px;text-align:justify\"><\/p>\n<div style=\"text-align:left\">\nN\u00e3o que os exemplos expostos sejam a ant\u00edtese da profissionaliza\u00e7\u00e3o. Contudo, remete-nos \u00e0 reflex\u00e3o sob dois horizontes: n\u00e3o \u00e9 a \u201cprofissionaliza\u00e7\u00e3o por profissionaliza\u00e7\u00e3o\u201d que ir\u00e1 garantir retorno, muito menos em curto prazo para algumas institui\u00e7\u00f5es. Como o exemplo da LaU, que pode ainda obter sua retomada de competitividade dentro de algum tempo e mantendo seu discurso, contudo, fortificando sua gest\u00e3o e provendo-a de maior capacidade e compet\u00eancia caso seja esse o problema atual. H\u00e1 de se nascer, ainda, uma mentalidade no sentido de focar esfor\u00e7os e canaliz\u00e1-los para se chegar ao, at\u00e9 ent\u00e3o, equil\u00edbrio distante entre a paix\u00e3o por um clube e a necessidade de profissionaliz\u00e1-lo com sabedoria e compet\u00eancia para perpetu\u00e1-lo e \u00e0 sua torcida. O segundo horizonte \u00e9 o pensamento no retorno desportivo como foco para a gest\u00e3o. O grande problema, no entanto, \u00e9 a forma dura e fria como um empres\u00e1rio (mesmo que bem sucedido em sua vida) trata essa quest\u00e3o: gerar lucros financeiros no clube mesmo que n\u00e3o haja conquistas \u00e9 o caminho mais acertado? Evidentemente que para o torcedor, n\u00e3o. Como o caso do Arsenal da Inglaterra, portador de uma enorme quantia mantida sob poupan\u00e7a, mas sem grandes conquistas faz tempo. No entanto, para que se haja retorno desportivo deve-se haver dinheiro para investimento, e em muitos clubes esse \u00e9 \u201cum bem escasso\u201d. Como lidar, ent\u00e3o, com essa quest\u00e3o, sabendo-se que existem uma marca e uma torcida que precisam ser renovadas com conquistas?<\/div>\n<p>\n<\/span><\/p>\n<div style=\"text-align:left\"><span style=\"color:rgb(0,0,0);font-family:verdana;font-size:12px\"><br \/><\/span><\/div>\n<p><b style=\"margin:0px;padding:0px;border:0px;outline:0px;font-size:12px;vertical-align:baseline;color:rgb(0,0,0);font-family:verdana;text-align:justify\"><\/p>\n<div style=\"text-align:left\">\n<b style=\"margin:0px;padding:0px;border:0px;outline:0px;vertical-align:baseline\">O horizonte vasca\u00edno e a filosofia profissional<\/b><\/div>\n<p><\/b><\/p>\n<div style=\"text-align:left\"><span style=\"color:rgb(0,0,0);font-family:verdana;font-size:12px\"><\/p>\n<p><\/span><\/div>\n<p><span style=\"color:rgb(0,0,0);font-family:verdana;font-size:12px;text-align:justify\"><\/p>\n<div style=\"text-align:left\">Reconhecidamente, o Vasco \u00e9 um clube tradicionalista e que resiste a profundas mudan\u00e7as, mesmo que necess\u00e1rias. Falando de forma bem realista, n\u00e3o ser\u00e1 com medidas de impacto que o clube retomar\u00e1 seu crescimento. Tampouco com promessas fantasiosas e sob discursos que destoam da realidade vivenciada nesse momento de nossa hist\u00f3ria.<\/div>\n<p>\n<\/span><\/p>\n<div style=\"text-align:left\"><span style=\"color:rgb(0,0,0);font-family:verdana;font-size:12px\"><br \/><\/span><\/div>\n<p><span style=\"color:rgb(0,0,0);font-family:verdana;font-size:12px;text-align:justify\"><\/p>\n<div style=\"text-align:left\">\nO Vasco \u00e9 detentor de uma d\u00edvida. Possui como patrim\u00f4nio seu est\u00e1dio e sua torcida, al\u00e9m de uma bel\u00edssima hist\u00f3ria e muitos t\u00edtulos conquistados, apesar de todas as dificuldades ao longo do tempo. Suas condi\u00e7\u00f5es moment\u00e2neas s\u00e3o um fruto de anos de desordem administrativa e irresponsabilidade financeira. Sabe que existem fatores extracampo que o impedem de obter maior repercuss\u00e3o de seus valores, ao contr\u00e1rio do que lhe acontece no caso de notici\u00e1rios negativos, esses sim, amplamente repercutidos.<\/div>\n<p>\n<\/span><\/p>\n<div style=\"text-align:left\"><span style=\"color:rgb(0,0,0);font-family:verdana;font-size:12px\"><br \/><\/span><\/div>\n<p><span style=\"color:rgb(0,0,0);font-family:verdana;font-size:12px;text-align:justify\"><\/p>\n<div style=\"text-align:left\">\nNesse sentido, volto \u00e0 linha de racioc\u00ednio de que \u00e9 preciso bem mais do que somente se declarar profissional. \u00c9 preciso compet\u00eancia e boa vontade para se deixar fazer. Se por um lado eu prezo pela gest\u00e3o administrativa ser enraizada nos valores adquiridos da \u201cmarca Vasco\u201d, por outro admito que o modelo descentralizado, cobrando dedica\u00e7\u00e3o e entrega de profissionais capacitados seja o caminho a ser percorrido. No entanto, requer tempo e perseveran\u00e7a, e n\u00e3o ser\u00e1 garantia alguma se n\u00e3o houver o devido enquadramento da capacidade de gest\u00e3o daquela pessoa em sua \u00e1rea de forma\u00e7\u00e3o \u00e0 gest\u00e3o esportiva, que lida dentre outros fatores com a paix\u00e3o popular.<\/div>\n<p>\n<\/span><\/p>\n<div style=\"text-align:left\"><span style=\"color:rgb(0,0,0);font-family:verdana;font-size:12px\"><br \/><\/span><\/div>\n<p><span style=\"color:rgb(0,0,0);font-family:verdana;font-size:12px;text-align:justify\"><\/p>\n<div style=\"text-align:left\">\nNa verdade, deve haver um marco definitivo na hist\u00f3ria do Vasco. Um contrabalanceamento entre ser profissional competente e ser vasca\u00edno. Equilibrar a raz\u00e3o com a emo\u00e7\u00e3o e fazer disso uma nova filosofia no clube. Relegar todo e qualquer pensamento amador e, ao s\u00f3cio do Vasco, cobrar isso de seus diretores. N\u00e3o somente colocar nos devidos cargos pessoas capacitadas de excel\u00eancia reconhecida, mas fazer disso uma nova metodologia, capaz de promover compartilhamento desse \u201cknow how\u201d em uma vis\u00e3o \u201ctop down\u201d de, com o tempo, o pr\u00f3prio clube ser capaz de criar seus profissionais, tal como j\u00e1 criou craques no campo em sua hist\u00f3ria, incentivando a quem quiser trabalhar um dia, de forma remunerada, para o clube e que goste de gest\u00e3o a se capacitar para ser obrigado a auxili\u00e1-lo em sua gest\u00e3o.\u00a0<\/div>\n<p>\n<\/span><\/p>\n<div style=\"text-align:left\"><span style=\"color:rgb(0,0,0);font-family:verdana;font-size:12px\"><br \/><\/span><\/div>\n<p><span style=\"color:rgb(0,0,0);font-family:verdana;font-size:12px;text-align:justify\"><\/p>\n<div style=\"text-align:left\">\nUm trabalho reconhecidamente \u00e1rduo que deveria (ou dever\u00e1, quem sabe) estar previsto em novo estatuto obrigando \u00e0 c\u00fapula administrativa a cumprir e tendo ao quadro social uma atua\u00e7\u00e3o vigilante. Trabalho esse que levaria d\u00e9cadas para dar resultado, mas que o ganho institucional poderia ser enorme e deixando como heran\u00e7a para gera\u00e7\u00f5es futuras de vasca\u00ednos.<\/div>\n<p>\n<\/span><\/p>\n<div style=\"text-align:left\"><span style=\"color:rgb(0,0,0);font-family:verdana;font-size:12px\"><br \/><\/span><\/div>\n<p><b style=\"margin:0px;padding:0px;border:0px;outline:0px;font-size:12px;vertical-align:baseline;color:rgb(0,0,0);font-family:verdana;text-align:justify\"><\/p>\n<div style=\"text-align:left\">\n<b style=\"margin:0px;padding:0px;border:0px;outline:0px;vertical-align:baseline\">Vencedor da \u00faltima semana<\/b><\/div>\n<p><\/b><\/p>\n<div style=\"text-align:left\"><span style=\"color:rgb(0,0,0);font-family:verdana;font-size:12px\"><br \/><\/span><\/div>\n<p>\n<span style=\"color:rgb(0,0,0);font-family:verdana;font-size:12px;text-align:justify\"><\/p>\n<div style=\"text-align:left\">PARABENIZO, MAIS UMA VEZ (TRI-VENCEDOR!), ao leitor ALEX XAVIER por ter sido o primeiro a responder de forma correta \u00e0 pergunta do desafio da \u00faltima semana! Em tempo: quem desperdi\u00e7ou o p\u00eanalti naquela final diante do Fluminense, em 1993, foi BISMARK. P\u00eanalti esse que, gra\u00e7as a DEUS, n\u00e3o foi necess\u00e1rio ao final dos noventa minutos para garantirmos, at\u00e9 ent\u00e3o, nosso \u00faltimo bicampeonato estadual de nossa hist\u00f3ria.<\/div>\n<p>\n<\/span><\/p>\n<div style=\"text-align:left\"><span style=\"color:rgb(0,0,0);font-family:verdana;font-size:12px\"><br \/><\/span><\/div>\n<p><b style=\"margin:0px;padding:0px;border:0px;outline:0px;font-size:12px;vertical-align:baseline;color:rgb(0,0,0);font-family:verdana;text-align:justify\"><\/p>\n<div style=\"text-align:left\">\n<b style=\"margin:0px;padding:0px;border:0px;outline:0px;vertical-align:baseline\">Desafio da semana<\/b><\/div>\n<p><\/b><\/p>\n<div style=\"text-align:left\"><span style=\"color:rgb(0,0,0);font-family:verdana;font-size:12px\"><br \/><\/span><\/div>\n<p>\n<span style=\"color:rgb(0,0,0);font-family:verdana;font-size:12px;text-align:justify\"><\/p>\n<div style=\"text-align:left\">Em se tratando de sele\u00e7\u00e3o brasileira, lembro-me bem que, em 2000 ap\u00f3s a demiss\u00e3o de Vanderlei Luxemburgo na \u00e9poca em que o Vasco possu\u00eda um time excepcional, foi convocada uma base do time vasca\u00edno para compor a sele\u00e7\u00e3o brasileira que, sob o comando de Candinho, enfrentou e venceu uma equipe sulamericana pelas eliminat\u00f3rias da Copa do Mundo de 2002. Contra quem foi esse jogo e quanto foi o placar dessa partida?<\/div>\n<p>\n<\/span><\/p>\n<div style=\"text-align:left\"><span style=\"color:rgb(0,0,0);font-family:verdana;font-size:12px\"><br \/><\/span><\/div>\n<p><b style=\"margin:0px;padding:0px;border:0px;outline:0px;font-size:12px;vertical-align:baseline;color:rgb(0,0,0);font-family:verdana;text-align:justify\"><\/p>\n<div style=\"text-align:left\">\n<b style=\"margin:0px;padding:0px;border:0px;outline:0px;vertical-align:baseline\">\u201cToques finais\u201d<\/b><\/div>\n<p><\/b><\/p>\n<div style=\"text-align:left\"><span style=\"color:rgb(0,0,0);font-family:verdana;font-size:12px\"><br \/><\/span><\/div>\n<p>\n<span style=\"color:rgb(0,0,0);font-family:verdana;font-size:12px;text-align:justify\"><\/p>\n<div style=\"text-align:left\">1\u00ba) Gostaria de registrar, aqui, meus parab\u00e9ns aos idealizadores da campanha \u201cVasco D\u00edvida Zero\u201d, que j\u00e1 chega de forma transparente \u00e0 marca de quatrocentos mil reais arrecadados em DARFs, auxiliando ao pagamento de d\u00edvidas do clube! Sinceramente, a MELHOR campanha j\u00e1 feita de crowfunding em favor de um clube de futebol, no qual temos ci\u00eancia!<\/div>\n<p>\n<\/span><\/p>\n<div style=\"text-align:left\"><span style=\"color:rgb(0,0,0);font-family:verdana;font-size:12px\"><br \/><\/span><\/div>\n<p><span style=\"color:rgb(0,0,0);font-family:verdana;font-size:12px;text-align:justify\"><\/p>\n<div style=\"text-align:left\">\n2\u00b0) Da s\u00e9rie \u201cPerguntar n\u00e3o ofende\u201d: quanto tempo ir\u00e1 durar Ren\u00ea Sim\u00f5es, \u201ccom saudades do comando \u00e0 beira do gramado\u201d, no Atl\u00e9tico-GO? E seus contratados, tais como Andr\u00e9 Ribeiro por exemplo: por que ele n\u00e3o os indica para seu novo clube?<\/div>\n<p>\n<\/span><\/p>\n<div style=\"text-align:left\"><span style=\"color:rgb(0,0,0);font-family:verdana;font-size:12px\"><br \/><\/span><\/div>\n<div style=\"text-align:left\"><span style=\"color:rgb(0,0,0);font-family:verdana;font-size:12px\"><br \/><\/span><\/div>\n<p><\/p>\n<div style=\"text-align:left\"><span style=\"color:rgb(0,0,0);font-family:verdana;font-size:12px\"><br \/><\/span><\/div>\n<p><b style=\"margin:0px;padding:0px;border:0px;outline:0px;font-size:12px;vertical-align:baseline;color:rgb(0,0,0);font-family:verdana;text-align:justify\"><\/p>\n<div style=\"text-align:left\">\n<b style=\"margin:0px;padding:0px;border:0px;outline:0px;vertical-align:baseline\">Cristiano Mariotti<\/b><\/div>\n<div style=\"text-align:left\"><b style=\"margin:0px;padding:0px;border:0px;outline:0px;vertical-align:baseline\"><a href=\"mailto:cris.mariotti@crvasco.com.br\"><\/a><a href=\"mailto:cris.mariotti@crvasco.com.br\">cris.mariotti@crvasco.com.br<\/a><\/b><\/div>\n<p><\/p>\n<div style=\"text-align:left\"><b style=\"margin:0px;padding:0px;border:0px;outline:0px;vertical-align:baseline\">Twitter: @crismariottirj<\/b><\/div>\n<p><\/b><\/div>\n<p>\n<\/div>\n<p><\/p>\n","protected":false},"excerpt":{"rendered":"<p>Muito tem se comentado nesses \u00faltimos tempos a respeito da profissionaliza\u00e7\u00e3o como \u00fanica forma de&#8230;<\/p>\n","protected":false},"author":12,"featured_media":341,"comment_status":"open","ping_status":"closed","sticky":false,"template":"","format":"standard","meta":{"footnotes":""},"categories":[3],"tags":[],"class_list":["post-471","post","type-post","status-publish","format-standard","has-post-thumbnail","hentry","category-colunistas"],"_links":{"self":[{"href":"https:\/\/webvasco.com\/artigos\/wp-json\/wp\/v2\/posts\/471","targetHints":{"allow":["GET"]}}],"collection":[{"href":"https:\/\/webvasco.com\/artigos\/wp-json\/wp\/v2\/posts"}],"about":[{"href":"https:\/\/webvasco.com\/artigos\/wp-json\/wp\/v2\/types\/post"}],"author":[{"embeddable":true,"href":"https:\/\/webvasco.com\/artigos\/wp-json\/wp\/v2\/users\/12"}],"replies":[{"embeddable":true,"href":"https:\/\/webvasco.com\/artigos\/wp-json\/wp\/v2\/comments?post=471"}],"version-history":[{"count":0,"href":"https:\/\/webvasco.com\/artigos\/wp-json\/wp\/v2\/posts\/471\/revisions"}],"wp:featuredmedia":[{"embeddable":true,"href":"https:\/\/webvasco.com\/artigos\/wp-json\/wp\/v2\/media\/341"}],"wp:attachment":[{"href":"https:\/\/webvasco.com\/artigos\/wp-json\/wp\/v2\/media?parent=471"}],"wp:term":[{"taxonomy":"category","embeddable":true,"href":"https:\/\/webvasco.com\/artigos\/wp-json\/wp\/v2\/categories?post=471"},{"taxonomy":"post_tag","embeddable":true,"href":"https:\/\/webvasco.com\/artigos\/wp-json\/wp\/v2\/tags?post=471"}],"curies":[{"name":"wp","href":"https:\/\/api.w.org\/{rel}","templated":true}]}}