{"id":472,"date":"2013-07-03T08:26:05","date_gmt":"2013-07-03T11:26:05","guid":{"rendered":"http:\/\/webvasco.com\/artigos\/?p=472"},"modified":"2013-07-03T08:34:40","modified_gmt":"2013-07-03T11:34:40","slug":"o-gigante-que-falta-acordar","status":"publish","type":"post","link":"https:\/\/webvasco.com\/artigos\/colunistas\/o-gigante-que-falta-acordar\/","title":{"rendered":"O Gigante que falta acordar"},"content":{"rendered":"<div dir=\"ltr\">\n<div><span style=\"color:rgb(0,0,0);font-family:verdana;font-size:12px;line-height:18px;text-align:justify\">Durante esse \u00faltimo m\u00eas em que o futebol brasileiro ficou paralisado em suas principais competi\u00e7\u00f5es, tivemos a oportunidade de presenciar em nosso pa\u00eds como fato marcante as reinvinda\u00e7\u00f5es de um povo sofrido em manifesta\u00e7\u00f5es pelas ruas, pautadas em melhorias de condi\u00e7\u00f5es de vida para todos nos mais diversos setores da sociedade. Diante de tanto descaso em setores primordiais como sa\u00fade, educa\u00e7\u00e3o, seguran\u00e7a e transporte (que foi o estopim para tudo o que presenciamos), confesso-lhes que n\u00f3s, brasileiros, at\u00e9 demoramos muito para levantar a voz em tom mais alto contra todas as mazelas no qual &quot;nos acostumamos&quot; a presenciar durante todo esse tempo.\u00a0<\/span><br style=\"margin:0px;padding:0px;color:rgb(0,0,0);font-family:verdana;font-size:12px;line-height:18px;text-align:justify\"\/><br \/>\n<br style=\"margin:0px;padding:0px;color:rgb(0,0,0);font-family:verdana;font-size:12px;line-height:18px;text-align:justify\"\/><span style=\"color:rgb(0,0,0);font-family:verdana;font-size:12px;line-height:18px;text-align:justify\">Despertamos desse sono profundo. Despertamos do desconhecimento de nossa pr\u00f3pria for\u00e7a. Despertamos para a realidade: somos n\u00f3s quem constru\u00edmos esse pa\u00eds e o povo, dentro de uma verdadeira democracia, \u00e9 quem deve ter o direito de dizer ao sistema o que n\u00f3s queremos, e n\u00e3o o que o sistema quer que n\u00f3s sejamos perante seus interesses. Se o futuro ser\u00e1 bem melhor depois disso tudo, se o povo ir\u00e1 se esquecer e voltar \u00e0 sua posi\u00e7\u00e3o de passividade anterior, se foi apenas como no dito popular &quot;fogo de palha&quot;, somente o tempo e os acontecimentos que ir\u00e3o nos mostrar. Entretanto, algo precisava ser, verdadeiramente, feito em favor de nossa qualidade de vida, de nosso direito de express\u00e3o por um pa\u00eds melhor. E assim foi feito, mesmo que tardiamente e sabendo que &quot;a luta continua&quot;.<\/span><br style=\"margin:0px;padding:0px;color:rgb(0,0,0);font-family:verdana;font-size:12px;line-height:18px;text-align:justify\"\/><br \/>\n<br style=\"margin:0px;padding:0px;color:rgb(0,0,0);font-family:verdana;font-size:12px;line-height:18px;text-align:justify\"\/><span style=\"color:rgb(0,0,0);font-family:verdana;font-size:12px;line-height:18px;text-align:justify\">De forma serial, presenciamos no \u00faltimo dia desse mesmo m\u00eas (domingo passado) o despertar de mais um gigante, outrora igualmente adormecido e que, uma vez desafiado, nos fez reviver \u00e0queles dias em que nos orgulh\u00e1vamos de cora\u00e7\u00e3o por nossa sele\u00e7\u00e3o nacional. Sim, nos sentimos realizados em presenciarmos, depois de muito tempo, uma vit\u00f3ria expressiva e um t\u00edtulo conquistado sobre a reconhecida &quot;melhor sele\u00e7\u00e3o do mundo&quot;. Afinal, o &quot;o\u00e1sis&quot; do futebol deixou de ser o brasileiro faz tempo. Pelo menos na teoria, nas a\u00e7\u00f5es, na postura de apequenamento constante, tanto no conformismo pelos resultados p\u00edfios obtidos n\u00e3o faz nem tanto tempo contra sele\u00e7\u00f5es igualmente de express\u00e3o quanto na desqualifica\u00e7\u00e3o da identidade de nossa sele\u00e7\u00e3o perante o povo em que ela representa ou deveria representar. Nos sent\u00edamos tra\u00eddos por essa evidente perda de identidade, adotando Londres como nosso &quot;novo lar&quot; jogando somente por dinheiro e arrecada\u00e7\u00f5es para a mal\u00e9fica CBF em detrimento dos clubes de futebol, esses sim, ainda amadores e &quot;de pires na m\u00e3o&quot;.<\/span><br style=\"margin:0px;padding:0px;color:rgb(0,0,0);font-family:verdana;font-size:12px;line-height:18px;text-align:justify\"\/><br \/>\n<br style=\"margin:0px;padding:0px;color:rgb(0,0,0);font-family:verdana;font-size:12px;line-height:18px;text-align:justify\"\/><span style=\"color:rgb(0,0,0);font-family:verdana;font-size:12px;line-height:18px;text-align:justify\">A vit\u00f3ria da &quot;F\u00faria&quot; era &quot;pule de dez&quot;. Ou quem ousaria prever que uma sele\u00e7\u00e3o que \u00f3timo toque de bola, de \u00f3timos valores, dona do melhor futebol que lhe rendeu a \u00faltima Copa do Mundo e as duas \u00faltimas Eurocopas, com dois times excepcionais de primeiro escal\u00e3o polarizando seu futebol dom\u00e9stico e sua sele\u00e7\u00e3o fosse perder para o &quot;decadente&quot; futebol &quot;tupiniquim&quot;, amador, sem dinheiro, &quot;sem talentos&quot; segundo muitos?! Creio que somente aquela pessoa que fosse muito corajosa que, em contrapartida, estaria correndo o risco de &quot;levar o r\u00f3tulo em sua testa&quot; de &quot;sabe nada&quot;, &quot;n\u00e3o entende&quot;, &quot;\u00e9 cego&quot;, &quot;\u00e9 burro&quot;, &quot;est\u00e1 sonhando&quot; etc. Mas como sabemos, esse papo \u00e9 sobre futebol. Logo, a &quot;equa\u00e7\u00e3o complicada&quot; pode se tornar uma &quot;simples opera\u00e7\u00e3o de c\u00e1lculo&quot; e sem contesta\u00e7\u00e3o.<\/span><br style=\"margin:0px;padding:0px;color:rgb(0,0,0);font-family:verdana;font-size:12px;line-height:18px;text-align:justify\"\/><br \/>\n<br style=\"margin:0px;padding:0px;color:rgb(0,0,0);font-family:verdana;font-size:12px;line-height:18px;text-align:justify\"\/><span style=\"color:rgb(0,0,0);font-family:verdana;font-size:12px;line-height:18px;text-align:justify\">De forma alguma, a Espanha deixou de se uma sele\u00e7\u00e3o de qualidade e nem o Brasil deixou de ter suas defici\u00eancias. Mas como bem colocou o goleiro J\u00falio C\u00e9sar, resgatado do ostracismo com o t\u00edtulo ap\u00f3s o jogo: &quot;o futebol tem hierarquia&quot;. E o Brasil tem MUITO a mostrar, ainda, \u00e0 Espanha e a uma s\u00e9rie de outras equipes. Afinal, n\u00e3o tem sele\u00e7\u00e3o que seja cinco vezes campe\u00e3 do mundo, quatro vezes campe\u00e3 da Copa das Condefera\u00e7\u00f5es (que \u00e9 uma esp\u00e9cie de campe\u00e3 das campe\u00e3s de todos os continentes) e oito vezes campe\u00e3 das Am\u00e9ricas por mera &quot;quest\u00e3o de sorte&quot;. A quest\u00e3o vai mais al\u00e9m: talento, acima de tudo. E foi esse talento em campo o construtor dessa hierarquia no futebol em que o Brasil, mesmo n\u00e3o estando em seus melhores momentos, se permite olhar para a recente sele\u00e7\u00e3o campe\u00e3 do mundo pela primeira vez e lhe pedir respeito, principalmente em sua casa, diante de sua torcida. Por sinal, sua casa resgatada por sua pr\u00f3pria torcida, pois nem casa em nosso territ\u00f3rio n\u00f3s t\u00ednhamos recentemente.<\/span><br style=\"margin:0px;padding:0px;color:rgb(0,0,0);font-family:verdana;font-size:12px;line-height:18px;text-align:justify\"\/><br \/>\n<br style=\"margin:0px;padding:0px;color:rgb(0,0,0);font-family:verdana;font-size:12px;line-height:18px;text-align:justify\"\/><span style=\"color:rgb(0,0,0);font-family:verdana;font-size:12px;line-height:18px;text-align:justify\">Nesse contexto, obviamente, fa\u00e7o e lhes proponho uma reflex\u00e3o comparativa sobre os dois fatos j\u00e1 elucidados e o nosso amado Club de Regatas Vasco da Gama: e nosso Gigante, quando ir\u00e1 despertar tamb\u00e9m? Quando ser\u00e1 que, assim como o povo brasileiro, assim como a sele\u00e7\u00e3o brasileira, iremos &quot;bradar&quot; em alto e bom som que queremos o pleno resgate de nossa institui\u00e7\u00e3o? Quando ser\u00e1 que o vasca\u00edno, de uma forma geral, estar\u00e1 mais consciente, pensando ao clube com sua intelig\u00eancia, colaborando, cobrando e exigindo de forma democr\u00e1tica e pac\u00edfica por um clube melhor, sem politicagem, sem vaidade, sem interesses que n\u00e3o sejam ao Vasco em primeiro lugar? Quando ser\u00e1 que veremos nosso Vasco, nosso Gigante, libertado de todas as amarras que, por ventura, n\u00e3o o faz mais nos dar as mesmas alegrias que, um dia, vimos?<\/span><br style=\"margin:0px;padding:0px;color:rgb(0,0,0);font-family:verdana;font-size:12px;line-height:18px;text-align:justify\"\/><br \/>\n<br style=\"margin:0px;padding:0px;color:rgb(0,0,0);font-family:verdana;font-size:12px;line-height:18px;text-align:justify\"\/><span style=\"color:rgb(0,0,0);font-family:verdana;font-size:12px;line-height:18px;text-align:justify\">A analogia desses dois fatos outrora citados \u00e9 bastante pertinente. Se o povo \u00e9 capaz de ajudar a construir um pa\u00eds atrav\u00e9s de suas manifesta\u00e7\u00f5es de forma pac\u00edfica e ordeira, o vasca\u00edno \u00e9 capaz de, consciente e forte, ajudar a construir o clube que ele deseja. Se no futebol tem hierarquia e essa \u00e9 capaz de prevalecer em momentos decisivos, em que contexto dessa mesma hierarquia queremos ver nosso clube posicionado: no esplendor das conquistas como nos acostumamos um dia? Ou adormecido, acanhado em sono profundo, mascarado por seu pensamento pequeno e pela mediocridade do presente momento, mirando ao fundo do po\u00e7o e dele fazendo seu referencial? Quem s\u00e3o esses que n\u00e3o querem ver o Gigante da Colina, detentor de cinco t\u00edtulos nacionais, de tr\u00eas sulamericanos, de dois mundiais n\u00e3o reconhecidos pela FIFA, de outros tantos t\u00edtulos e\u00a0 de uma torcida das mais grandiosas do Brasil recolhido em sua suposta &quot;insignific\u00e2ncia&quot;? Assim como a sele\u00e7\u00e3o brasileira, com sua casa desfigurada, tal como podem nos tirar do Maracan\u00e3 e ainda nos proibir de mandar a certos jogos em S\u00e3o Janu\u00e1rio tamb\u00e9m? Pois ent\u00e3o, &quot;todos contra esses&quot;. Sejam quem for; estejam onde estiverem.<\/span><br style=\"margin:0px;padding:0px;color:rgb(0,0,0);font-family:verdana;font-size:12px;line-height:18px;text-align:justify\"\/><br \/>\n<br style=\"margin:0px;padding:0px;color:rgb(0,0,0);font-family:verdana;font-size:12px;line-height:18px;text-align:justify\"\/><span style=\"color:rgb(0,0,0);font-family:verdana;font-size:12px;line-height:18px;text-align:justify\">O Vasco n\u00e3o \u00e9 subserviente e nem inexpressivo conforme grande parte pensa que seja. Mas de nada adianta esse discurso se n\u00e3o houver pessoas capazes de fazerem valer nossas tradi\u00e7\u00f5es e nossos ideais contra a grande &quot;massa de manobra&quot; que atende aos interesses comerciais e polarizados em alguns, cooptando e alienando a todos sobre uma suposta imposi\u00e7\u00e3o de &quot;nova hierarquia&quot; no futebol brasileiro, levando at\u00e9 mesmo \u00e0 revers\u00e3o de uma hist\u00f3ria no qual o Vasco sempre lutou com quem lhe amava contra seus reais inimigos. O pr\u00f3prio Vasco, a come\u00e7ar pela pr\u00f3pria institui\u00e7\u00e3o, deve resgatar a sua pr\u00f3pria identidade, sua pr\u00f3pria consci\u00eancia de clube Gigante desse futebol, coisa perdida por n\u00f3s, infelizmente, faz tempo. Nesse cen\u00e1rio, \u00e9 preciso MUITO mais do que somente o propagado profissionalismo para resolver a esses problemas. Tal como j\u00e1 escrevera outrora, \u00e9 preciso compet\u00eancia e vontade, aliados \u00e0 capacidade e ao pr\u00f3prio sincero sentimento pela institui\u00e7\u00e3o. E, assim como o povo brasileiro, j\u00e1 passou da hora de o vasca\u00edno dar sua resposta, com trabalho, com vontade e com sapi\u00eancia. Pela volta de um Vasco forte, tal como desejamos.\u00a0<\/span><b><font color=\"#000099\"><\/p>\n<p><\/font><\/b><\/div>\n<div><span style=\"color:rgb(0,0,0);font-family:verdana;font-size:12px;line-height:18px;text-align:justify\"><br \/><\/span><\/div>\n<div><span style=\"color:rgb(0,0,0);font-family:verdana;font-size:12px;line-height:18px;text-align:justify\"><\/p>\n<p><\/span><\/div>\n<div style><span style=\"color:rgb(0,0,0);font-family:verdana;font-size:12px;line-height:18px;text-align:justify\"><b>Cristiano Mariotti<\/b><\/span><\/div>\n<div style><span style=\"color:rgb(0,0,0);font-family:verdana;font-size:12px;line-height:18px;text-align:justify\"><b><a href=\"mailto:cris.mariotti@crvasco.com.br\"><\/a><a href=\"mailto:cris.mariotti@crvasco.com.br\">cris.mariotti@crvasco.com.br<\/a><\/b><\/span><\/div>\n<p><\/p>\n<div style><span style=\"color:rgb(0,0,0);font-family:verdana;font-size:12px;line-height:18px;text-align:justify\"><b>Twitter: @crismariottirj<\/b><\/span><\/div>\n<p>\n<\/div>\n<p><\/p>\n","protected":false},"excerpt":{"rendered":"<p>Durante esse \u00faltimo m\u00eas em que o futebol brasileiro ficou paralisado em suas principais competi\u00e7\u00f5es,&#8230;<\/p>\n","protected":false},"author":12,"featured_media":341,"comment_status":"open","ping_status":"closed","sticky":false,"template":"","format":"standard","meta":{"footnotes":""},"categories":[3],"tags":[],"class_list":["post-472","post","type-post","status-publish","format-standard","has-post-thumbnail","hentry","category-colunistas"],"_links":{"self":[{"href":"https:\/\/webvasco.com\/artigos\/wp-json\/wp\/v2\/posts\/472","targetHints":{"allow":["GET"]}}],"collection":[{"href":"https:\/\/webvasco.com\/artigos\/wp-json\/wp\/v2\/posts"}],"about":[{"href":"https:\/\/webvasco.com\/artigos\/wp-json\/wp\/v2\/types\/post"}],"author":[{"embeddable":true,"href":"https:\/\/webvasco.com\/artigos\/wp-json\/wp\/v2\/users\/12"}],"replies":[{"embeddable":true,"href":"https:\/\/webvasco.com\/artigos\/wp-json\/wp\/v2\/comments?post=472"}],"version-history":[{"count":0,"href":"https:\/\/webvasco.com\/artigos\/wp-json\/wp\/v2\/posts\/472\/revisions"}],"wp:featuredmedia":[{"embeddable":true,"href":"https:\/\/webvasco.com\/artigos\/wp-json\/wp\/v2\/media\/341"}],"wp:attachment":[{"href":"https:\/\/webvasco.com\/artigos\/wp-json\/wp\/v2\/media?parent=472"}],"wp:term":[{"taxonomy":"category","embeddable":true,"href":"https:\/\/webvasco.com\/artigos\/wp-json\/wp\/v2\/categories?post=472"},{"taxonomy":"post_tag","embeddable":true,"href":"https:\/\/webvasco.com\/artigos\/wp-json\/wp\/v2\/tags?post=472"}],"curies":[{"name":"wp","href":"https:\/\/api.w.org\/{rel}","templated":true}]}}