{"id":473,"date":"2013-07-07T23:29:35","date_gmt":"2013-07-08T02:29:35","guid":{"rendered":"http:\/\/webvasco.com\/artigos\/?p=473"},"modified":"2013-07-07T23:38:07","modified_gmt":"2013-07-08T02:38:07","slug":"vermelho-de-vergonha","status":"publish","type":"post","link":"https:\/\/webvasco.com\/artigos\/colunistas\/luizcarlosrocha\/vermelho-de-vergonha\/","title":{"rendered":"VERMELHO DE VERGONHA!"},"content":{"rendered":"<div>\n<div style=\"color:#000; background-color:#fff; font-family:bookman old style, new york, times, serif;font-size:12pt\">\n<div>&nbsp;<\/div>\n<p><span><\/p>\n<div><font face=\"Times New Roman\">  <\/font><\/div>\n<div class=\"MsoNormal\" style=\"margin: 0cm 0cm 10pt; text-align: justify;\"><span style='line-height: 115%; font-family: \"Arial\",\"sans-serif\"; font-size: 14pt;'>&nbsp;&nbsp;&nbsp; <var id=\"yui-ie-cursor\"><\/var>Na rodada da reestreia do Campeonato Brasileiro, o Vasco foi massacrado pelo Internacional, 5 a 3 para os Colorados. Com o resultado o time carioca ocupa a 13\u00aa posi\u00e7\u00e3o na tabela de classifica\u00e7\u00e3o da competi\u00e7\u00e3o com apenas 7 pontos ganhos. A pr\u00f3xima partida ser\u00e1 contra a Molambada, domingo, em Bras\u00edlia-DF.<o:p><\/o:p><\/span><\/div>\n<div><font face=\"Times New Roman\">  <\/font><\/div>\n<div class=\"MsoNormal\" style=\"margin: 0cm 0cm 10pt; text-align: justify;\"><span style='line-height: 115%; font-family: \"Arial\",\"sans-serif\"; font-size: 14pt;'><span style=\"mso-spacerun: yes;\">&nbsp;&nbsp;&nbsp; <\/span>O treinador Paulo Autuori est\u00e1 de sa\u00edda, provavelmente para o S\u00e3o Paulo. Analisando os n\u00fameros ele n\u00e3o far\u00e1 muita falta. De mar\u00e7o para c\u00e1, Autuori comandou o cruzmaltino em 13 oportunidades. Foram cinco derrotas, dois empates e apenas seis vit\u00f3rias. Pouco triunfo para muito nome! Ademais \u00e9 f\u00e1cil abandonar o barco \u2013 neste caso a Caravela \u2013 quando ela est\u00e1 naufragando. <o:p><\/o:p><\/span><\/div>\n<div><font face=\"Times New Roman\">  <\/font><\/div>\n<div class=\"MsoNormal\" style=\"margin: 0cm 0cm 10pt; text-align: justify;\"><span style='line-height: 115%; font-family: \"Arial\",\"sans-serif\"; font-size: 14pt;'><span style=\"mso-spacerun: yes;\">&nbsp;&nbsp;&nbsp;&nbsp; <\/span>O Gigante da Colina ficou 32 dias APENAS treinando e planejando um rumo melhor no Brasileir\u00e3o 2013. Teve tempo de sobra para fazer os ajustes. Tempo esse que teve tamb\u00e9m ao ser eliminado antecipadamente no Carioca. Para nada! Hoje o torcedor vasca\u00edno foi mais uma vez humilhado!<o:p><\/o:p><\/span><\/div>\n<div><font face=\"Times New Roman\">  <\/font><\/div>\n<div class=\"MsoNormal\" style=\"margin: 0cm 0cm 10pt; text-align: justify;\"><span style='line-height: 115%; font-family: \"Arial\",\"sans-serif\"; font-size: 14pt;'><span style=\"mso-spacerun: yes;\">&nbsp;&nbsp;&nbsp; <\/span>O que mais me espanta \u00e9 saber que o Vasco sempre foi pioneiro em tudo que se refere ao desporto. Mais espantado eu fico em ver que a Imensa Torcida Bem Feliz (ultimamente muito infeliz) n\u00e3o tem feito quase nada para mudar a situa\u00e7\u00e3o de crise. \u00c9 hora de dar um basta!<o:p><\/o:p><\/span><\/div>\n<div><font face=\"Times New Roman\">  <\/font><\/div>\n<div class=\"MsoNormal\" style=\"margin: 0cm 0cm 10pt; text-align: justify;\"><span style='line-height: 115%; font-family: \"Arial\",\"sans-serif\"; font-size: 14pt;'><span style=\"mso-spacerun: yes;\">&nbsp;&nbsp;&nbsp; <\/span>Os protestos no Brasil est\u00e3o na moda. Uns bem estruturados e com sentido, outros nem tanto assim. Os brasileiros j\u00e1 tem a consci\u00eancia de sua for\u00e7a. Espero sinceramente que os vasca\u00ednos tenham essa mesma consci\u00eancia da for\u00e7a que tem!<o:p><\/o:p><\/span><\/div>\n<div><font face=\"Times New Roman\">  <\/font><\/div>\n<div class=\"MsoNormal\" style=\"margin: 0cm 0cm 10pt; text-align: justify;\"><span style='line-height: 115%; font-family: \"Arial\",\"sans-serif\"; font-size: 14pt;'><span style=\"mso-spacerun: yes;\">&nbsp;&nbsp;&nbsp;&nbsp; <\/span>Um clube n\u00e3o \u00e9 nada sem a torcida! A Massa vasca\u00edna precisa protestar. De forma civilizada, sem vandalismo. Por\u00e9m, dura! Com vontade! Algo precisa ser feito antes que a atual gest\u00e3o do presidente Roberto Bombinha destrua completamente o nosso Vasco!<o:p><\/o:p><\/span><\/div>\n<div><font face=\"Times New Roman\">  <\/font><\/div>\n<div class=\"MsoNormal\" style=\"margin: 0cm 0cm 10pt; text-align: justify;\"><span style='line-height: 115%; font-family: \"Arial\",\"sans-serif\"; font-size: 14pt;'><span style=\"mso-spacerun: yes;\">&nbsp;&nbsp;&nbsp; <\/span>Sempre estarei ao lado do torcedor! Qualquer manifesta\u00e7\u00e3o ou protesto pac\u00edfico e sem vandalismo que a torcida se empenhe em realizar ter\u00e1 o meu total apoio. Afinal, vivemos num Estado Democr\u00e1tico de Direito. Torcedor estou com voc\u00ea! <o:p><\/o:p><\/span><\/div>\n<div><font face=\"Times New Roman\">  <\/font><\/div>\n<div class=\"MsoNormal\" style=\"margin: 0cm 0cm 10pt; text-align: justify;\"><span style='line-height: 115%; font-family: \"Arial\",\"sans-serif\"; font-size: 14pt;'><span style=\"mso-tab-count: 1;\">&nbsp;&nbsp;&nbsp;&nbsp;&nbsp;&nbsp;&nbsp;&nbsp;&nbsp;<\/span><span style=\"mso-spacerun: yes;\">&nbsp;<\/span><\/span><\/div>\n<div class=\"MsoNormal\" style=\"margin: 0cm 0cm 10pt; text-align: justify;\"><span style='line-height: 115%; font-family: \"Arial\",\"sans-serif\"; font-size: 14pt;'><o:p>&nbsp;<\/o:p><\/span><\/div>\n<div><font face=\"Times New Roman\">  <\/font><\/div>\n<div class=\"MsoNormal\" style=\"margin: 0cm 0cm 10pt; text-align: justify;\"><b style=\"mso-bidi-font-weight: normal;\"><span style='line-height: 115%; font-family: \"Arial\",\"sans-serif\"; font-size: 14pt;'>AP\u00d3S AS TODAS AS PARTIDAS DO VASC\u00c3O EM MEU PERFIL DO FACEBOOK (QUEM QUISER RECEBER AS CR\u00d4NICAS DE PRIMEIRA M\u00c3O \u00c9 S\u00d3 ME ADICIONAR), E NOS SITES WEBVASCO (www.webvasco.com), E VASCA\u00cdNOS UNIDOS (www.vascainosunidos.com.br) TEM A OPINI\u00c3O DO JORNALISTA LUIZ CARLOS ROCHA. LEIAM! COMPARTILHEM E CURTAM! VASCA\u00cdNOS UNIDOS JAMAIS SER\u00c3O VENCIDOS.<o:p><\/o:p><\/span><\/b><\/div>\n<div><font face=\"Times New Roman\">  <\/font><\/div>\n<p><\/span><\/p>\n<div>&nbsp;<\/div>\n<div><span><\/span>&nbsp;<\/div>\n<div><span><\/span>&nbsp;<\/div>\n<div><span><\/span>&nbsp;<\/div>\n<div><span><\/span>&nbsp;<\/div>\n<div><span><\/span>&nbsp;<\/div>\n<div><\/div>\n<div>&nbsp;<\/div>\n<div id=\"RTEContent\">\n<div>\n<div>\n<div>\n<div align=\"center\"><b><font color=\"#ff0000\" face=\"bookman old style, new york, times, serif\" size=\"5\"><\/font><\/b>&nbsp;<\/div>\n<div align=\"center\"><font face=\"Verdana\" size=\"5\"><b><\/b><\/font>&nbsp;<\/div>\n<\/div>\n<\/div>\n<\/div>\n<\/div>\n<\/div>\n<\/div>\n<p><\/p>\n","protected":false},"excerpt":{"rendered":"<p>&nbsp; &nbsp;&nbsp;&nbsp; Na rodada da reestreia do Campeonato Brasileiro, o Vasco foi massacrado pelo Internacional,&#8230;<\/p>\n","protected":false},"author":7,"featured_media":58,"comment_status":"open","ping_status":"closed","sticky":false,"template":"","format":"standard","meta":{"footnotes":""},"categories":[4],"tags":[],"class_list":["post-473","post","type-post","status-publish","format-standard","has-post-thumbnail","hentry","category-luizcarlosrocha"],"_links":{"self":[{"href":"https:\/\/webvasco.com\/artigos\/wp-json\/wp\/v2\/posts\/473","targetHints":{"allow":["GET"]}}],"collection":[{"href":"https:\/\/webvasco.com\/artigos\/wp-json\/wp\/v2\/posts"}],"about":[{"href":"https:\/\/webvasco.com\/artigos\/wp-json\/wp\/v2\/types\/post"}],"author":[{"embeddable":true,"href":"https:\/\/webvasco.com\/artigos\/wp-json\/wp\/v2\/users\/7"}],"replies":[{"embeddable":true,"href":"https:\/\/webvasco.com\/artigos\/wp-json\/wp\/v2\/comments?post=473"}],"version-history":[{"count":0,"href":"https:\/\/webvasco.com\/artigos\/wp-json\/wp\/v2\/posts\/473\/revisions"}],"wp:featuredmedia":[{"embeddable":true,"href":"https:\/\/webvasco.com\/artigos\/wp-json\/wp\/v2\/media\/58"}],"wp:attachment":[{"href":"https:\/\/webvasco.com\/artigos\/wp-json\/wp\/v2\/media?parent=473"}],"wp:term":[{"taxonomy":"category","embeddable":true,"href":"https:\/\/webvasco.com\/artigos\/wp-json\/wp\/v2\/categories?post=473"},{"taxonomy":"post_tag","embeddable":true,"href":"https:\/\/webvasco.com\/artigos\/wp-json\/wp\/v2\/tags?post=473"}],"curies":[{"name":"wp","href":"https:\/\/api.w.org\/{rel}","templated":true}]}}