{"id":474,"date":"2013-07-14T21:43:14","date_gmt":"2013-07-15T00:43:14","guid":{"rendered":"http:\/\/webvasco.com\/artigos\/?p=474"},"modified":"2013-07-14T21:55:36","modified_gmt":"2013-07-15T00:55:36","slug":"o-sujo-venceu-o-mal-lavado","status":"publish","type":"post","link":"https:\/\/webvasco.com\/artigos\/colunistas\/luizcarlosrocha\/o-sujo-venceu-o-mal-lavado\/","title":{"rendered":"O SUJO VENCEU O MAL LAVADO!"},"content":{"rendered":"<div>\n<div style=\"color:#000; background-color:#fff; font-family:bookman old style, new york, times, serif;font-size:12pt\">\n<div><\/div>\n<p><span><\/p>\n<div><font face=\"Times New Roman\">  <\/font><\/div>\n<div class=\"MsoNormal\" style=\"margin: 0cm 0cm 10pt; text-align: justify;\"><span style='line-height: 115%; font-family: \"Arial\",\"sans-serif\"; font-size: 14pt;'>&nbsp;&nbsp;&nbsp;&nbsp;&nbsp;&nbsp;&nbsp; <var id=\"yui-ie-cursor\"><\/var>Em partida v\u00e1lida pela S\u00e9tima Rodada do Campeonato Brasileiro, a Molambada venceu o Vasco da Gama por 1 a 0, no Est\u00e1dio Man\u00e9 Garrincha, em Bras\u00edlia-DF. Com o resultado o cruzmaltino que n\u00e3o sabia o que era o Z4 desde 2010, passou a frequentar aquela desconfort\u00e1vel posi\u00e7\u00e3o na tabela de classifica\u00e7\u00e3o da competi\u00e7\u00e3o. <span style=\"mso-spacerun: yes;\">&nbsp;<\/span>O pr\u00f3ximo desafio do Gigante da Colina ser\u00e1 diante do Florminense, na reabertura do Est\u00e1dio Maracan\u00e3. (Justo! Um time da Primeira Divis\u00e3o do Brasileir\u00e3o e um da Segundona. Desta forma ter\u00e1 um representante de cada escala)<o:p><\/o:p><\/span><\/div>\n<div><font face=\"Times New Roman\">  <\/font><\/div>\n<div class=\"MsoNormal\" style=\"margin: 0cm 0cm 10pt; text-align: justify;\"><span style='line-height: 115%; font-family: \"Arial\",\"sans-serif\"; font-size: 14pt;'><span style=\"mso-tab-count: 1;\">&nbsp;&nbsp;&nbsp;&nbsp;&nbsp;&nbsp;&nbsp;&nbsp; <\/span>Voltando ao jogo, n\u00e3o \u00e9 m\u00e9rito nenhum o povo do gueto nos vencer. Estamos passando a maior crise financeira da nossa hist\u00f3ria. Tamb\u00e9m temos o problema de ter de aturar um presidente incompetente e que n\u00e3o tem aquilo roxo, pois se tivesse muitas coisas n\u00e3o estariam acontecendo. Atualmente no Vasco faltam recursos (financeiros e administrativos) e sobram problemas (operacionais e t\u00e9cnicos). Ganhar por apenas um gol de diferen\u00e7a \u00e9 mostrar que na igualdade dos fatos o que diferenciou foi a sorte de Paulinho!<o:p><\/o:p><\/span><\/div>\n<div><font face=\"Times New Roman\">  <\/font><\/div>\n<div class=\"MsoNormal\" style=\"margin: 0cm 0cm 10pt; text-align: justify;\"><span style='line-height: 115%; font-family: \"Arial\",\"sans-serif\"; font-size: 14pt;'><span style=\"mso-tab-count: 1;\">&nbsp;&nbsp;&nbsp;&nbsp;&nbsp;&nbsp;&nbsp;&nbsp; <\/span>Mas o problema todo est\u00e1 a\u00ed. Que aquele clube maldito que n\u00e3o deve ser nomeado \u00e9 med\u00edocre todo mundo sabe. Que o mesmo clube \u00e9 uma inven\u00e7\u00e3o da m\u00eddia para que dentro do contexto p\u00e3o e circo traga felicidade para aqueles que n\u00e3o tem outro entretenimento que n\u00e3o seja o futebol tamb\u00e9m sabemos. A preocupa\u00e7\u00e3o \u00e9 n\u00e3o igualar uma institui\u00e7\u00e3o respeitada e centen\u00e1ria como o Vasco a um clube de aglomerados-aculturados que sequer est\u00e1dio tem! Precisamos fazer Roberto Bombinha e seus subordinados entenderem que n\u00e3o \u00e9 por que eles (os exclu\u00eddos) est\u00e3o mal, que o Mach\u00e3o da Gama pode tamb\u00e9m ficar. O lema n\u00e3o \u00e9 mais ficar apenas na frente deles quando o campeonato acabar.<o:p><\/o:p><\/span><\/div>\n<div><font face=\"Times New Roman\">  <\/font><\/div>\n<div class=\"MsoNormal\" style=\"margin: 0cm 0cm 10pt; text-align: justify;\"><span style='line-height: 115%; font-family: \"Arial\",\"sans-serif\"; font-size: 14pt;'><span style=\"mso-tab-count: 1;\">&nbsp;&nbsp;&nbsp;&nbsp;&nbsp;&nbsp;&nbsp;&nbsp; <\/span>O foco tem de ser o t\u00edtulo. Sempre a prioridade tem de ser a conquista. A meta nivelada por cima. Este \u00e9 o pensamento moderno. Assim os cartolas mais preparados devem pensar!<span style=\"mso-spacerun: yes;\">&nbsp; <\/span>A marca Vasco da Gama \u00e9 muito forte. Sempre foi pioneira em tudo! O exemplo recente foi a grandeza dos torcedores se unirem para pagarem d\u00edvidas acumuladas do clube junto \u00e0 Receita Federal, com o programa D\u00edvida Zero. Mas \u00e9 preciso mais, muito mais! Dorival J\u00fanior \u00e9 bom treinador, mas n\u00e3o faz milagres. Atualmente no plantel vasca\u00edno, em minha humilde opini\u00e3o apenas Bernardo, Marlone, Carlos Ten\u00f3rio, Andr\u00e9 e agora Juninho s\u00e3o dignos de vestirem o manto sagrado. Se bem trabalhados e melhorados quem sabe Pedro Ken, Wendel e \u00c9der Lu\u00eds poder\u00e3o voltar a brilhar, mas esses tr\u00eas s\u00e3o inc\u00f3gnitas. <o:p><\/o:p><\/span><\/div>\n<div><font face=\"Times New Roman\">  <\/font><\/div>\n<div class=\"MsoNormal\" style=\"margin: 0cm 0cm 10pt; text-align: justify;\"><span style='line-height: 115%; font-family: \"Arial\",\"sans-serif\"; font-size: 14pt;'><span style=\"mso-tab-count: 1;\">&nbsp;&nbsp;&nbsp;&nbsp;&nbsp;&nbsp;&nbsp;&nbsp; <\/span>O Gigante precisa ressurgir, precisa se reerguer! N\u00e3o \u00e9 dif\u00edcil. A torcida tem de fazer a sua parte cobrando aos dirigentes. Indo a S\u00e3o Janu\u00e1rio e protestando em dias de jogos e fora deles. A massa tem de mostrar a sua for\u00e7a. Assim como fizemos nas recentes manifesta\u00e7\u00f5es por causa dos famosos vinte centavos. Muito mais do que isso o Vasco vem perdendo nos \u00faltimos cinco anos, na qual Roberto Bombinha est\u00e1 a frente da administra\u00e7\u00e3o. <o:p><\/o:p><\/span><\/div>\n<div><font face=\"Times New Roman\">  <\/font><\/div>\n<div class=\"MsoNormal\" style=\"margin: 0cm 0cm 10pt; text-align: justify;\"><span style='line-height: 115%; font-family: \"Arial\",\"sans-serif\"; font-size: 14pt;'><span style=\"mso-tab-count: 1;\">&nbsp;&nbsp;&nbsp;&nbsp;&nbsp;&nbsp;&nbsp;&nbsp; <\/span>Se o brasileiro foi capaz de modificar um cen\u00e1rio que era insatisfat\u00f3rio, porque o vasca\u00edno n\u00e3o pode expor a sua repudia ao jejum de t\u00edtulos? N\u00e3o s\u00f3 pode como deve! Vamos protestar. Vamos cobrar dos incompetentes que l\u00e1 est\u00e3o na c\u00fapula do nosso clube. S\u00f3 n\u00e3o podemos esquecer que existem pessoas realmente interessadas em ajudar aos Vasco. Empres\u00e1rios, advogados, jornalistas, m\u00e9dicos, publicit\u00e1rios, radialistas, engenheiros, estudantes, banc\u00e1rios, policiais, secret\u00e1rias, vendedores, jogadores, ex-atletas&#8230; Pessoas s\u00e9rias e honestas. <o:p><\/o:p><\/span><\/div>\n<div><font face=\"Times New Roman\">  <\/font><\/div>\n<div class=\"MsoNormal\" style=\"margin: 0cm 0cm 10pt; text-align: justify;\"><span style='line-height: 115%; font-family: \"Arial\",\"sans-serif\"; font-size: 14pt;'><span style=\"mso-tab-count: 1;\">&nbsp;&nbsp;&nbsp;&nbsp;&nbsp;&nbsp;&nbsp;&nbsp; <\/span>O primeiro passo \u00e9 protestar e cobrar. O segundo \u00e9 separar quem realmente ama o Vasco daqueles que apenas querem tirar vantagem. O terceiro \u00e9 reunir todas as pessoas que desejam um clube mais forte e procurar a melhor solu\u00e7\u00e3o para recolocar o Vasco num lugar de destaque no cen\u00e1rio futebol\u00edstico.<o:p><\/o:p><\/span><\/div>\n<div><font face=\"Times New Roman\">  <\/font><\/div>\n<div class=\"MsoNormal\" style=\"margin: 0cm 0cm 10pt; text-align: justify;\"><span style='line-height: 115%; font-family: \"Arial\",\"sans-serif\"; font-size: 14pt;'><span style=\"mso-tab-count: 1;\">&nbsp;&nbsp;&nbsp;&nbsp;&nbsp;&nbsp;&nbsp;&nbsp; <\/span>Essa \u00e9 a hora da renova\u00e7\u00e3o!<o:p><\/o:p><\/span><\/div>\n<div><font face=\"Times New Roman\">  <\/font><\/div>\n<div class=\"MsoNormal\" style=\"margin: 0cm 0cm 10pt; text-align: justify;\"><span style='line-height: 115%; font-family: \"Arial\",\"sans-serif\"; font-size: 14pt;'><o:p>&nbsp;<\/o:p><\/span><\/div>\n<div><font face=\"Times New Roman\">  <\/font><\/div>\n<div class=\"MsoNormal\" style=\"margin: 0cm 0cm 10pt; text-align: justify;\"><b style=\"mso-bidi-font-weight: normal;\"><span style='line-height: 115%; font-family: \"Arial\",\"sans-serif\"; font-size: 14pt;'>AP\u00d3S AS TODAS AS PARTIDAS DO VASC\u00c3O EM MEU PERFIL DO FACEBOOK (QUEM QUISER RECEBER AS CR\u00d4NICAS DE PRIMEIRA M\u00c3O \u00c9 S\u00d3 ME ADICIONAR), E NOS SITES WEBVASCO (www.webvasco.com), E VASCA\u00cdNOS UNIDOS (www.vascainosunidos.com.br) TEM A OPINI\u00c3O DO JORNALISTA LUIZ CARLOS ROCHA. LEIAM! COMPARTILHEM E CURTAM! VASCA\u00cdNOS UNIDOS JAMAIS SER\u00c3O VENCIDOS.<o:p><\/o:p><\/span><\/b><\/div>\n<div><font face=\"Times New Roman\">  <\/font><\/div>\n<p><\/span><\/p>\n<div><\/div>\n<div><\/div>\n<div>&nbsp;<\/div>\n<div id=\"RTEContent\">\n<div>\n<div>\n<div>\n<div align=\"center\"><b><font color=\"#ff0000\" face=\"bookman old style, new york, times, serif\" size=\"5\"><\/font><\/b>&nbsp;<\/div>\n<div align=\"center\"><strong><font color=\"#ff0000\" size=\"5\"><\/font><\/strong>&nbsp;<\/div>\n<div align=\"center\"><strong><font color=\"#ff0000\" size=\"5\"><\/font><\/strong>&nbsp;<\/div>\n<div align=\"center\"><strong><font color=\"#ff0000\" size=\"5\"><\/font><\/strong>&nbsp;<\/div>\n<div align=\"center\"><strong><font color=\"#ff0000\" size=\"5\"><\/font><\/strong>&nbsp;<\/div>\n<div align=\"center\"><font face=\"Verdana\" size=\"5\"><b><\/b><\/font>&nbsp;<\/div>\n<\/div>\n<\/div>\n<\/div>\n<\/div>\n<\/div>\n<\/div>\n<p><\/p>\n","protected":false},"excerpt":{"rendered":"<p>&nbsp;&nbsp;&nbsp;&nbsp;&nbsp;&nbsp;&nbsp; Em partida v\u00e1lida pela S\u00e9tima Rodada do Campeonato Brasileiro, a Molambada venceu o Vasco&#8230;<\/p>\n","protected":false},"author":7,"featured_media":58,"comment_status":"open","ping_status":"closed","sticky":false,"template":"","format":"standard","meta":{"footnotes":""},"categories":[4],"tags":[],"class_list":["post-474","post","type-post","status-publish","format-standard","has-post-thumbnail","hentry","category-luizcarlosrocha"],"_links":{"self":[{"href":"https:\/\/webvasco.com\/artigos\/wp-json\/wp\/v2\/posts\/474","targetHints":{"allow":["GET"]}}],"collection":[{"href":"https:\/\/webvasco.com\/artigos\/wp-json\/wp\/v2\/posts"}],"about":[{"href":"https:\/\/webvasco.com\/artigos\/wp-json\/wp\/v2\/types\/post"}],"author":[{"embeddable":true,"href":"https:\/\/webvasco.com\/artigos\/wp-json\/wp\/v2\/users\/7"}],"replies":[{"embeddable":true,"href":"https:\/\/webvasco.com\/artigos\/wp-json\/wp\/v2\/comments?post=474"}],"version-history":[{"count":0,"href":"https:\/\/webvasco.com\/artigos\/wp-json\/wp\/v2\/posts\/474\/revisions"}],"wp:featuredmedia":[{"embeddable":true,"href":"https:\/\/webvasco.com\/artigos\/wp-json\/wp\/v2\/media\/58"}],"wp:attachment":[{"href":"https:\/\/webvasco.com\/artigos\/wp-json\/wp\/v2\/media?parent=474"}],"wp:term":[{"taxonomy":"category","embeddable":true,"href":"https:\/\/webvasco.com\/artigos\/wp-json\/wp\/v2\/categories?post=474"},{"taxonomy":"post_tag","embeddable":true,"href":"https:\/\/webvasco.com\/artigos\/wp-json\/wp\/v2\/tags?post=474"}],"curies":[{"name":"wp","href":"https:\/\/api.w.org\/{rel}","templated":true}]}}