{"id":476,"date":"2013-07-16T00:08:41","date_gmt":"2013-07-16T03:08:41","guid":{"rendered":"http:\/\/webvasco.com\/artigos\/?p=476"},"modified":"2013-07-16T00:20:04","modified_gmt":"2013-07-16T03:20:04","slug":"leve-3-sonhos-e-ganhe-um-pesadelo-2","status":"publish","type":"post","link":"https:\/\/webvasco.com\/artigos\/colunistas\/marcus-simonini\/leve-3-sonhos-e-ganhe-um-pesadelo-2\/","title":{"rendered":"LEVE 3 SONHOS E GANHE UM PESADELO!"},"content":{"rendered":"<div>\n<div dir='ltr'>\n<div id=\"attachment_2519\" class=\"wp-caption aligncenter\" style=\"width: 570px\"><a href=\"http:\/\/incondicionalmentevasco.files.wordpress.com\/2013\/07\/eleicoes_do_vasco_dinamite-governador.jpg\"><img decoding=\"async\" src=\"http:\/\/incondicionalmentevasco.files.wordpress.com\/2013\/07\/eleicoes_do_vasco_dinamite-governador.jpg?w=620\" alt=\"Sergio Cabral discursa na elei\u00e7\u00e3o de 2011 ao lado de Dinamite. Os Pol\u00edticos, hoje alvo das manifesta\u00e7\u00f5es por todo o Brasil, dominam, sucessivamente, a Presid\u00eancia do CRVG, num espet\u00e1culo degradante de inefici\u00eancia\" class=\"size-full wp-image-2519\"\/><\/a><\/p>\n<p class=\"wp-caption-text\">Sergio  Cabral discursa na elei\u00e7\u00e3o de 2011 ao lado de Dinamite. Os Pol\u00edticos,  hoje alvo das manifesta\u00e7\u00f5es por todo o Brasil, dominam, sucessivamente, a  Presid\u00eancia do CRVG, num espet\u00e1culo degradante de inefici\u00eancia<\/p>\n<p class=\"wp-caption-text\"><\/p>\n<p class=\"wp-caption-text\"><\/p>\n<\/div>\n<p> O que esperar de um time t\u00e3o limitado e montado, em sua maioria, com  jogadores livres no mercado e dispensados nos clubes onde estavam ? E  por conta disso e daquela escala\u00e7\u00e3o maluca do Autuori, com Nei, na  lateral esquerda, o resultado n\u00e3o poderia ser outro sen\u00e3o levar uma  goleada do Inter, na gelada Caxias do Sul. Dessa partida s\u00f3 quero mesmo  destacar o primeiro gol dos Colorados, justamente na falha bisonha do  Nei.<\/p>\n<p> A \u00fanica explica\u00e7\u00e3o plaus\u00edvel para o \u201cgola\u00e7o\u201d contra, do Nei, \u00e9 que  ele tenha sofrido um ataque esquizofr\u00eanico moment\u00e2neo e tenha se visto  novamente como jogador do Internacional. Outra explica\u00e7\u00e3o razo\u00e1vel n\u00e3o  h\u00e1 para aquilo, que n\u00e3o foi acidental!<\/p>\n<p> N\u00e3o venha ele dizer que queria cortar o cruzamento e mandar a bola  para escanteio! Ele veio em velocidade, de fora para dentro da pequena  \u00e1rea, deu uma trombada no Rafael Vaz, a quem caberia interceptar a  trajet\u00f3ria da bola, e afundou o nosso arqueiro. Sem d\u00favida ele surtou, e  disputou a bola com o Vaz, mirou o \u00e2ngulo do guarda-metas Vasca\u00edno, e  marcou um gola\u00e7o, mas isso ele nunca vai falar, nem para a mulher dele,  nem mesmo numa confiss\u00e3o direta com o Papa Francisco!<\/p>\n<p> J\u00e1 a derrota para o Flamengo, no Man\u00e9 Garrinhca, foi um jogo  sofr\u00edvel, duro de se ver, mas foi mais uma fraca atua\u00e7\u00e3o deste ruim time  do Vasco, que diga-se, de antem\u00e3o, estava mal escalado. Mas como  Dorival Junior chegou, e logo foi para o campo, pode e merece ser  poupado das cr\u00edticas, as quais credito integralmente \u00e0 Diretoria por ter  montado esse plantel inchado, caro, sim, porque h\u00e1 v\u00e1rios jogadores que  n\u00e3o rendem o que deles se esperaria, e ineficiente.<\/p>\n<p> Nos dias que antecederam o Cl\u00e1ssico dos Milh\u00f5es, o Presidente Roberto  Dinamite voltou a prometer que as t\u00e3o faladas e necess\u00e1rias Certid\u00f5es  Negativas, ou melhor, Positivas com efeitos de Negativas (pois a d\u00edvida  foi\/est\u00e1\/ser\u00e1 (?) parcelada) logo, logo sair\u00e3o e o Vasco poder\u00e1 voltar a  ter patroc\u00ednios, pagar os jogadores e funcion\u00e1rios e se organizar  administrativamente, coisa que desde 2008 ainda n\u00e3o fez, embora tenha  sido promessa de campanha, ou seja, a profissionaliza\u00e7\u00e3o e moderniza\u00e7\u00e3o  da Gest\u00e3o do Gigante da Colina.<br \/> A onde de otimismo, pr\u00e9-jogo contra o urubu n\u00e3o parou por a\u00ed! Do alto  do seu palanque virtual para as elei\u00e7\u00f5es de 2014, com microfone  emprestado pela M\u00eddia, disparou que H\u00e9lton dever\u00e1 regressar a S\u00e3o  Janu\u00e1rio, para finalizar sua carreira, tal como fez Juninho  Pernambucano, o t\u00e3o necess\u00e1rio Capit\u00e3o que esse time limitado precisa.  Ambos t\u00eam cr\u00e9ditos a receber do Vasco da Gama, ambos s\u00e3o \u00eddolos do  Clube, campe\u00f5es brasileiros, presentes na memor\u00e1vel campanha da Copa  Mercosul 2000. Nada mais natural que retornem para serem merecidamente  homenageados pela nossa Torcida, por tudo o que fizeram. Fazem parte da  Hist\u00f3ria do Vasco!<br \/> Prometeu ainda, o Dirigente-Deputado, que t\u00e3o logo saiam as certid\u00f5es  e o acordo com a Procuradoria da Fazenda Nacional, o CRVG ter\u00e1  patroc\u00ednios de CEF e Nissan. S\u00f3 n\u00e3o disse quando o acordo finalmente  sair\u00e1, e assim, seguimos na indefini\u00e7\u00e3o dos sal\u00e1rios de todos, no Vasco.<\/p>\n<p> \u00c9 bom que se registre que promover uma boa Gest\u00e3o, ter planejamento e  Administra\u00e7\u00e3o profissional, bem como honrar pagamentos de d\u00edvidas  fiscais, trabalhistas e sal\u00e1rios de jogadores, Comiss\u00e3o T\u00e9cnica, e  funcion\u00e1rios n\u00e3o \u00e9 m\u00e9rito, \u00e9 obriga\u00e7\u00e3o!  Foi para isso que ele foi  eleito! Portanto, o seu pretenso pacote de novidades j\u00e1 vem tarde, e tal  fato se deve porque Cristiano Koehler chegou \u00e0 Colina, em fevereiro  deste ano de 2013, sen\u00e3o, muito certo de que nem isso ter\u00edamos, embora  n\u00e3o seja a garantia para nos livrar do buraco negro financeiro, que pode  nos engolir, nem do, infelizmente j\u00e1 conhecido, fantasma da 2\u00aa Divis\u00e3o.<\/p>\n<p> Sil\u00eancio quanto \u00e0 Arena S\u00e3o Janu\u00e1rio e a necess\u00e1ria revitaliza\u00e7\u00e3o do  Entorno. Mas o que esperar se o mandat\u00e1rio \u00e9 o segundo Deputado mais  faltoso da Alerj? \u00c9 de se constatar que n\u00e3o se mexe para conseguir t\u00e3o  importante obra para o futuro do CRVG, e por isso, at\u00e9 que se prove o  contr\u00e1rio, perdemos o Rugby em 2016, perdemos a oportunidade das obras  do entorno serem inclu\u00eddas no Caderno de Encargos Ol\u00edmpicos, e fala-se  em Tobog\u00e3!!! Meu Deus do C\u00e9u!!! Enquanto isso, o Maracan\u00e3 j\u00e1 \u00e9 tricolor,  em breve ser\u00e1 rubro-negro, e pelo Pa\u00eds afora Arenas est\u00e3o sendo  levantadas por grandes times do Futebol Brasileiro, em busca de receitas  pr\u00f3prias e da diminui\u00e7\u00e3o da depend\u00eancia das cotas de TV. A Nau Vasca\u00edna  segue ancorada, em meio a uma intermin\u00e1vel tempestade.<\/p>\n<p> S\u00f3cios e Torcedores pedem o impeachment ou ren\u00fancia de Dinamite.  Nesse caso completaria o mandato o 1\u00ba vice-presidente, Antonio Peralta.  N\u00e3o muda muita coisa. A Administra\u00e7\u00e3o que se quer destituir permaneceria  at\u00e9 as elei\u00e7\u00f5es de 2014.<\/p>\n<p> Opositores que foram candidatos na elei\u00e7\u00e3o de 2014 lutam, na esfera  judicial, pela anula\u00e7\u00e3o da Assembl\u00e9ia Geral, realizada em 02\/08\/2011,  tendo em vista que todo aquele processo eleitoral, em tese, possui  v\u00edcios insan\u00e1veis de origem, a come\u00e7ar pelo comportamento do presidente  da Assembleia Geral, que foi ao Mundo \u00c1rabe buscar Juninho Pernambucano,  \u00e0s v\u00e9speras do pleito. Tal conduta afrontou seu papel de \u201cmagistrado\u201d  do pleito, e contribuiu para a reelei\u00e7\u00e3o de Dinamite, e da sua pr\u00f3pria  reelei\u00e7\u00e3o.<\/p>\n<p> Outros problemas ocorreram, tais como a lista de S\u00f3cios (portanto de  eleitores), produzida pela Torcedor Afinidade, empresa que foi  contratada pelo Clube \u00e0 \u00e9poca para cuidar do \u201cO Vasco \u00e9 Meu\u201d, foi  rotulada de inconsistente e inconfi\u00e1vel, e est\u00e1 em pleno processo de  recadastramento, por uma nova Empresa que assumiu o programa de s\u00f3cios  recentemente, e \u00e9 sabido por todos que v\u00e1rios erros existem no Cadastro  de Associados do CRVG.<\/p>\n<p>N\u00e3o houve o imperioso recadastramento do quadro social, nem tampouco,  a revis\u00e3o dos processos de concess\u00e3o de remiss\u00e3o, em desconformidade  com os preceitos estatut\u00e1rios.<br \/> N\u00e3o foi feita uma auditoria financeira nos contratos com a Torcedor  Afinidade. Quem garante que os s\u00f3cios eleitores das categorias pagantes  (Propriet\u00e1rios, Patrimoniais e Gerais) estavam de fato Adimplentes? Mas a  elei\u00e7\u00e3o aconteceu assim.<\/p>\n<p> No pr\u00f3ximo dia 07\/08\/2013, \u00e0s 14:15 horas, na 37\u00aa Vara C\u00edvel,  ocorrer\u00e1 uma Audi\u00eancia de Instru\u00e7\u00e3o e Julgamento de uma A\u00e7\u00e3o Anulat\u00f3ria  (Processo N\u00ba 0257116-89.2011.8.19.0001) da referida elei\u00e7\u00e3o, cujo Autor \u00e9  o Ex-Candidato Jos\u00e9 Henrique Ferreira Coelho. Corre em conex\u00e3o a este  processo um outro processo de N\u00ba 0195015-16.2011.8.19.0001, movido por  outro grupo de Oposi\u00e7\u00e3o, o de Pedro Valente.<\/p>\n<p> Fato \u00e9 que entendemos, finalmente, que a in\u00e9dita conquista de uma  Copa Nacional, ou a vinda de Craques do passado, de vit\u00f3rias recentes do  Vasco, n\u00e3o s\u00e3o suficientes para reerguer nosso Clube ao n\u00edvel de  excel\u00eancia de outrora, no qual entrava nas competi\u00e7\u00f5es como um dos  favoritos. \u00c9 preciso muito mais que isso no Futebol-Neg\u00f3cio, de hoje!<\/p>\n<p> A Torcida clama por t\u00edtulos, pais vasca\u00ednos tentam explicar a seus  filhos que este Vasco a\u00ed n\u00e3o \u00e9 o Vasc\u00e3o! O Vasco \u00e9 vencedor, \u00e9 Campe\u00e3o! E  a\u00ed eu me incluo, porque n\u00e3o \u00e9 f\u00e1cil  para um pai dizer que este Vasc\u00e3o  Campe\u00e3o existe sim, se n\u00e3o \u00e9 aquilo que o filho v\u00ea! N\u00f3s e nossos filhos  estamos pagando a conta por mais de duas d\u00e9cadas de Administra\u00e7\u00f5es  ruins, nas quais a d\u00edvida do clube se elevou a patamar intang\u00edvel, quase  que impag\u00e1vel!<\/p>\n<p> A parte que nos cabe fazer para ajudar o Vasco, hoje \u00e9 associar-se,  debater o Vasco, pugnar pela renova\u00e7\u00e3o do quadro social e da  Administra\u00e7\u00e3o de nosso Clube, bem como contribuir para o Projeto Vasco  D\u00edvida Zero, que, de imediato pode amenizar a agonia financeira que o  clube vive. <\/p>\n<p> De qualquer forma, s\u00f3 uma Gest\u00e3o Profissional capaz de pensar o  Vasco, planejar e implementar projetos e produzir receitas poder\u00e1  proporcionar ao Gigante da Colina a retomada de seu lugar de destaque no  Cen\u00e1rio Internacional.<\/p>\n<p> Vasca\u00edno, n\u00e3o se deixe levar por 3 promessas imediatas (CEF, NISSAN e  Craques do Passado), pense no Mandato! Pois caso contr\u00e1rio pagaremos  mais um ciclo de tr\u00eas anos inteiros, de in\u00e9rcia, e falta de  comprometimento com o Vasco da Gama! <\/p>\n<p>Chega! \u00c9 hora do Vasco retomar o seu caminho e gl\u00f3rias!<\/p>\n<p> AO VASCO TUDO! INCONDICIONALMENTE!<br \/> Marcus Simonini<br \/> Editor do Blog Incondicionalmente Vasco! <\/p>\n<p><a href=\"http:\/\/incondicionalmentevasco.wordpress.com\/\" target=\"_blank\"><\/a><a href=\"http:\/\/incondicionalmentevasco.wordpress.com\/\" >http:\/\/incondicionalmentevasco.wordpress.com\/<\/a><\/p>\n<p> \t\t \t   \t\t  <\/div>\n<\/div>\n<p><\/p>\n","protected":false},"excerpt":{"rendered":"<p>Sergio Cabral discursa na elei\u00e7\u00e3o de 2011 ao lado de Dinamite. Os Pol\u00edticos, hoje alvo&#8230;<\/p>\n","protected":false},"author":8,"featured_media":261,"comment_status":"open","ping_status":"closed","sticky":false,"template":"","format":"standard","meta":{"footnotes":""},"categories":[6],"tags":[],"class_list":["post-476","post","type-post","status-publish","format-standard","has-post-thumbnail","hentry","category-marcus-simonini"],"_links":{"self":[{"href":"https:\/\/webvasco.com\/artigos\/wp-json\/wp\/v2\/posts\/476","targetHints":{"allow":["GET"]}}],"collection":[{"href":"https:\/\/webvasco.com\/artigos\/wp-json\/wp\/v2\/posts"}],"about":[{"href":"https:\/\/webvasco.com\/artigos\/wp-json\/wp\/v2\/types\/post"}],"author":[{"embeddable":true,"href":"https:\/\/webvasco.com\/artigos\/wp-json\/wp\/v2\/users\/8"}],"replies":[{"embeddable":true,"href":"https:\/\/webvasco.com\/artigos\/wp-json\/wp\/v2\/comments?post=476"}],"version-history":[{"count":0,"href":"https:\/\/webvasco.com\/artigos\/wp-json\/wp\/v2\/posts\/476\/revisions"}],"wp:featuredmedia":[{"embeddable":true,"href":"https:\/\/webvasco.com\/artigos\/wp-json\/wp\/v2\/media\/261"}],"wp:attachment":[{"href":"https:\/\/webvasco.com\/artigos\/wp-json\/wp\/v2\/media?parent=476"}],"wp:term":[{"taxonomy":"category","embeddable":true,"href":"https:\/\/webvasco.com\/artigos\/wp-json\/wp\/v2\/categories?post=476"},{"taxonomy":"post_tag","embeddable":true,"href":"https:\/\/webvasco.com\/artigos\/wp-json\/wp\/v2\/tags?post=476"}],"curies":[{"name":"wp","href":"https:\/\/api.w.org\/{rel}","templated":true}]}}