{"id":4771,"date":"2015-09-17T17:41:27","date_gmt":"2015-09-17T20:41:27","guid":{"rendered":"http:\/\/webvasco.com\/artigos\/?p=4771"},"modified":"2015-09-17T17:47:32","modified_gmt":"2015-09-17T20:47:32","slug":"o-jogo-do-cru","status":"publish","type":"post","link":"https:\/\/webvasco.com\/artigos\/colunistas\/luizcarlosrocha\/o-jogo-do-cru\/","title":{"rendered":"O JOGO DO CRU!"},"content":{"rendered":"<div>\n<div style=\"color:#000; background-color:#fff; font-family:HelveticaNeue-Light, Helvetica Neue Light, Helvetica Neue, Helvetica, Arial, Lucida Grande, sans-serif;font-size:32px\">\n<div class=\"\" style=\"text-align:justify;text-indent:35.4pt;tab-stops:111.0pt\"><span style=\"font-size:12.0pt;line-height:115%;font-family:&quot;Arial&quot;,&quot;sans-serif&quot;\" class=\"\">Vasco  da Gama e Cruzeiro ficaram no empate, por 2 a 2, ontem, no Est\u00e1dio do Mineir\u00e3o,  em Belo Horizonte\/MG, em partida v\u00e1lida pela 26\u00aa Rodada do Campeonato  Brasileiro. O visitante inaugurou o marcador com Rafael Silva. Ainda no tempo  vestibular Willian empatou e Alisson virou o placar para os donos da casa. No  tempo complementar, o mesmo Rafael Silva deixou tudo igual e definiu o resultado.<o:p class=\"\"><\/o:p><\/span><\/div>\n<div class=\"\" style=\"text-align:justify;text-indent:35.4pt;tab-stops:111.0pt\" id=\"yui_3_16_0_1_1442521399301_10098\"><span style=\"font-size:12.0pt;line-height:115%;font-family:&quot;Arial&quot;,&quot;sans-serif&quot;\" class=\"\" id=\"yui_3_16_0_1_1442521399301_10112\">O  CRU (zeiro) soube aproveitar o erro do CRU (zmaltimo). Na tentativa de uma  jogada r\u00e1pida \u2013 sem necessidade, pois o Vasco ganhava fora de casa \u2013 o goleiro  Jordi tentou um contra-ataque com Nen\u00ea, que falhou, dando a oportunidade a Willians  acertar um bala\u00e7o de fora da \u00e1rea matando o arqueiro vasca\u00edno. Como diz a velha  m\u00e1xima: \u201cApressado como cru\u201d.<o:p class=\"\"><\/o:p><\/span><\/div>\n<div class=\"\" style=\"text-align:justify;text-indent:35.4pt;tab-stops:111.0pt\" id=\"yui_3_16_0_1_1442521399301_10081\"><span style=\"font-size:12.0pt;line-height:115%;font-family:&quot;Arial&quot;,&quot;sans-serif&quot;\" class=\"\" id=\"yui_3_16_0_1_1442521399301_10080\">O  Gigante da Colina foi melhor durante os noventa minutos de partida. Foi garfado  pelo \u00e1rbitro Thiago Duarte Peixoto, que precisa de urgente reciclagem. De  quebra suportou a falta de \u00e9tica da Raposa, \u201cTomamos um gol no fair play, que  eles n\u00e3o devolveram. Nossa equipe teve for\u00e7a para brigar e buscar o empate\u201d,  disparou Serginho, volante carioca. O zagueiro Luan ainda completou: \u201cN\u00f3s  devolvemos a bola para eles, mas eles n\u00e3o. O Henrique pegou a bola e acabamos  sofrendo o gol. Tivemos fair play, mas eles n\u00e3o tiveram. Faltou&#8230; \u00c9 dif\u00edcil  falar\u201d.<o:p class=\"\"><\/o:p><\/span><\/div>\n<div class=\"\" style=\"text-align:justify;text-indent:35.4pt;tab-stops:111.0pt\" id=\"yui_3_16_0_1_1442521399301_10079\"><span style=\"font-size:12.0pt;line-height:115%;font-family:&quot;Arial&quot;,&quot;sans-serif&quot;\" class=\"\" id=\"yui_3_16_0_1_1442521399301_10078\">No  primeiro tempo, Herrera driblou e foi derrubado por Bruno Rodrigo, que j\u00e1 tinha  cart\u00e3o amarelo &#8211; e foi substitu\u00eddo por Mano Menezes em seguida &#8211; e n\u00e3o foi  expulso. Na segunda etapa, Willians colocou a m\u00e3o na bola dentro da \u00e1rea, mas o  juiz nada marcou novamente. Dom Charuto j\u00e1 intimidou mais a arbitragem. Duvido  que outrora o time de S\u00e3o Janu\u00e1rio fosse garfado assim!<o:p class=\"\"><\/o:p><\/span><\/div>\n<div class=\"\" style=\"text-align: justify; text-indent: 35.4pt;\" id=\"yui_3_16_0_1_1442521399301_10072\"><span style=\"font-size:12.0pt;font-family:&quot;Arial&quot;,&quot;sans-serif&quot;\" class=\"\" id=\"yui_3_16_0_1_1442521399301_10071\">Domingo  o Cru Carioca enfrentar\u00e1 o Sport, no Maracan\u00e3, \u00e0s 16h. Ser\u00e3o tr\u00eas pontos em  quest\u00e3o, na qual o Mach\u00e3o da Gama n\u00e3o poder\u00e1 pensar em outro resultado que n\u00e3o  seja a vit\u00f3ria. Ningu\u00e9m questiona a subida de produ\u00e7\u00e3o do time, sob o comando  do treinador Jorginho. Ocorre que esta rea\u00e7\u00e3o chegou um pouco tardia. Um  milagre poder\u00e1 salvar os pupilos de Dom Charuto. Ou uma virada de mesa, como  noticiei em cr\u00f4nica anterior. Tudo poder\u00e1 acontecer. De certo apenas um fato:  Se houver um terceiro rebaixamento o Vasco tomar\u00e1 no Cru!<o:p class=\"\"><\/o:p><\/span><\/div>\n<div class=\"\" style=\"text-align: justify; text-indent: 35.4pt;\" id=\"yui_3_16_0_1_1442521399301_10045\"><span style=\"font-size:12.0pt;font-family:&quot;Arial&quot;,&quot;sans-serif&quot;\" class=\"\" id=\"yui_3_16_0_1_1442521399301_10044\">ESTAVA  NO <b class=\"\"><u class=\"\">FLU<\/u><\/b>XO: Um clube que em  outra \u00e9poca passava p\u00f3 de arroz na face dos jogadores negros para disfar\u00e7ar a  cor. Uma diretoria que acerta o patroc\u00ednio da <b class=\"\"><u class=\"\">FRESCA<\/u><\/b>tto para estampar na altura do ombro, a fim de dar  beijinho fresco. Uma torcida arco-\u00edris, bem alegre que <b class=\"\"><u class=\"\">VIBRA<\/u><\/b> e sente <b class=\"\"><u class=\"\">DOR <\/u><\/b>pelo  Florminense. Uma equipe que espera o <b class=\"\"><u class=\"\">PAL<\/u><\/b>meiras,  em casa, para cair de quatro (4 a 1), que de direito (deveria ser de fato  tamb\u00e9m) \u00e9 da Terceira Divis\u00e3o, ou seja, S\u00e9rie C, de coitadinho, n\u00e3o merece o  meu respeito. Merece a minha risada. Cad\u00ea as Tricoletes que escreviam e falavam  besteiras em redes sociais? Se est\u00e3o de penetras na S\u00e9rie A, foi porque Dom  Charuto virou a mesa, em 2000, e convidou <u class=\"\" id=\"yui_3_16_0_1_1442521399301_10046\">APENAS<\/u> naquele ano, para que a  competi\u00e7\u00e3o n\u00e3o fosse t\u00e3o bruta, e tivesse participa\u00e7\u00e3o de mo\u00e7oilas. <o:p class=\"\"><\/o:p><\/span><\/div>\n<div class=\"\" style=\"text-align:justify;text-indent:35.4pt;tab-stops:111.0pt\" id=\"yui_3_16_0_1_1442521399301_10043\"><span style=\"font-size:12.0pt;line-height:115%;font-family:&quot;Arial&quot;,&quot;sans-serif&quot;\" class=\"\"><o:p class=\"\">&nbsp;<\/o:p><\/span><\/div>\n<div class=\"\" style=\"text-align:justify;text-indent:35.4pt;tab-stops:111.0pt\"><span style=\"font-size:12.0pt;line-height:115%;font-family:&quot;Arial&quot;,&quot;sans-serif&quot;\" class=\"\"><o:p class=\"\">&nbsp;<\/o:p><\/span><\/div>\n<div class=\"\" style=\"text-align:justify;text-indent:35.4pt;tab-stops:111.0pt\" id=\"yui_3_16_0_1_1442521399301_10042\"><span style=\"font-size:12.0pt;line-height:115%;font-family:&quot;Arial&quot;,&quot;sans-serif&quot;\" class=\"\"><o:p class=\"\">&nbsp;<\/o:p><\/span><\/div>\n<div class=\"\" style=\"text-align:justify;text-indent:35.4pt;tab-stops:111.0pt\" id=\"yui_3_16_0_1_1442521399301_10040\"><b class=\"\"><u class=\"\"><span style=\"font-size:20.0pt;line-height:115%;font-family:&quot;Arial&quot;,&quot;sans-serif&quot;\" class=\"\">DIVULGUEM ESSA COVARDIA:<\/span><\/u><\/b><span style=\"font-size:16.0pt;line-height:115%;font-family:&quot;Arial&quot;,&quot;sans-serif&quot;\" class=\"\" id=\"yui_3_16_0_1_1442521399301_10041\"> GOSTARIA  DE PEDIR A TODOS OS MEUS AMIGOS E LEITORES QUE TIRASSE UM TEMPINHO PARA LER A  PETI\u00c7\u00c3O P\u00daBLICA, AO QUAL SEGUE ABAIXO O LINK. TAL DOCUMENTO REFERE-SE A <b class=\"\"><u class=\"\">UM ATO DE COVARDIA POR PARTE DA  VOLKSWAGEN DO BRASIL EM COAUTORIA DA ABOLI\u00c7\u00c3O VE\u00cdCULOS (GRUPO AB)<\/u><\/b>  CONTRA ESTE VELHO JORNALISTA. A REFERIDA CONCESSION\u00c1RIA EST\u00c1 ME LESANDO DESDE  FEVEREIRO DE 2013. MEU CARRO FOI BATIDO DENTRO DA OFICINA, FURTARAM ACESS\u00d3RIOS,  TEM PROBLEMAS CAUSADOS POR ELES, AL\u00c9M DE DEFEITOS DE FABRICA\u00c7\u00c3O. O CARRO 0 KM  COMPRADO POR MIM HOJE SE ENCONTRA NA OFICINA DA ABOLI\u00c7\u00c3O VE\u00cdCULOS (CENTRO DE  NITER\u00d3I) <b class=\"\"><u class=\"\">DESDE 10 DE JUNHO DE 2013<\/u><\/b>,  OU SEJA, H\u00c1 <b class=\"\"><u class=\"\">27 MESES, OU SEJA, 2 ANOS  E TR\u00caS MESES.<\/u><\/b> <b class=\"\"><u class=\"\">TEM APENAS 729  KM RODADOS<\/u><\/b> PARA COMPROVAR O CALV\u00c1RIO TENHO DOCUMENTOS, GRAVA\u00c7\u00d5ES DE  AUDIO E V\u00cdDEO, MAIS DE 600 FOTOGRAFIAS E E-MAILS TROCADOS COM FUNCION\u00c1RIOS DO  BAIXO, M\u00c9DIO E ALTO ESCAL\u00c3O DA EMPRESA. POR FAVOR, ASSINEM O DOCUMENTO PARA QUE  OUTROS CONSUMIDORES N\u00c3O SEJAM LESADOS POR EMPRESAS DESTE N\u00cdVEL.&nbsp; <\/span><a href=\"https:\/\/secure.avaaz.org\/po\/petition\/Aos_Orgaos_de_Defesa_do_Consumidor_e_ao_Poder_Judiciario_JUSTICA_CONTRA_UMA_MARCA_E_SUA_REVENDERORA_QUE_DESCUMPREM_A_LEI\/?lJEcNfb&amp;pv=0\" class=\"\" id=\"yui_3_16_0_1_1442521399301_10039\"><span style=\"font-size:16.0pt;line-height:115%;font-family:&quot;Arial&quot;,&quot;sans-serif&quot;\" class=\"\" id=\"yui_3_16_0_1_1442521399301_10038\"><a href=\"https:\/\/secure.avaaz.org\/po\/petition\/Aos_Orgaos_de_Defesa_do_Consumidor_e_ao_Poder_Judiciario_JUSTICA_CONTRA_UMA_MARCA_E_SUA_REVENDERORA_QUE_DESCUMPREM_A_LEI\/?lJEcNfb&amp;pv=0\" >https:\/\/secure.avaaz.org\/po\/petition\/Aos_Orgaos_de_Defesa_do_Consumidor_e_ao_Poder_Judiciario_JUSTICA_CONTRA_UMA_MARCA_E_SUA_REVENDERORA_QUE_DESCUMPREM_A_LEI\/?lJEcNfb&amp;pv=0<\/a><\/span><\/a><span style=\"font-size:16.0pt;line-height:115%;font-family:&quot;Arial&quot;,&quot;sans-serif&quot;\" class=\"\"><o:p class=\"\"><\/o:p><\/span><\/div>\n<div class=\"\" style=\"text-align:justify;tab-stops:111.0pt\" id=\"yui_3_16_0_1_1442521399301_10036\"><span style=\"font-size:16.0pt;line-height:115%;font-family:&quot;Arial&quot;,&quot;sans-serif&quot;\" class=\"\"><o:p class=\"\">&nbsp;<\/o:p><\/span><\/div>\n<div class=\"\" style=\"text-align:justify;tab-stops:111.0pt\" id=\"yui_3_16_0_1_1442521399301_10037\"><b class=\"\"><span style=\"font-size:16.0pt;line-height:115%;font-family:&quot;Arial&quot;,&quot;sans-serif&quot;\" class=\"\">&nbsp;&nbsp;&nbsp;&nbsp;&nbsp;&nbsp;&nbsp;&nbsp;&nbsp;&nbsp;&nbsp;&nbsp;&nbsp;&nbsp;&nbsp;&nbsp;&nbsp;&nbsp;&nbsp;&nbsp;&nbsp;&nbsp;&nbsp;&nbsp; &nbsp;&nbsp;&nbsp;&nbsp;&nbsp;&nbsp; <o:p class=\"\"><\/o:p><\/span><\/b><\/div>\n<div class=\"\" style=\"text-align:justify\" id=\"yui_3_16_0_1_1442521399301_9963\"><b class=\"\" id=\"yui_3_16_0_1_1442521399301_10034\"><span style=\"font-size:14.0pt;line-height:115%;font-family:&quot;Arial&quot;,&quot;sans-serif&quot;\" class=\"\" id=\"yui_3_16_0_1_1442521399301_10033\">AP\u00d3S  AS TODAS AS PARTIDAS DO VASC\u00c3O EM MEU PERFIL DO FACEBOOK (QUEM QUISER RECEBER  AS CR\u00d4NICAS DE PRIMEIRA M\u00c3O \u00c9 S\u00d3 ME ADICIONAR), E NOS SITES WEBVASCO  (www.webvasco.com), E VASCA\u00cdNOS UNIDOS (www.vascainosunidos.com.br) TEM A  OPINI\u00c3O DO JORNALISTA LUIZ CARLOS ROCHA. LEIAM! COMPARTILHEM E CURTAM!  VASCA\u00cdNOS UNIDOS JAMAIS SER\u00c3O VENCIDOS.<o:p class=\"\"><\/o:p><\/span><\/b><\/div>\n<div id=\"yui_3_16_0_1_1442521399301_9905\">                                                    <\/div>\n<div class=\"\" style=\"text-align:justify\" dir=\"ltr\" id=\"yui_3_16_0_1_1442521399301_10035\"><b class=\"\"><span style=\"font-size:14.0pt;line-height:115%;font-family:&quot;Arial&quot;,&quot;sans-serif&quot;\" class=\"\">&nbsp;<\/span><\/b><\/div>\n<div id=\"yui_3_16_0_1_1442521399301_9875\"><span><br \/><\/span><\/div>\n<div id=\"yui_3_16_0_1_1442521399301_9874\"><span><br \/><\/span><\/div>\n<div id=\"yui_3_16_0_1_1442521399301_9873\"><span><br \/><\/span><\/div>\n<div><\/div>\n<div id=\"yui_3_16_0_1_1442521399301_9872\">&nbsp;<\/div>\n<div class=\"signature\" id=\"yui_3_16_0_1_1442521399301_9831\">\n<div id=\"RTEContent\">\n<div id=\"yui_3_16_0_1_1442521399301_9830\">\n<div id=\"yui_3_16_0_1_1442521399301_9829\">\n<div id=\"yui_3_16_0_1_1442521399301_9828\">\n<div align=\"center\" id=\"yui_3_16_0_1_1442521399301_9827\"><\/div>\n<\/div>\n<\/div>\n<\/div>\n<\/div>\n<\/div>\n<\/div>\n<\/div>\n<p><\/p>\n","protected":false},"excerpt":{"rendered":"<p>Vasco da Gama e Cruzeiro ficaram no empate, por 2 a 2, ontem, no Est\u00e1dio&#8230;<\/p>\n","protected":false},"author":7,"featured_media":0,"comment_status":"open","ping_status":"closed","sticky":false,"template":"","format":"standard","meta":{"footnotes":""},"categories":[4],"tags":[],"class_list":["post-4771","post","type-post","status-publish","format-standard","hentry","category-luizcarlosrocha"],"_links":{"self":[{"href":"https:\/\/webvasco.com\/artigos\/wp-json\/wp\/v2\/posts\/4771","targetHints":{"allow":["GET"]}}],"collection":[{"href":"https:\/\/webvasco.com\/artigos\/wp-json\/wp\/v2\/posts"}],"about":[{"href":"https:\/\/webvasco.com\/artigos\/wp-json\/wp\/v2\/types\/post"}],"author":[{"embeddable":true,"href":"https:\/\/webvasco.com\/artigos\/wp-json\/wp\/v2\/users\/7"}],"replies":[{"embeddable":true,"href":"https:\/\/webvasco.com\/artigos\/wp-json\/wp\/v2\/comments?post=4771"}],"version-history":[{"count":0,"href":"https:\/\/webvasco.com\/artigos\/wp-json\/wp\/v2\/posts\/4771\/revisions"}],"wp:attachment":[{"href":"https:\/\/webvasco.com\/artigos\/wp-json\/wp\/v2\/media?parent=4771"}],"wp:term":[{"taxonomy":"category","embeddable":true,"href":"https:\/\/webvasco.com\/artigos\/wp-json\/wp\/v2\/categories?post=4771"},{"taxonomy":"post_tag","embeddable":true,"href":"https:\/\/webvasco.com\/artigos\/wp-json\/wp\/v2\/tags?post=4771"}],"curies":[{"name":"wp","href":"https:\/\/api.w.org\/{rel}","templated":true}]}}