{"id":478,"date":"2013-07-17T10:15:23","date_gmt":"2013-07-17T13:15:23","guid":{"rendered":"http:\/\/webvasco.com\/artigos\/?p=478"},"modified":"2013-07-17T10:16:06","modified_gmt":"2013-07-17T13:16:06","slug":"faxina-necessria-2","status":"publish","type":"post","link":"https:\/\/webvasco.com\/artigos\/colunistas\/faxina-necessria-2\/","title":{"rendered":"Faxina necess&aacute;ria"},"content":{"rendered":"<div dir=\"ltr\">\n<span style=\"font-size:8.5pt;line-height:150%;font-family:&quot;Verdana&quot;,&quot;sans-serif&quot;\">E depois de uma alta temporada, tivemos boas not\u00edcias a<br \/>\nrespeito do futebol vasca\u00edno na \u00faltima semana que passou. Ap\u00f3s mais de oito<br \/>\nmeses, finalmente ao que parece, o Vasco volta a possuir as certid\u00f5es de d\u00e9bito<br \/>\npositivas com efeito de negativas, viabilizando a assinatura com patrocinadores<br \/>\nfortes como a Caixa Econ\u00f4mica Federal, possivelmente a Nissan e a LG, sem risco<br \/>\nde ter suas fontes de receita penhorados tal como outrora tivemos. Por sinal,<br \/>\ntais not\u00edcias vieram ap\u00f3s o an\u00fancio do retorno de nomes importantes e que j\u00e1<br \/>\ncontribu\u00edram e muito para o clube em um passado recente e que poder\u00e3o ainda<br \/>\ndemandar seus esfor\u00e7os por um Vasco melhor, mas que sozinhos e sem suporte,<br \/>\ntanto de cima como de quem est\u00e1 aos seus lados, quase nada resolver\u00e3o. <\/p>\n<p><\/span><\/p>\n<div class=\"gmail_quote\">\n<div dir=\"ltr\"><\/p>\n<p style=\"margin-bottom:0.0001pt;text-align:justify;line-height:150%\"><span style=\"font-size:8.5pt;line-height:150%;font-family:&quot;Verdana&quot;,&quot;sans-serif&quot;\">Dorival J\u00fanior \u00e9 um t\u00e9cnico que sabe trabalhar com<br \/>\nelementos limitados. Foi trazido em dezembro de 2008 logo ap\u00f3s o triste<br \/>\nepis\u00f3dio da queda e topou o desafio de reconduzir o Vasco \u00e0 primeira divis\u00e3o.<br \/>\nTrata-se do t\u00e9cnico que tem o melhor aproveitamento no comando dos times do<br \/>\nVasco nesses \u00faltimos cinco anos e gosta do trabalho com os jovens. N\u00e3o se<br \/>\napresentou t\u00e3o mal assim em seus \u00faltimos dois times, mas tamb\u00e9m n\u00e3o foi o<br \/>\ndesastre que muitos dizem. Tem como principal virtude a for\u00e7a do trabalho de<br \/>\nmotiva\u00e7\u00e3o sobre seus comandados, al\u00e9m de saber montar planteis vencedores, como<br \/>\nfoi o exemplo de 2009 e o merecimento reconhecimento obtido de seu trabalho em<br \/>\nnosso retorno \u00e0 S\u00e9rie A. Ao contr\u00e1rio de seu antecessor, n\u00e3o filosofa e nem<br \/>\nostenta o estrelismo : chega j\u00e1 trabalhando e, para n\u00f3s, \u00e9 o que realmente<br \/>\nprecisamos nesse momento. Muito pouca conversa em raz\u00e3o direta inversamente<br \/>\nproporcional ao trabalho.\u00a0<\/span><\/p>\n<p style=\"margin-bottom:0.0001pt;text-align:justify;line-height:150%\"><span style=\"font-size:8.5pt;line-height:150%;font-family:&quot;Verdana&quot;,&quot;sans-serif&quot;\"><br \/><\/span><\/p>\n<p style=\"margin-bottom:0.0001pt;text-align:justify;line-height:150%\"><span style=\"font-size:8.5pt;line-height:150%;font-family:&quot;Verdana&quot;,&quot;sans-serif&quot;\">Juninho \u00e9, particularmente, um \u00eddolo para mim e para<br \/>\nmuito vasca\u00edno de minha faixa et\u00e1ria que teve a oportunidade de presenciar<br \/>\n\u00e0quela equipe vasca\u00edna do final dos anos 1990, em especial. Particularmente,<br \/>\nconsidero-o, ao lado de Edmundo nesses \u00faltimos vinte anos como o jogador mais<br \/>\nidentificado com a torcida que n\u00e3o tenha sido formado no clube. Apesar de ser<br \/>\num mestre at\u00e9 em tomar decis\u00f5es que frustram a torcida, com certeza \u00e9 a fiel<br \/>\nrepresenta\u00e7\u00e3o da alma vasca\u00edna que chega em um time desalmado e sem sangue para<br \/>\nlhe dar um pouco desses dois \u201cingredientes\u201d no qual n\u00f3s, vasca\u00ednos, tanto<br \/>\nprecisamos de ver e no qual estamos alijados faz tempo. E ainda que tenha seus<br \/>\ntrinta e oito anos de idade, s\u00f3 o hiato t\u00e9cnico e intelectual que o \u201cnovo<br \/>\nvelho\u201d dono da camisa oito possui em rela\u00e7\u00e3o ao seu antecessor, Pedro Ken, j\u00e1<br \/>\njustifica o porque fez tanta falta nesse tempo que andou afastado.\u00a0<\/span><\/p>\n<p style=\"margin-bottom:0.0001pt;text-align:justify;line-height:150%\"><span style=\"font-size:8.5pt;line-height:150%;font-family:&quot;Verdana&quot;,&quot;sans-serif&quot;\"><\/p>\n<p><\/span><\/p>\n<p><\/p>\n<p style=\"margin-bottom:0.0001pt;text-align:justify;line-height:150%\"><span style=\"font-size:8.5pt;line-height:150%;font-family:&quot;Verdana&quot;,&quot;sans-serif&quot;\">Finalmente, a se confirmar a vinda do goleiro H\u00e9lton<br \/>\nser\u00e1, tal como nos casos de Dorival e Juninho, mais um que poder\u00e1 reencontrar<br \/>\nno clube a oportunidade de escrever um novo ciclo vitorioso. H\u00e9lton saiu injusti\u00e7ado<br \/>\nh\u00e1 mais de dez anos atr\u00e1s. Muitos no clube e na pr\u00f3pria torcida, naquela \u00e9poca,<br \/>\nlhe atribuindo a culpa por n\u00e3o ter feito a defesa naquele chute indefens\u00e1vel de<br \/>\nPetkovic naquela final de 2001, esquecendo-se no entanto de suas defesas<br \/>\nimportantes, inclusive na final do Mundial da FIFA um ano e meio antes, em que<br \/>\nfez sua parte ao defender um dos p\u00eanaltis naquela decis\u00e3o mas que, a seguir e<br \/>\ninfelizmente, o \u201cAnimal\u201d Edmundo desperdi\u00e7ou a nossa oportunidade da virada.<br \/>\nDefendeu um dos tr\u00eas grandes times e particularmente o que tor\u00e7o pelo sucesso<br \/>\nsempre em Portugal \u2013 o Futebol Clube do Porto, possui ampla experi\u00eancia e, no<br \/>\nmesmo caso de Juninho com Pedro Ken, possui um abismo t\u00e9cnico entre H\u00e9lton e os<br \/>\ngoleiros que temos no elenco. Ao meu ver, n\u00e3o tem nome mais apropriado do que o<br \/>\nseu nesse nosso atual momento, em que MUITO PIOR do que a car\u00eancia t\u00e9cnica,<br \/>\npossu\u00edmos uma car\u00eancia de autoestima, de identifica\u00e7\u00e3o, de sangue e de luta em<br \/>\nnosso elenco de futebol.\u00a0<\/span><\/p>\n<p style=\"margin-bottom:0.0001pt;text-align:justify;line-height:150%\"><span style=\"font-size:8.5pt;line-height:150%;font-family:&quot;Verdana&quot;,&quot;sans-serif&quot;\"><br \/><\/span><\/p>\n<p style=\"margin-bottom:0.0001pt;text-align:justify;line-height:150%\"><span style=\"font-size:8.5pt;line-height:150%;font-family:&quot;Verdana&quot;,&quot;sans-serif&quot;\">No entanto e tal conforme j\u00e1 escrevera anteriormente,<br \/>\nsomente esses nomes N\u00c3O IR\u00c3O resolver todos nossos problemas.\u00a0<\/span><\/p>\n<p style=\"margin-bottom:0.0001pt;text-align:justify;line-height:150%\"><span style=\"font-size:8.5pt;line-height:150%;font-family:&quot;Verdana&quot;,&quot;sans-serif&quot;\"><\/p>\n<p><\/span><\/p>\n<p><\/p>\n<p style=\"margin-bottom:0.0001pt;text-align:justify;line-height:150%\"><b><span style=\"font-size:8.5pt;line-height:150%;font-family:&quot;Verdana&quot;,&quot;sans-serif&quot;\">O caminho do Fluminense\u00a0<\/span><\/b><\/p>\n<p style=\"margin-bottom:0.0001pt;text-align:justify;line-height:150%\">\n<b><span style=\"font-size:8.5pt;line-height:150%;font-family:&quot;Verdana&quot;,&quot;sans-serif&quot;\"><br \/><\/span><\/b><\/p>\n<p style=\"margin-bottom:0.0001pt;text-align:justify;line-height:150%\"><span style=\"font-size:8.5pt;line-height:150%;font-family:&quot;Verdana&quot;,&quot;sans-serif&quot;\">Em 2009 e com a chegada de Cuca no clube tricolor, aos<br \/>\npoucos o t\u00e9cnico ganhou respaldo da diretoria em um ambiente no qual todos j\u00e1<br \/>\nconsideravam o clube como um dos virtuais rebaixados \u00e0 segunda divis\u00e3o do ano<br \/>\nseguinte e afastou \u00e0queles atletas que n\u00e3o queriam nada com a bola em campo.<br \/>\nInclusive \u201cmedalh\u00f5es\u201d, pagos pela pr\u00f3pria patrocinadora, que percebeu e deu<br \/>\nfor\u00e7a para que uma ampla reformula\u00e7\u00e3o do meio para a parte final do campeonato<br \/>\nfosse feita. Apostou em jovens com vontade de mostrarem seus valores e, com<br \/>\nisso, conseguiram uma \u201carrancada\u201d que lhes garantiu um quase milagre de<br \/>\npermanecerem na primeira divis\u00e3o. Encaminhou, al\u00e9m disso, uma estrutura para<br \/>\nque Muricy Ramalho desse continuidade em 2010, chegando ao t\u00edtulo brasileiro<br \/>\ndepois de vinte e quatro anos de espera.<\/span><\/p>\n<p style=\"margin-bottom:0.0001pt;text-align:justify;line-height:150%\"><span style=\"font-size:8.5pt;line-height:150%;font-family:&quot;Verdana&quot;,&quot;sans-serif&quot;\"><\/span><span style=\"font-size:12pt;line-height:150%;font-family:&quot;Times New Roman&quot;,&quot;serif&quot;\"><\/span><\/p>\n<p style=\"margin-bottom:0.0001pt;text-align:justify;line-height:150%\"><span style=\"font-size:8.5pt;line-height:150%;font-family:&quot;Verdana&quot;,&quot;sans-serif&quot;\">\u00a0Um ano antes, no entanto, mesmo percebendo que o time<br \/>\nestava \u00e0 deriva e que havia jogadores com qualidade t\u00e9cnica ruim e outros com<br \/>\nmuito pouca vontade de mostrarem servi\u00e7o no clube, a diretoria vasca\u00edna<br \/>\nrec\u00e9m-eleita nem os afastou e nem teve compet\u00eancia para lhes motivar ou<br \/>\ndevolver a autoestima \u00e0quele grupo em que mais de um de seus pr\u00f3prios diretores<br \/>\nna \u00e9poca desqualificou com declara\u00e7\u00f5es de que o time era fraco. Tal como no<br \/>\npresente momento, nota-se nesse atual elenco cruzmaltino que existem jogadores<br \/>\nsem a m\u00ednima condi\u00e7\u00e3o de atuarem com a camisa do Vasco, al\u00e9m de desconfiar que<br \/>\noutros tantos n\u00e3o est\u00e3o a se esfor\u00e7ar como deveriam: seja por falta de<br \/>\npagamento, por se aproveitarem da desordem administrativa no balne\u00e1rio ou por<br \/>\nmau-caratismo mesmo.<\/span><\/p>\n<p style=\"margin-bottom:0.0001pt;text-align:justify;line-height:150%\"><span style=\"font-size:8.5pt;line-height:150%;font-family:&quot;Verdana&quot;,&quot;sans-serif&quot;\"><\/span><span style=\"font-size:12pt;line-height:150%;font-family:&quot;Times New Roman&quot;,&quot;serif&quot;\"><\/span><\/p>\n<p style=\"margin-bottom:0.0001pt;text-align:justify;line-height:150%\"><span style=\"font-size:8.5pt;line-height:150%;font-family:&quot;Verdana&quot;,&quot;sans-serif&quot;\">\u00a0Tal como escrevera em minha coluna \u201cS\u00f3<br \/>\nprofissionaliza\u00e7\u00e3o salva?\u201d, Cristiano Koehler hoje \u00e9, de fato, o Presidente<br \/>\nexecutivo do clube, assim como Ricardo Gomes \u00e9 o respons\u00e1vel por responder pelo<br \/>\nfutebol vasca\u00edno. Ambos devem explica\u00e7\u00f5es a Roberto, que como Presidente de<br \/>\ndireito, deve (ou deveria) exercer seu papel constante de cobran\u00e7a e vig\u00edlia<br \/>\nsobre tudo aquilo que acontece no Vasco, pois foi reeleito para tanto, e n\u00e3o<br \/>\nsimplesmente para delegar suas tarefas a terceiros que nem vasca\u00ednos s\u00e3o e que<br \/>\nn\u00e3o est\u00e3o tomando as medidas que s\u00e3o necess\u00e1rias para que o pior n\u00e3o aconte\u00e7a.<br \/>\nAfinal, n\u00e3o ter dinheiro para grandes contrata\u00e7\u00f5es chega a ser compreens\u00edvel apesar<br \/>\nde n\u00e3o aceit\u00e1vel para um clube cuja receita mais do que triplicou nesses<br \/>\n\u00faltimos anos de gest\u00e3o; entretanto, n\u00e3o possuir gest\u00e3o competente mesmo se<br \/>\npagando a profissionais (caros) para que se fa\u00e7a o trabalho necess\u00e1rio, \u00e9<br \/>\nestarrecedor.<\/span><\/p>\n<p style=\"margin-bottom:0.0001pt;text-align:justify;line-height:150%\"><span style=\"font-size:8.5pt;line-height:150%;font-family:&quot;Verdana&quot;,&quot;sans-serif&quot;\"><\/span><span style=\"font-size:12pt;line-height:150%;font-family:&quot;Times New Roman&quot;,&quot;serif&quot;\"><\/span><\/p>\n<p style=\"margin-bottom:0.0001pt;text-align:justify;line-height:150%\"><span style=\"font-size:8.5pt;line-height:150%;font-family:&quot;Verdana&quot;,&quot;sans-serif&quot;\">\u00a0Em outras palavras, o Vasco precisa atrav\u00e9s de sua<br \/>\ndiretoria administrativa e de futebol em parceira entre si e mais com o<br \/>\ntreinador Dorival J\u00fanior tomar as medidas cab\u00edveis e afastar aos que est\u00e3o<br \/>\n\u201cdeitados eternamente em ber\u00e7o espl\u00eandido\u201d, antes que seja tarde demais e o<br \/>\ncaminho n\u00e3o tenha retorno. De que adianta, por exemplo, obter certid\u00f5es que<br \/>\ngarantam a regulariza\u00e7\u00e3o da d\u00edvida fiscal com a Receita e cair para a segunda<br \/>\ndivis\u00e3o, ficando novamente sem metade da cota de televisionamento no ano<br \/>\nseguinte, al\u00e9m de mais uma marca negativa para a hist\u00f3ria do clube? Torna-se<br \/>\nnecess\u00e1rio &quot;enxutar&quot; esse elenco, dar chance a alguns jovens que<br \/>\npossam, a custo mais reduzido, render bem mais do que muitos veteranos est\u00e3o<br \/>\nrendendo, al\u00e9m de refor\u00e7ar esse time com, pelo menos, mais um lateral-direito,<br \/>\num zagueiro e um volante, al\u00e9m do goleiro que pode ser H\u00e9lton. Ficar, no<br \/>\nm\u00e1ximo, com vnte e seis jogadores no plantel. Procurar honrar os compromissos<br \/>\ne, o principal, devolver O COMANDO ausente desde a sa\u00edda de Rodrigo Caetano, em<br \/>\ndezembro de 2011.<\/span><\/p>\n<p style=\"margin-bottom:0.0001pt;text-align:justify;line-height:150%\"><span style=\"font-size:8.5pt;line-height:150%;font-family:&quot;Verdana&quot;,&quot;sans-serif&quot;\"><\/span><span style=\"font-size:12pt;line-height:150%;font-family:&quot;Times New Roman&quot;,&quot;serif&quot;\"><\/span><\/p>\n<p style=\"margin-bottom:0.0001pt;text-align:justify;line-height:150%\"><span style=\"font-size:8.5pt;line-height:150%;font-family:&quot;Verdana&quot;,&quot;sans-serif&quot;\">\u00a0Resta saber qual caminho Roberto e seus comandados ir\u00e3o<br \/>\nquerer seguir: o pr\u00f3prio da cat\u00e1strofe j\u00e1 trilhado em 2008, ou o de sucesso do<br \/>\nrival, em 2009.<\/span><\/p>\n<p style=\"margin-bottom:0.0001pt;text-align:justify;line-height:150%\"><span style=\"font-size:8.5pt;line-height:150%;font-family:&quot;Verdana&quot;,&quot;sans-serif&quot;\"><\/span><span style=\"font-size:12pt;line-height:150%;font-family:&quot;Times New Roman&quot;,&quot;serif&quot;\"><\/span><\/p>\n<p style=\"margin-bottom:0.0001pt;text-align:justify;line-height:150%\"><span style=\"font-size:8.5pt;line-height:150%;font-family:&quot;Verdana&quot;,&quot;sans-serif&quot;\">\u00a0<\/span><b><span style=\"font-size:8.5pt;line-height:150%;font-family:&quot;Verdana&quot;,&quot;sans-serif&quot;\">A decep\u00e7\u00e3o Autuori<\/span><\/b><\/p>\n<p><\/p>\n<p style=\"margin-bottom:0.0001pt;text-align:justify;line-height:150%\"><b><span style=\"font-size:8.5pt;line-height:150%;font-family:&quot;Verdana&quot;,&quot;sans-serif&quot;\"><\/span><\/b><span style=\"font-size:12pt;line-height:150%;font-family:&quot;Times New Roman&quot;,&quot;serif&quot;\"><\/span><\/p>\n<p style=\"margin-bottom:0.0001pt;text-align:justify;line-height:150%\"><span style=\"font-size:8.5pt;line-height:150%;font-family:&quot;Verdana&quot;,&quot;sans-serif&quot;\">\u00a0Sei que se trata de um passado para ser esquecido, mas<br \/>\ncomo n\u00e3o escrevi nada na semana anterior por compromissos profissionais que<br \/>\nimpediram meu tempo, serei breve e resumirei meu pensamento sobre esse assunto.<\/span><\/p>\n<p style=\"margin-bottom:0.0001pt;text-align:justify;line-height:150%\"><span style=\"font-size:8.5pt;line-height:150%;font-family:&quot;Verdana&quot;,&quot;sans-serif&quot;\"><\/span><span style=\"font-size:12pt;line-height:150%;font-family:&quot;Times New Roman&quot;,&quot;serif&quot;\"><\/span><\/p>\n<p style=\"margin-bottom:0.0001pt;text-align:justify;line-height:150%\"><span style=\"font-size:8.5pt;line-height:150%;font-family:&quot;Verdana&quot;,&quot;sans-serif&quot;\">\u00a0Em 2003 quando era o t\u00e9cnico da Ponte Preta, Abel Braga<br \/>\ndirigiu um grupo de jogadores que estavam, em sua maioria, com at\u00e9 dez meses de<br \/>\nsal\u00e1rios atrasados, segundo o pr\u00f3prio treinador comentou na \u00e9poca. Ainda assim,<br \/>\nseguiu firme no comando ponte-pretano at\u00e9 a \u00faltima rodada do certame brasileiro<br \/>\ne auxiliou o clube a escapar do rebaixamento, rendendo-lhe l\u00e1grimas de emo\u00e7\u00e3o<br \/>\nnaquela \u00e9poca.<\/span><\/p>\n<p style=\"margin-bottom:0.0001pt;text-align:justify;line-height:150%\"><span style=\"font-size:8.5pt;line-height:150%;font-family:&quot;Verdana&quot;,&quot;sans-serif&quot;\"><\/span><span style=\"font-size:12pt;line-height:150%;font-family:&quot;Times New Roman&quot;,&quot;serif&quot;\"><\/span><\/p>\n<p style=\"margin-bottom:0.0001pt;text-align:justify;line-height:150%\"><span style=\"font-size:8.5pt;line-height:150%;font-family:&quot;Verdana&quot;,&quot;sans-serif&quot;\">\u00a0Paulo Autuori chegou filosofando \u00e0 respeito da grandeza<br \/>\ndo clube e de sua torcida. Dizendo-se vasca\u00edno, sabia das condi\u00e7\u00f5es no qual o<br \/>\nVasco passava naquele momento e, mesmo assim, bancou o desafio. Em tr\u00eas meses,<br \/>\nbastou chegar uma proposta muito melhor financeiramente do S\u00e3o Paulo (de forma<br \/>\nanti\u00e9tica e imoral, adjetivos esses que fazem parte de um clube acusado por<br \/>\naliciar a jovens jogadores nessa atual gest\u00e3o do tricolor paulista em<br \/>\ndescompasso com seu passado recente de t\u00edtulos e conquistas) para que toda sua<br \/>\ntoler\u00e2ncia e, pior, seu \u201camor\u201d terminassem. E justo em um momento em que o<br \/>\nclube estaria por assinar novos acordos, financeiramente interessantes e que<br \/>\npoderia auxiliar a garantir \u00e0quilo que, numa invers\u00e3o de papeis, ele (Autuori)<br \/>\nimp\u00f4s ao clube. <br \/><\/span><\/p>\n<p style=\"margin-bottom:0.0001pt;text-align:justify;line-height:150%\"><span style=\"font-size:8.5pt;line-height:150%;font-family:&quot;Verdana&quot;,&quot;sans-serif&quot;\"><\/span><span style=\"font-size:12pt;line-height:150%;font-family:&quot;Times New Roman&quot;,&quot;serif&quot;\"><\/span><\/p>\n<p style=\"margin-bottom:0.0001pt;text-align:justify;line-height:150%\"><span style=\"font-size:8.5pt;line-height:150%;font-family:&quot;Verdana&quot;,&quot;sans-serif&quot;\">\u00a0Um erro n\u00e3o excetua ao outro: o fato do clube n\u00e3o pagar<br \/>\nem dia (como \u00e9 a pr\u00e1tica errada na maioria dos clubes de futebol) n\u00e3o anula a<br \/>\nfalta de car\u00e1ter de Autuori em n\u00e3o assumir a verdade sobre seu real desejo de<br \/>\nsair do clube. Tivesse o Vasco com sua autoestima de GIGANTE, Autuori teria<br \/>\nsido demitido por justa causa por expor a marca de forma negativa da<br \/>\ninstitui\u00e7\u00e3o no qual, at\u00e9 ent\u00e3o, trabalhava. No melhor dos casos, seria demitido<br \/>\npelo p\u00e9ssimo trabalho realizado. N\u00e3o conseguiu dar padr\u00e3o a um grupo muito<br \/>\nfraco de jogadores, mas que outro t\u00e9cnico como o pr\u00f3prio Ga\u00facho conseguiu, no<br \/>\ncomando, fazer melhor do que ele. <br \/><\/span><\/p>\n<p style=\"margin-bottom:0.0001pt;text-align:justify;line-height:150%\"><span style=\"font-size:8.5pt;line-height:150%;font-family:&quot;Verdana&quot;,&quot;sans-serif&quot;\"><\/p>\n<p><\/span><\/p>\n<p><\/p>\n<p style=\"margin-bottom:0.0001pt;text-align:justify;line-height:150%\"><span style=\"font-size:8.5pt;line-height:150%;font-family:&quot;Verdana&quot;,&quot;sans-serif&quot;\">\u00a0Possuir um grupo limitad\u00edssimo em suas m\u00e3os atenua a<br \/>\nfraqueza de seu trabalho, mas n\u00e3o esconde as defici\u00eancias sobre o mesmo e nem<br \/>\nisenta-o de qualquer culpa pelo tempo perdido e mal aproveitado nessas duas<br \/>\ngrandes paradas que tivemos para formata\u00e7\u00e3o de um time mais bem organizado. Se<br \/>\nhoje &quot;o time do Vasco \u00e9 um nada&quot; como disse o jornalista Andr\u00e9 Rizek,<br \/>\nda Sportv, Autuori faz parte desse grupo que contribuiu para tanto.<\/span><\/p>\n<p style=\"margin-bottom:0.0001pt;text-align:justify;line-height:150%\"><span style=\"font-size:8.5pt;line-height:150%;font-family:&quot;Verdana&quot;,&quot;sans-serif&quot;\"><\/p>\n<p><\/span><\/p>\n<p><\/p>\n<p style=\"margin-bottom:0.0001pt;text-align:justify;line-height:150%\"><span style=\"font-size:8.5pt;line-height:150%;font-family:&quot;Verdana&quot;,&quot;sans-serif&quot;\">\u00a0Em s\u00edntese, Autuori trasmitiu a impress\u00e3o de muitos que<br \/>\npassam ou que j\u00e1 passaram pelo Vasco: utiliza\u00e7\u00e3o do clube como esp\u00e9cie de<br \/>\n&quot;plataforma&quot; para fins pessoais. Tal como muitos para mim, fechou<br \/>\nqualquer possibilidade de regresso um dia.<\/span><\/p>\n<p style=\"margin-bottom:0.0001pt;text-align:justify;line-height:150%\"><span style=\"font-size:8.5pt;line-height:150%;font-family:&quot;Verdana&quot;,&quot;sans-serif&quot;\"><\/p>\n<p><\/span><\/p>\n<p><\/p>\n<p style=\"margin-bottom:0.0001pt;text-align:justify;line-height:150%\"><span style=\"font-size:8.5pt;line-height:150%;font-family:&quot;Verdana&quot;,&quot;sans-serif&quot;\">\u00a0<\/span><b><span style=\"font-size:8.5pt;line-height:150%;font-family:&quot;Verdana&quot;,&quot;sans-serif&quot;\">Vencedor do \u00faltimo desafio<\/span><\/b><\/p>\n<p><\/p>\n<p style=\"margin-bottom:0.0001pt;text-align:justify;line-height:150%\"><b><span style=\"font-size:8.5pt;line-height:150%;font-family:&quot;Verdana&quot;,&quot;sans-serif&quot;\"><\/span><\/b><span style=\"font-size:12pt;line-height:150%;font-family:&quot;Times New Roman&quot;,&quot;serif&quot;\"><\/span><\/p>\n<p style=\"margin-bottom:0.0001pt;text-align:justify;line-height:150%\"><span style=\"font-size:8.5pt;line-height:150%;font-family:&quot;Verdana&quot;,&quot;sans-serif&quot;\">\u00a0Parabenizo ao leitor THIAGO RICARDO, do Rio de Janeiro,<br \/>\npor ter sido o vencedor do desafio proposto na coluna do dia 03\/07\/2013. Em<br \/>\ntempo: os gols marcados pelo Vasco diante do Internacional, pelo Campeonato<br \/>\nBrasileiro de 1997, foram de Odvan e Filipe Alvim.<\/span><\/p>\n<p style=\"margin-bottom:0.0001pt;text-align:justify;line-height:150%\"><span style=\"font-size:8.5pt;line-height:150%;font-family:&quot;Verdana&quot;,&quot;sans-serif&quot;\"><\/p>\n<p><\/span><\/p>\n<p><\/p>\n<p style=\"margin-bottom:0.0001pt;text-align:justify;line-height:150%\"><span style=\"font-size:8.5pt;line-height:150%;font-family:&quot;Verdana&quot;,&quot;sans-serif&quot;\">\u00a0<\/span><b><span style=\"font-size:8.5pt;line-height:150%;font-family:&quot;Verdana&quot;,&quot;sans-serif&quot;\">Desafio da semana<\/span><\/b><\/p>\n<p><\/p>\n<p style=\"margin-bottom:0.0001pt;text-align:justify;line-height:150%\"><b><span style=\"font-size:8.5pt;line-height:150%;font-family:&quot;Verdana&quot;,&quot;sans-serif&quot;\"><br \/><\/span><\/b><\/p>\n<p style=\"margin-bottom:0.0001pt;text-align:justify;line-height:150%\"><b><span style=\"font-size:8.5pt;line-height:150%;font-family:&quot;Verdana&quot;,&quot;sans-serif&quot;\">\u00a0<\/span><\/b><span style=\"font-size:8.5pt;line-height:150%;font-family:&quot;Verdana&quot;,&quot;sans-serif&quot;\">O poss\u00edvel retorno do goleiro H\u00e9lton nos faz relembrar a<br \/>\ntrajet\u00f3ria desse goleiro, na minha opini\u00e3o particular, o melhor que o Vasco j\u00e1<br \/>\nteve ap\u00f3s a &quot;era Carlos Germano&quot;. Conquistou dois t\u00edtulos<br \/>\ninesquec\u00edveis como titular em nossa meta, al\u00e9m de ser cria de nossas divis\u00f5es<br \/>\nde base. Em sua estreia como titular em jogos oficiais pelo clube, o Vasco venceu<br \/>\nno Mundial da FIFA por 2 vs 0, no &quot;antigo&quot; Maracan\u00e3 que, at\u00e9 ent\u00e3o,<br \/>\nera verdadeiramente do povo. <b>Sobre qual time foi essa vit\u00f3ria?<\/b><\/span><\/p>\n<p style=\"margin-bottom:0.0001pt;text-align:justify;line-height:150%\"><span style=\"font-size:8.5pt;line-height:150%;font-family:&quot;Verdana&quot;,&quot;sans-serif&quot;\"><b><\/p>\n<p><\/b><\/span><\/p>\n<p><\/p>\n<p style=\"margin-bottom:0.0001pt;text-align:justify;line-height:150%\"><b><span style=\"font-size:8.5pt;line-height:150%;font-family:&quot;Verdana&quot;,&quot;sans-serif&quot;\">\u00a0&quot;Toques finais&quot;<\/span><\/b><\/p>\n<p style=\"margin-bottom:0.0001pt;text-align:justify;line-height:150%\">\n<b><span style=\"font-size:8.5pt;line-height:150%;font-family:&quot;Verdana&quot;,&quot;sans-serif&quot;\"><br \/><\/span><\/b><\/p>\n<p style=\"margin-bottom:0.0001pt;text-align:justify;line-height:150%\"><b><span style=\"font-size:8.5pt;line-height:150%;font-family:&quot;Verdana&quot;,&quot;sans-serif&quot;\">\u00a0<\/span><\/b><span style=\"font-size:8.5pt;line-height:150%;font-family:&quot;Verdana&quot;,&quot;sans-serif&quot;\">1\u00ba) Antes, jogadores, t\u00e9cnicos e at\u00e9 diretor-executivo<br \/>\nde futebol. Ap\u00f3s, o posto de principal rival do clube da ave-preta,<br \/>\n&quot;queridinho&quot; da m\u00eddia &quot;toda-poderosa&quot;. Agora, nosso lado<br \/>\nfixo no Maracan\u00e3. O que mais falta a n\u00f3s perdemos para a Flunimed?<\/span><\/p>\n<p style=\"margin-bottom:0.0001pt;text-align:justify;line-height:150%\"><span style=\"font-size:8.5pt;line-height:150%;font-family:&quot;Verdana&quot;,&quot;sans-serif&quot;\"><\/p>\n<p><\/span><\/p>\n<p><\/p>\n<p style=\"margin-bottom:0.0001pt;text-align:justify;line-height:150%\"><span style=\"font-size:8.5pt;line-height:150%;font-family:&quot;Verdana&quot;,&quot;sans-serif&quot;\">\u00a02\u00ba) Ao transferir o nosso mando de campo para Bras\u00edlia,<br \/>\no Vasco n\u00e3o se deu conta de que trata-se de um lugar onde o rubro-negro tem<br \/>\njogado bem e n\u00e3o tem perdido seus jogos. Perdeu-se no aspecto t\u00e9cnico e, at\u00e9<br \/>\nmesmo, na torcida, a maior parte dela era do arquirrival nesse \u00faltimo domingo.<br \/>\nComputou-se a NONA derrota do Vasco na era Roberto para o Flamengo, al\u00e9m do D\u00c9CIMO-PRIMEIRO<br \/>\njogo seguido sem vit\u00f3ria sobre o arquirrival em Campeonatos Brasileiros.<br \/>\nConcedeu-se at\u00e9 o direito deles confeccionarem ingressos com propaganda de<br \/>\ns\u00f3cio-torcedor de seu clube, at\u00e9 na parte destinada \u00e0 torcida do Vasco. Em<br \/>\ntroca, veio um dinheiro, necess\u00e1rio de fato. Valeu a pena a troca enunciada?<\/span><\/p>\n<p style=\"margin-bottom:0.0001pt;text-align:justify;line-height:150%\"><\/p>\n<p style=\"margin-bottom:0.0001pt;text-align:justify;line-height:150%\">\n<b>Cristiano Mariotti<br \/><\/b><\/p>\n<p style=\"margin-bottom:0.0001pt;text-align:justify;line-height:150%\"><b><a href=\"mailto:cris.mariotti@crvasco.com.br\" target=\"_blank\"><\/a><a href=\"mailto:cris.mariotti@crvasco.com.br\">cris.mariotti@crvasco.com.br<\/a><\/b><\/p>\n<p style=\"margin-bottom:0.0001pt;text-align:justify;line-height:150%\">\n<b>Twitter: @crismariottirj<\/b><\/p>\n<p style=\"margin-bottom:0.0001pt;text-align:justify;line-height:150%\"><span style=\"font-size:8.5pt;line-height:150%;font-family:&quot;Verdana&quot;,&quot;sans-serif&quot;\"><\/span><span lang=\"pt\"><\/span><\/p>\n<\/div>\n<p>\n<\/div>\n<p><br clear=\"all\"\/><\/p>\n<\/div>\n","protected":false},"excerpt":{"rendered":"<p>E depois de uma alta temporada, tivemos boas not\u00edcias a respeito do futebol vasca\u00edno na&#8230;<\/p>\n","protected":false},"author":12,"featured_media":341,"comment_status":"open","ping_status":"closed","sticky":false,"template":"","format":"standard","meta":{"footnotes":""},"categories":[3],"tags":[],"class_list":["post-478","post","type-post","status-publish","format-standard","has-post-thumbnail","hentry","category-colunistas"],"_links":{"self":[{"href":"https:\/\/webvasco.com\/artigos\/wp-json\/wp\/v2\/posts\/478","targetHints":{"allow":["GET"]}}],"collection":[{"href":"https:\/\/webvasco.com\/artigos\/wp-json\/wp\/v2\/posts"}],"about":[{"href":"https:\/\/webvasco.com\/artigos\/wp-json\/wp\/v2\/types\/post"}],"author":[{"embeddable":true,"href":"https:\/\/webvasco.com\/artigos\/wp-json\/wp\/v2\/users\/12"}],"replies":[{"embeddable":true,"href":"https:\/\/webvasco.com\/artigos\/wp-json\/wp\/v2\/comments?post=478"}],"version-history":[{"count":0,"href":"https:\/\/webvasco.com\/artigos\/wp-json\/wp\/v2\/posts\/478\/revisions"}],"wp:featuredmedia":[{"embeddable":true,"href":"https:\/\/webvasco.com\/artigos\/wp-json\/wp\/v2\/media\/341"}],"wp:attachment":[{"href":"https:\/\/webvasco.com\/artigos\/wp-json\/wp\/v2\/media?parent=478"}],"wp:term":[{"taxonomy":"category","embeddable":true,"href":"https:\/\/webvasco.com\/artigos\/wp-json\/wp\/v2\/categories?post=478"},{"taxonomy":"post_tag","embeddable":true,"href":"https:\/\/webvasco.com\/artigos\/wp-json\/wp\/v2\/tags?post=478"}],"curies":[{"name":"wp","href":"https:\/\/api.w.org\/{rel}","templated":true}]}}