{"id":483,"date":"2013-07-22T00:39:27","date_gmt":"2013-07-22T03:39:27","guid":{"rendered":"http:\/\/webvasco.com\/artigos\/?p=483"},"modified":"2013-07-22T01:00:05","modified_gmt":"2013-07-22T04:00:05","slug":"fui-reverenciar-a-excepcional-diferena-2","status":"publish","type":"post","link":"https:\/\/webvasco.com\/artigos\/colunistas\/luizcarlosrocha\/fui-reverenciar-a-excepcional-diferena-2\/","title":{"rendered":"FUI REVERENCIAR A EXCEPCIONAL DIFEREN&Ccedil;A!"},"content":{"rendered":"<div>\n<div style=\"color:#000; background-color:#fff; font-family:bookman old style, new york, times, serif;font-size:12pt\">\n<div>&nbsp;<\/div>\n<p><span><\/p>\n<div><font face=\"Times New Roman\">  <\/font><\/div>\n<div class=\"MsoNormal\" style=\"margin: 0cm 0cm 10pt; text-align: justify;\"><span style='line-height: 115%; font-family: \"Arial\",\"sans-serif\"; font-size: 14pt;'>&nbsp;&nbsp;&nbsp;&nbsp;&nbsp;&nbsp;&nbsp;&nbsp; <var id=\"yui-ie-cursor\"><\/var>O t\u00edtulo desta cr\u00f4nica define o jogo entre Vasco e Fluminense hoje na reabertura do Est\u00e1dio Maracan\u00e3. <span style=\"mso-spacerun: yes;\">&nbsp;<\/span>Com gols de Juninho, Andr\u00e9 e Ten\u00f3rio o Gigante da Colina massacrou os Tricoletes, que descontaram com Carlinhos. A li\u00e7\u00e3o serviu para mostrar \u00e0s meninas das Laranjeiras que futebol \u00e9 coisa para homem! Que esse tipo de esporte se ganha dentro de campo e n\u00e3o com beicinho, tampouco chiliquinho por espa\u00e7o nas arquibancadas! Mais do que isso, na Oitava Rodada do Campeonato Brasileiro n\u00e3o poderia ser diferente, o Reizinho que veste o manto sagrado de n\u00famero oito foi o nome da partida. Afinal, quem foi rei nunca perder\u00e1 a majestade.<o:p><\/o:p><\/span><\/div>\n<div><font face=\"Times New Roman\">  <\/font><\/div>\n<div class=\"MsoNormal\" style=\"margin: 0cm 0cm 10pt; text-align: justify;\"><span style='line-height: 115%; font-family: \"Arial\",\"sans-serif\"; font-size: 14pt;'><span style=\"mso-tab-count: 1;\">&nbsp;&nbsp;&nbsp;&nbsp;&nbsp;&nbsp;&nbsp;&nbsp; <\/span>De qual diferen\u00e7a refiro-me? Da hist\u00f3ria. O Vasco foi o primeiro clube carioca a ser campe\u00e3o no Maracan\u00e3, primeiro do Rio tamb\u00e9m a ser campe\u00e3o brasileiro, tem o recordista de gols na competi\u00e7\u00e3o at\u00e9 os dias atuais (Roberto Dinamite), o artilheiro que marcou mais vezes numa mesma partida em Brasileir\u00e3o (Edmundo), \u00e9 de fato e de direito tetracampe\u00e3o brazuca (1974\/1989\/1997\/2000), bem diferente do Florminense que se intitula campe\u00e3o em 1970 (mas o Campeonato Brasileiro teve a sua primeira edi\u00e7\u00e3o em 1971) e em 2010 e 2012 n\u00e3o contam, pois desde 2000 disputa a Primeira Divis\u00e3o como mero convidado, e como tal n\u00e3o pode ter o direito de conquistas ao que n\u00e3o est\u00e1 apto para isso. Ademais, convidado mal educado, porque quando o Vasco por meio do ent\u00e3o presidente Eurico Miranda teve pulso que muitos cartolas n\u00e3o tiveram na \u00e9poca chamou as \u201cbailarinas\u201d, mas era apenas para aquele per\u00edodo e depois disso foram ficando de penetra na festa dos outros.<o:p><\/o:p><\/span><\/div>\n<div><font face=\"Times New Roman\">  <\/font><\/div>\n<div class=\"MsoNormal\" style=\"margin: 0cm 0cm 10pt; text-align: justify;\"><span style='line-height: 115%; font-family: \"Arial\",\"sans-serif\"; font-size: 14pt;'><span style=\"mso-tab-count: 1;\">&nbsp;&nbsp;&nbsp;&nbsp;&nbsp;&nbsp;&nbsp;&nbsp; <\/span>E tantas outras diferen\u00e7as que eu poderia citar. Mas o meu amigo e leitor Gabriel, que joga uma peladinha comigo l\u00e1 na Praia de Icara\u00ed toda quinta-feira vai chorar se eu continuar humilhando o Fluzinho. Gabriel, carinhosamente chamado pelos amigos de Cristal ainda \u00e9 jovem. Com o passar do tempo \u2013 inteligente e educado \u2013 ver\u00e1 que fez a escolha futebol\u00edstica errada. Quando elaborei o t\u00edtulo desta cr\u00f4nica pensei muito nele e no meu amigo F\u00e1bio que vive <span style=\"mso-spacerun: yes;\">&nbsp;<\/span>dizendo-me que pego pesado com o Fluminense. Porque ser\u00e1? Quando o clube das Laranjeiras que sequer tem est\u00e1dio (chamar aquele lixo que fede a mofo de campinho j\u00e1 \u00e9 muito!) n\u00e3o quiser mais ser o Gigante da Colina, se conscientizando que nunca ser\u00e1 (como diria o Capit\u00e3o Nascimento, na trama Tropa de Elite) eu pegarei mais leve.<o:p><\/o:p><\/span><\/div>\n<div><font face=\"Times New Roman\">  <\/font><\/div>\n<div class=\"MsoNormal\" style=\"margin: 0cm 0cm 10pt; text-align: justify;\"><span style='line-height: 115%; font-family: \"Arial\",\"sans-serif\"; font-size: 14pt;'><span style=\"mso-tab-count: 1;\">&nbsp;&nbsp;&nbsp;&nbsp;&nbsp;&nbsp;&nbsp;&nbsp; <\/span>O principal atleta tricolor, Frederico \u00e9 bom jogador, \u00eddolo de um clube pequeno como o Fluzinho, que tem uma torcida que cabe dentro de um fusquinha. Deco desaprendeu desde que chegou ao clube. Da mesma forma com Sobis. J\u00e1 Ant\u00f4nio Augusto Ribeiro Reis J\u00fanior, ou simplesmente Juninho \u00e9 a nobreza em pessoa no que tange aos seus passes milimetricamente perfeitos. Seu faro de gol. Seu talento. Por isso, em homenagem ao Fred, que al\u00e9m de n\u00e3o jogar nada ainda prejudicou a sua equipe por um lance infantil e covarde, s\u00f3 porque estava perdendo a partida, resolvi colocar um t\u00edtulo que fosse mostrar o que \u00e9 ter um craque de verdade num time.<span style=\"mso-spacerun: yes;\">&nbsp; <\/span>FUI REVERENCIAR A EXCEPCIONAL DIFEREN\u00c7A (frase constru\u00edda com as iniciais do camisa 9 tricolete), mostra que \u00e9 preciso aprender muito mais sobre futebol para querer ganhar do Vasco em plena reabertura do Maraca.<o:p><\/o:p><\/span><\/div>\n<div><font face=\"Times New Roman\">  <\/font><\/div>\n<div class=\"MsoNormal\" style=\"margin: 0cm 0cm 10pt; text-align: justify;\"><span style='line-height: 115%; font-family: \"Arial\",\"sans-serif\"; font-size: 14pt;'><span style=\"mso-tab-count: 1;\">&nbsp;&nbsp;&nbsp;&nbsp;&nbsp;&nbsp;&nbsp;&nbsp; <\/span>Ficou claro o motivo da briguinha pelo espa\u00e7o nas arquibancadas. Era porque j\u00e1 que n\u00e3o tinham hist\u00f3ria, tampouco futebol para vencer o cl\u00e1ssico foram tentar a superioridade em qualquer outra coisa, apenas para ter a sensa\u00e7\u00e3o de ser superior em algo. Coisa de mariquinha! Com o resultado de hoje o Mach\u00e3o da Gama assumiu a 11\u00aa coloca\u00e7\u00e3o na tabela de classifica\u00e7\u00e3o com 10 pontos ganhos. A pr\u00f3xima v\u00edtima do Trem Bala da Colina ser\u00e1 o Crici\u00fama, em S\u00e3o Janu\u00e1rio, s\u00e1bado, \u00e0s 18h30m.<o:p><\/o:p><\/span><\/div>\n<div><font face=\"Times New Roman\">  <\/font><\/div>\n<div class=\"MsoNormal\" style=\"margin: 0cm 0cm 10pt; text-align: justify;\"><span style='line-height: 115%; font-family: \"Arial\",\"sans-serif\"; font-size: 14pt;'><span style=\"mso-tab-count: 1;\">&nbsp;&nbsp;&nbsp;&nbsp;&nbsp;&nbsp;&nbsp;&nbsp; <\/span>Poderia ter sido muito pior. Os \u201ccraques\u201d do milion\u00e1rio Fluminense que tem as contas em dia e um \u201csuper\u201d patroc\u00ednio jogou completo. Completo de erros, de arrog\u00e2ncia e prepot\u00eancia. Mas faltou carisma, hist\u00f3ria, camisa e principalmente futebol. J\u00e1 os \u201cpobres\u201d oper\u00e1rios do Vasco que atravessa a pior crise financeira e pol\u00edtica de todos os tempos do clube, ainda atuou sem seus rec\u00e9m contratados refor\u00e7os e deu um baile. Imaginem se estivessem em campo F\u00e1gner, Montoya e Gui\u00f1az\u00fa!<o:p><\/o:p><\/span><\/div>\n<div><font face=\"Times New Roman\">  <\/font><\/div>\n<div class=\"MsoNormal\" style=\"margin: 0cm 0cm 10pt; text-align: justify;\"><span style='line-height: 115%; font-family: \"Arial\",\"sans-serif\"; font-size: 14pt;'>&nbsp;&nbsp;&nbsp;&nbsp;&nbsp;&nbsp;&nbsp;&nbsp; As maiores autoridades e personalidades torcem para o Vasco da Gama. Mas j\u00e1 que o assunto \u00e9 futebol em si, craques como Pel\u00e9 (Rei do Futebol e maior de todos em qualquer \u00e9poca), Zico, Roberto Dinamite, J\u00fanior (Leovegildo), Denner, Juninho, Tita, Mauro Galv\u00e3o e tantos outros astros vestiram nem que por um jogo a camisa crulmaltina, e certamente jamais vestiriam a camisola tricolor! Vai um recado: Fluminense para de querer ser o Vasco, para quem sabe vencer o Vasco!<o:p><\/o:p><\/span><\/div>\n<div><font face=\"Times New Roman\">  <\/font><\/div>\n<div class=\"MsoNormal\" style=\"margin: 0cm 0cm 10pt; text-align: justify; tab-stops: 120.75pt;\"><span style='line-height: 115%; font-family: \"Arial\",\"sans-serif\"; font-size: 14pt;'><span style=\"mso-spacerun: yes;\">&nbsp;<\/span><span style=\"mso-tab-count: 1;\">&nbsp;&nbsp;&nbsp;&nbsp;&nbsp;&nbsp;&nbsp;&nbsp;&nbsp;&nbsp;&nbsp;&nbsp;&nbsp;&nbsp;&nbsp;&nbsp;&nbsp;&nbsp;&nbsp;&nbsp;&nbsp;&nbsp;&nbsp;&nbsp;&nbsp;&nbsp;&nbsp;&nbsp;&nbsp;&nbsp; <\/span><o:p><\/o:p><\/span><\/div>\n<div><font face=\"Times New Roman\">  <\/font><\/div>\n<div class=\"MsoNormal\" style=\"margin: 0cm 0cm 10pt; text-align: justify;\"><span style='line-height: 115%; font-family: \"Arial\",\"sans-serif\"; font-size: 14pt;'><o:p>&nbsp;<\/o:p><\/span><\/div>\n<div><font face=\"Times New Roman\">  <\/font><\/div>\n<div class=\"MsoNormal\" style=\"margin: 0cm 0cm 10pt; text-align: justify;\"><span style='line-height: 115%; font-family: \"Arial\",\"sans-serif\"; font-size: 14pt;'><o:p>&nbsp;<\/o:p><\/span><\/div>\n<div><font face=\"Times New Roman\">  <\/font><\/div>\n<div class=\"MsoNormal\" style=\"margin: 0cm 0cm 10pt; text-align: justify;\"><b style=\"mso-bidi-font-weight: normal;\"><span style='line-height: 115%; font-family: \"Arial\",\"sans-serif\"; font-size: 14pt;'>AP\u00d3S AS TODAS AS PARTIDAS DO VASC\u00c3O EM MEU PERFIL DO FACEBOOK (QUEM QUISER RECEBER AS CR\u00d4NICAS DE PRIMEIRA M\u00c3O \u00c9 S\u00d3 ME ADICIONAR), E NOS SITES WEBVASCO (www.webvasco.com), E VASCA\u00cdNOS UNIDOS (www.vascainosunidos.com.br) TEM A OPINI\u00c3O DO JORNALISTA LUIZ CARLOS ROCHA. LEIAM! COMPARTILHEM E CURTAM! VASCA\u00cdNOS UNIDOS JAMAIS SER\u00c3O VENCIDOS.<o:p><\/o:p><\/span><\/b><\/div>\n<div><font face=\"Times New Roman\">  <\/font><\/div>\n<p><\/span><\/p>\n<div>&nbsp;<\/div>\n<div><span><\/span>&nbsp;<\/div>\n<div><span><\/span>&nbsp;<\/div>\n<div><span><\/span>&nbsp;<\/div>\n<div><span><\/span>&nbsp;<\/div>\n<div><\/div>\n<div>&nbsp;<\/div>\n<div id=\"RTEContent\">\n<div>\n<div>\n<div>\n<div align=\"center\">&nbsp;<\/div>\n<\/div>\n<\/div>\n<\/div>\n<\/div>\n<\/div>\n<\/div>\n<p><\/p>\n","protected":false},"excerpt":{"rendered":"<p>&nbsp; &nbsp;&nbsp;&nbsp;&nbsp;&nbsp;&nbsp;&nbsp;&nbsp; O t\u00edtulo desta cr\u00f4nica define o jogo entre Vasco e Fluminense hoje na&#8230;<\/p>\n","protected":false},"author":7,"featured_media":58,"comment_status":"open","ping_status":"closed","sticky":false,"template":"","format":"standard","meta":{"footnotes":""},"categories":[4],"tags":[],"class_list":["post-483","post","type-post","status-publish","format-standard","has-post-thumbnail","hentry","category-luizcarlosrocha"],"_links":{"self":[{"href":"https:\/\/webvasco.com\/artigos\/wp-json\/wp\/v2\/posts\/483","targetHints":{"allow":["GET"]}}],"collection":[{"href":"https:\/\/webvasco.com\/artigos\/wp-json\/wp\/v2\/posts"}],"about":[{"href":"https:\/\/webvasco.com\/artigos\/wp-json\/wp\/v2\/types\/post"}],"author":[{"embeddable":true,"href":"https:\/\/webvasco.com\/artigos\/wp-json\/wp\/v2\/users\/7"}],"replies":[{"embeddable":true,"href":"https:\/\/webvasco.com\/artigos\/wp-json\/wp\/v2\/comments?post=483"}],"version-history":[{"count":0,"href":"https:\/\/webvasco.com\/artigos\/wp-json\/wp\/v2\/posts\/483\/revisions"}],"wp:featuredmedia":[{"embeddable":true,"href":"https:\/\/webvasco.com\/artigos\/wp-json\/wp\/v2\/media\/58"}],"wp:attachment":[{"href":"https:\/\/webvasco.com\/artigos\/wp-json\/wp\/v2\/media?parent=483"}],"wp:term":[{"taxonomy":"category","embeddable":true,"href":"https:\/\/webvasco.com\/artigos\/wp-json\/wp\/v2\/categories?post=483"},{"taxonomy":"post_tag","embeddable":true,"href":"https:\/\/webvasco.com\/artigos\/wp-json\/wp\/v2\/tags?post=483"}],"curies":[{"name":"wp","href":"https:\/\/api.w.org\/{rel}","templated":true}]}}