{"id":487,"date":"2013-07-24T16:11:22","date_gmt":"2013-07-24T19:11:22","guid":{"rendered":"http:\/\/webvasco.com\/artigos\/?p=487"},"modified":"2013-07-24T16:20:04","modified_gmt":"2013-07-24T19:20:04","slug":"ressurgir-das-cinzas","status":"publish","type":"post","link":"https:\/\/webvasco.com\/artigos\/colunistas\/ressurgir-das-cinzas\/","title":{"rendered":"Ressurgir das cinzas?"},"content":{"rendered":"<p>A vit\u00f3ria de domingo pode ter representado um marco nesse novo rumo da caravela da cruz-de-malta, saindo dos sombrios mares no qual navegava e passando a navegar por mares bem mais tranquilos. Mais importante do que os tr\u00eas pontos no c\u00f4mputo desse campeonato foi a devolu\u00e7\u00e3o da autoestima e do sentimento de confian\u00e7a ao torcedor vasca\u00edno, em especial, antes desesperan\u00e7oso, temeroso e triste pela fase de seu clube refletida no time de futebol a nos representar.<\/p>\n<p>N\u00e3o quer dizer, no entanto, que todos os problemas estejam resolvidos. N\u00e3o podemos de forma alguma cair no devaneio de que esse atual time seja para ser campe\u00e3o ou at\u00e9 mesmo para disputar uma vaga para a pr\u00f3xima Libertadores. Antes de assim pensarmos, devemos nos lembrar bem que, at\u00e9 a v\u00e9spera do jogo, o sentimento era de d\u00favida sobre se conseguir\u00edamos, ao menos, ficar no &quot;G16&quot; e evitarmos a queda traum\u00e1tica para a segunda divis\u00e3o, o que para n\u00f3s seria extremamente desastroso, tanto do ponto de vista institucional como comercial.<\/p>\n<p>O que voltamos a ter de momento, aparentemente, foi um time com alma e autoestima, o que na minha concep\u00e7\u00e3o se trata do primeiro grande passo para que coisas maiores possam vir daqui para frente. Com o m\u00ednimo de organiza\u00e7\u00e3o t\u00e1tica em campo e voltando a ter uma refer\u00eancia no time &#8211; Juninho Pernambucano, meu \u00eddolo e de muitos torcedores vasca\u00ednos e com toda raz\u00e3o conquistou nesse posto &#8211; p\u00f4de-se notar um hiato do tamanho gigante de nosso clube entre o que, at\u00e9 ent\u00e3o, hav\u00edamos apresentado nesse campeonato e o que apresentamos no domingo passado.<\/p>\n<p>Ao passo que possa se tratar de uma vis\u00e3o meramente simplista para muitos, n\u00e3o h\u00e1 como n\u00e3o admitirmos que Juninho, nesse momento, \u00e9 o grande respons\u00e1vel direto por essa devolu\u00e7\u00e3o da alma e do sentimento de autoestima ao time. Aos que ainda duvidam de seu sentimento pelo &quot;ser Vasco&quot;, vale a lembran\u00e7a de que, como bem nosso craque da camisa oito disse, teria sido muito pior ele voltar para jogar em outro clube do que ter voltado mesmo com as declara\u00e7\u00f5es outrora dadas ao final do ano passado e que n\u00e3o se tratavam de mentira alguma. Mesmo com sua idade, Juninho \u00e9 diferenciado em tudo: desde sua t\u00e9cnica \u00e0 sua postura. Seus companheiros assim compreendem e a torcida, com ele em campo, se permite a sonhos bem mais altos.<\/p>\n<p>Se n\u00e3o fizemos um jogo sensacional (e at\u00e9 acho que, sob o olhar t\u00e9cnico, ainda temos muito o que acertar), ao menos jogamos em igualdade de condi\u00e7\u00f5es contra um advers\u00e1rio mais qualificado tecnicamente, mais maduro e com o time mais pronto. E essa not\u00e1vel melhora, mesmo que seja cedo demais para lhe atribuirmos &quot;os louros&quot;, se deve \u00e0 postura e ao trabalho de uma semana \u00e1rduo de Dorival J\u00fanior, que se preocupou nesse pouqu\u00edssimo tempo em fazer \u00e0quilo unicamente que o ex-treinador n\u00e3o fez em quase quatro meses: treinar o time com afinco. Em que pese o fator num\u00e9rico ao nosso favor durante a maior parte do jogo, soubemos aproveitar um momento de extrema ingenuidade do \u00eddolo tricolor para que pud\u00e9ssemos trilhar o caminho da vit\u00f3ria de forma mais tranquila, sabendo aproveitar tal vantagem num\u00e9rica em campo tamb\u00e9m.<\/p>\n<p>A grande preocupa\u00e7\u00e3o nesse momento para mim, no entanto, \u00e9 n\u00e3o deixar a euforia encobrir as defici\u00eancias que ainda possu\u00edmos e nem deixar o sentimento conformista tomar conta de nosso esp\u00edrito torcedor. \u00c9 bem verdade que o horizonte no qual vislumbramos agora \u00e9 muito melhor do que h\u00e1 vinte dias atr\u00e1s, mas o Vasco vive da press\u00e3o de sua torcida que, carente de grandes conquistas da magnitude de um campeonato brasileiro faz tempo, cobra e com raz\u00e3o para que a evolu\u00e7\u00e3o n\u00e3o pare e para que, passada a tempestade de desordem administrativa ao extremo e de crise financeira em car\u00e1ter asfixiador, possamos retomar o caminho do progresso em tempo de voltarmos \u00e0 disputa pelos primeiros postos desse certame, o que para Vasco n\u00e3o \u00e9 mais do que a sua obriga\u00e7\u00e3o como Gigante que \u00e9.<\/p>\n<p>Ajustes necess\u00e1rios<\/p>\n<p><\/p>\n<p>Com a chegada de F\u00e1gner e de Gui\u00f1azu &#8211; duas posi\u00e7\u00f5es providenciais no qual est\u00e1vamos muito carentes &#8211; o Vasco se permite a nem mais pensar no risco de rebaixamento. No quadro anterior vivenciado, era quest\u00e3o de tempo para que ele viesse. Atualmente, n\u00e3o mais. Considerando que n\u00e3o ser\u00e3o todos os jogos que Juninho ir\u00e1 jogar, precisar\u00edamos de mais um meio de campo armador para substitu\u00ed-lo, sempre que necess\u00e1rio for.<\/p>\n<p>Al\u00e9m disso, a chegada de mais um zagueiro e de um lateral-esquerdo poderia (ou poder\u00e1, quem sabe) trazer maior consist\u00eancia ao setor defensivo. E, ao meu ver, o principal setor de grande parte dos times campe\u00f5es que o Vasco teve ao longo de sua hist\u00f3ria. No bincampeonato carioca 1992-1993, por exemplo, o Vasco tinha Jorge Lu\u00eds e Torres como dupla de zagueiros; ao passo que, no ano seguinte, o tricampeonato veio com Ricardo Rocha e Torres como respons\u00e1veis pela defesa. Em 1997 em diante, tivemos uma \u00e9poca dourada em conquistas com, na maioria delas, Mauro Galv\u00e3o a comandar a defesa, ao lado do correto Odvan. Recentemente, rompemos o &quot;jejum&quot; de conquistas com Ded\u00e9 e \u00c2nderson Martins a nos resguardar.<\/p>\n<p>Na atualidade e considerando Rafael Vaz (mesmo que muito cedo), como uma grata surpresa, um zagueiro mais t\u00e9cnico e experiente ao seu lado e um lateral-esquerdo mais qualificado nos daria uma linha defensiva completa de confian\u00e7a. Considerando ainda Diogo Silva um goleiro correto e o melhor que possu\u00edmos hoje mas crendo que a cheqada de outro mais experiente pudesse dar uma seguran\u00e7a maior a todos, estar\u00edamos (ou estaremos, o futuro \u00e9 quem vai dizer) mais completos, tornando-os reais candidatos \u00e0s primeiras coloca\u00e7\u00f5es.<\/p>\n<p>A d\u00favida que paira para n\u00f3s \u00e9 somente em torno do que a dire\u00e7\u00e3o do Vasco deseja a partir de agora: fazer a diferen\u00e7a, olhar para frente, recuperar o tempo perdido e partir para montar um time que, realmente, traduza o sentimento de &quot;querer vencer&quot; do torcedor; ou se conformar somente com a fuga do descenso tendo como referencial o caos no qual a pr\u00f3pria dire\u00e7\u00e3o foi a respons\u00e1vel direta. Qual caminho seguiremos, a partir de agora, tendo melhores condi\u00e7\u00f5es (mesmo que, ainda, muito ruins devido \u00e0 grande d\u00edvida que o Vasco possui), com novos patrocinadores, com o retorno das certid\u00f5es e a volta \u00e0s tratativas com o empres\u00e1rio que, antes, fazia neg\u00f3cios com o clube, deixou de fazer durante um ano e voltou a fazer agora? O que o Vasco deseja, a partir de ent\u00e3o?<\/p>\n<p>O fator empres\u00e1rio<\/p>\n<p><\/p>\n<p>Sobre esse \u00faltimo levantamento feito por mim, n\u00e3o sei ao certo qual postura o Vasco adota, a partir de ent\u00e3o, com rela\u00e7\u00e3o ao tratamento com o empres\u00e1rio que volta a colocar jogadores no Vasco. No antigo modelo, ficamos &quot;ref\u00e9ns&quot; de um profissional que, ap\u00f3s negociar seus atletas no ano passado, deixou o clube sem um time capaz de manter a competitividade que possu\u00eda. Por culpa do pr\u00f3prio Vasco, ausente de boa gest\u00e3o, que se calcou no modelo monopolista e que na sua aus\u00eancia como parceiro n\u00e3o soube a quem recorrer e nem como recorrer para que pudesse salvar seu ano futebol\u00edstico.<\/p>\n<p>Nesse momento de reaproxima\u00e7\u00e3o, n\u00e3o sabemos ao certo (eu, particularmente, pelo menos) se o clube aprendeu a li\u00e7\u00e3o ou se, tal como em 2011, ir\u00e1 recorrer ao mesmo para forma\u00e7\u00e3o de um time competitivo para que, depois em caso de nova &quot;debandada&quot;, o clube se mostre &quot;ref\u00e9m&quot; mais uma vez e fique &quot;\u00e0 deriva&quot; e com o mesmo final presenciado ap\u00f3s julho de 2012. Ou se durante esse tempo haver\u00e1 o amadurecimento necess\u00e1rio para que haja um plano de conting\u00eancia em caso de rev\u00e9s nesse relacionamento, se assim ocorrer dentro de um futuro pr\u00f3ximo.<\/p>\n<p>Particularmente, sempre fui contra qualquer modelo que atribua o monop\u00f3lio de uma situa\u00e7\u00e3o a quem quer que seja. Ao inv\u00e9s de se confiar plenamente em um empres\u00e1rio e dele se aceitar a qualquer um que lhe \u00e9 indicado, o Vasco deveria, como em um clube mais bem estruturado ocorre, trabalhar com mais de um empres\u00e1rio e se fazer valer da concorr\u00eancia entre eles em benef\u00edcio pr\u00f3prio do &quot;material humano&quot; que poderia ter como retorno em virtude dessa disputa sadia.<\/p>\n<p>Qual ser\u00e1, ent\u00e3o, o modelo que veremos no Vasco, ap\u00f3s a &quot;tempestade&quot; que devastou a nau e que serve como refer\u00eancia do que n\u00e3o se deve seguir?<\/p>\n<p><\/p>\n<p>&quot;\u00c9 o destino&quot;?<\/p>\n<p><\/p>\n<p>Confesso-lhes que foi a coisa mais rid\u00edcula a frase colocada no mosaico da torcida tricolor nesse \u00faltimo domingo. Entretanto e pensando melhor depois do jogo, percebi que eles tiveram toda a raz\u00e3o: tal como no prov\u00e9rbio &quot;e ao p\u00f3 voltar\u00e1s&quot;, no momento em que o futebol volta a ser privil\u00e9gio da elite coube ao clube que quebrou esse paradigma a lhes dar uma li\u00e7\u00e3o, com direito a &quot;golpes&quot; certeiros de dois jogadores negros rejeitados pelos pr\u00f3prios quando no in\u00edcio do esporte bret\u00e3o em seu clube e de nosso \u00eddolo a lhes provar que &quot;tradi\u00e7\u00e3o n\u00e3o se compra; se conquista&quot;.<\/p>\n<p>E sobre a pol\u00eamica troca de lados de nossa torcida: ainda que, para mim ao meu ver, tenha sido uma derrota institucional (por culpa do pr\u00f3prio Vasco, que se deixe bem claro, e sobre isso escreverei nos meus pr\u00f3ximos textos), por outro j\u00e1 faz parte de nossa cultura, enquanto n\u00e3o tivermos a devida rea\u00e7\u00e3o fora de campo, devolvermos em campo todos os golpes recebidos por n\u00f3s nos bastidores. Na esperan\u00e7a de que um dia o Vasco volte a enxergar esse mesmo clube como advers\u00e1rio, e n\u00e3o como &quot;parceiro&quot; que jamais foi e que demonstra novamente sua real \u00edndole.<\/p>\n<p>Apenas uma pergunta bem cab\u00edvel ao nosso Presidente que, no entanto, se doeu pelo acontecido: ser\u00e1 que ele foi, realmente, inocente ao ponto de n\u00e3o saber que assim seria quando o advers\u00e1rio tivesse sua chance de nos golpear?<\/p>\n<p>Vencedor do \u00faltimo desafio<\/p>\n<p><\/p>\n<p>Parabenizo ao estimado leitor ALEX XAVIER por sua quarta vit\u00f3ria no desafio semanal proposto em presente coluna semanal! Em tempo: a estreia do goleiro H\u00e9lton em jogos oficiais como titular do gol vasca\u00edno no Campeonato Mundial da FIFA em 2000 foi no jogo Vasco 2 vs 0 South Melbourne, da Austr\u00e1lia, com gols de Felipe e de Edmundo.<\/p>\n<p>Desafio da semana<\/p>\n<p><\/p>\n<p>Na campanha dos t\u00edtulos brasileiros de 1997 e de 2000, o Vasco venceu o Fluminense, respectivamente, pelos placares de 3 vs 1 e de 4 vs 3, ambos os jogos disputados no Maracan\u00e3. Sobre esse \u00faltimo confronto citado, em 2000, quais foram os autores dos gols da vit\u00f3ria cruz-maltina?<\/p>\n<p>&quot;Toque final&quot;<\/p>\n<p><\/p>\n<p>E segue o &quot;bol\u00e3o&quot; da vez&#8230;qual ser\u00e1 o primeiro treinador &quot;fil\u00f3sofo&quot; a cair em seu clube: Ren\u00e9 Sim\u00f5es ou Paulo Autuori? E para esse \u00faltimo: haver\u00e1 &quot;for\u00e7a mental&quot; suficiente para suportar tanta rejei\u00e7\u00e3o por parte da torcida do clube em que ele dirige, nesse momento?<\/p>\n<p>Cristiano Mariotti <\/p>\n<p><a href=\"mailto:cris.mariotti@crvasco.com.br\"><\/a><a href=\"mailto:cris.mariotti@crvasco.com.br\">cris.mariotti@crvasco.com.br<\/a> <\/p>\n<p>Twitter: @crismariottirj<\/p>\n<p><\/p>\n","protected":false},"excerpt":{"rendered":"<p>A vit\u00f3ria de domingo pode ter representado um marco nesse novo rumo da caravela da&#8230;<\/p>\n","protected":false},"author":12,"featured_media":341,"comment_status":"open","ping_status":"closed","sticky":false,"template":"","format":"standard","meta":{"footnotes":""},"categories":[3],"tags":[],"class_list":["post-487","post","type-post","status-publish","format-standard","has-post-thumbnail","hentry","category-colunistas"],"_links":{"self":[{"href":"https:\/\/webvasco.com\/artigos\/wp-json\/wp\/v2\/posts\/487","targetHints":{"allow":["GET"]}}],"collection":[{"href":"https:\/\/webvasco.com\/artigos\/wp-json\/wp\/v2\/posts"}],"about":[{"href":"https:\/\/webvasco.com\/artigos\/wp-json\/wp\/v2\/types\/post"}],"author":[{"embeddable":true,"href":"https:\/\/webvasco.com\/artigos\/wp-json\/wp\/v2\/users\/12"}],"replies":[{"embeddable":true,"href":"https:\/\/webvasco.com\/artigos\/wp-json\/wp\/v2\/comments?post=487"}],"version-history":[{"count":0,"href":"https:\/\/webvasco.com\/artigos\/wp-json\/wp\/v2\/posts\/487\/revisions"}],"wp:featuredmedia":[{"embeddable":true,"href":"https:\/\/webvasco.com\/artigos\/wp-json\/wp\/v2\/media\/341"}],"wp:attachment":[{"href":"https:\/\/webvasco.com\/artigos\/wp-json\/wp\/v2\/media?parent=487"}],"wp:term":[{"taxonomy":"category","embeddable":true,"href":"https:\/\/webvasco.com\/artigos\/wp-json\/wp\/v2\/categories?post=487"},{"taxonomy":"post_tag","embeddable":true,"href":"https:\/\/webvasco.com\/artigos\/wp-json\/wp\/v2\/tags?post=487"}],"curies":[{"name":"wp","href":"https:\/\/api.w.org\/{rel}","templated":true}]}}