{"id":489,"date":"2013-07-27T23:06:55","date_gmt":"2013-07-28T02:06:55","guid":{"rendered":"http:\/\/webvasco.com\/artigos\/?p=489"},"modified":"2013-07-27T23:20:05","modified_gmt":"2013-07-28T02:20:05","slug":"crise-uma-que-nada-festa-na-colina-2","status":"publish","type":"post","link":"https:\/\/webvasco.com\/artigos\/colunistas\/luizcarlosrocha\/crise-uma-que-nada-festa-na-colina-2\/","title":{"rendered":"CRISE, UMA? QUE NADA FESTA NA COLINA!"},"content":{"rendered":"<div>\n<div style=\"color:#000; background-color:#fff; font-family:bookman old style, new york, times, serif;font-size:12pt\">\n<div><\/div>\n<p><span><\/p>\n<div><font face=\"Times New Roman\">  <\/font><\/div>\n<div class=\"MsoNormal\" style=\"margin: 0cm 0cm 10pt; text-align: justify;\"><span style='line-height: 115%; font-family: \"Arial\",\"sans-serif\"; font-size: 14pt;'>&nbsp;&nbsp;&nbsp;&nbsp;&nbsp;&nbsp;&nbsp;&nbsp; Acabou a crise. \u00c9 o fim do clima ruim em S\u00e3o Janu\u00e1rio! Em partida v\u00e1lida pela Nona Rodada do Campeonato Brasileiro, o Vasco venceu o Crici\u00fama, por 3 a 2 e mandou para longe o fantasma da derrota. No Pal\u00e1cio Cruzmaltino mais uma vez o personagem principal foi o Reizinho.<o:p><\/o:p><\/span><\/div>\n<div><font face=\"Times New Roman\">  <\/font><\/div>\n<div class=\"MsoNormal\" style=\"margin: 0cm 0cm 10pt; text-align: justify;\"><span style='line-height: 115%; font-family: \"Arial\",\"sans-serif\"; font-size: 14pt;'><span style=\"mso-tab-count: 1;\">&nbsp;&nbsp;&nbsp;&nbsp;&nbsp;&nbsp;&nbsp;&nbsp; <\/span>Na pr\u00f3xima rodada a equipe carioca enfrentar\u00e1 o Goi\u00e1s, no Serra Dourada. Com esse resultado Juninho e Cia. assumiram a sexta coloca\u00e7\u00e3o na tabela. Sua Majestade inaugurou o marcador com um gol de falta nos primeiros minutos de jogo. Na etapa complementar o zagueiro e disc\u00edpulo do Rei, Rafael Vaz mandou um bala\u00e7o, estufou a rede e ampliou para o time da casa.<o:p><\/o:p><\/span><\/div>\n<div><font face=\"Times New Roman\">  <\/font><\/div>\n<div class=\"MsoNormal\" style=\"margin: 0cm 0cm 10pt; text-align: justify;\"><span style='line-height: 115%; font-family: \"Arial\",\"sans-serif\"; font-size: 14pt;'><span style=\"mso-tab-count: 1;\">&nbsp;&nbsp;&nbsp;&nbsp;&nbsp;&nbsp;&nbsp;&nbsp; <\/span>O meia Ivo descontou para o Tigre. At\u00e9 que Wellington Paulista empatou e encheu de esperan\u00e7as os catarinenses. Mas o momento tenso durou apenas 2 minutos. A velha m\u00e1xima diz: \u201cQuem foi rei nunca perder\u00e1 a majestade!\u201d De fato. Ele. Sempre ele. Juninho estava em campo e cobrou com maestria uma falta na cabe\u00e7a do atacante Edmilson. Gol do Ed. <o:p><\/o:p><\/span><\/div>\n<div><font face=\"Times New Roman\">  <\/font><\/div>\n<div class=\"MsoNormal\" style=\"margin: 0cm 0cm 10pt; text-align: justify;\"><span style='line-height: 115%; font-family: \"Arial\",\"sans-serif\"; font-size: 14pt;'><span style=\"mso-tab-count: 1;\">&nbsp;&nbsp;&nbsp;&nbsp;&nbsp;&nbsp;&nbsp;&nbsp; <\/span>O lance definiu o placar e decretou a vit\u00f3ria vasca\u00edna. Vale lembrar, que vencer o fraco Crici\u00fama em S\u00e3o Janu\u00e1rio n\u00e3o \u00e9 l\u00e1 esse m\u00e9rito. Mas valeu para os 18.304 presentes testemunharem que Dorival J\u00fanior est\u00e1 no caminho certo, e que o Vasco est\u00e1 evoluindo. Claro que o comandante precisa fazer muitos ajustes, mas consigo ver uma luz no fim do t\u00fanel agora.<o:p><\/o:p><\/span><\/div>\n<div><font face=\"Times New Roman\">  <\/font><\/div>\n<div class=\"MsoNormal\" style=\"margin: 0cm 0cm 10pt; text-align: justify;\"><span style='line-height: 115%; font-family: \"Arial\",\"sans-serif\"; font-size: 14pt;'><span style=\"mso-tab-count: 1;\">&nbsp;&nbsp;&nbsp;&nbsp;&nbsp;&nbsp;&nbsp;&nbsp; <\/span>Roberto Dinamite precisa contratar um bom goleiro. Diogo Silva n\u00e3o d\u00e1. Nem reserva pode ser. Ali\u00e1s, Bombinha precisa contratar dois, um titular e um reserva. Todos que temos n\u00e3o servem.<span style=\"mso-spacerun: yes;\">&nbsp; <\/span>O pior setor da equipe \u00e9 a defesa. Al\u00e9m de um arqueiro precisamos de zagueiros e um lateral esquerdo. Rafael Vaz pode ser um bom reserva (para quem recentemente viu Ded\u00e9 e Anderson Martins). Para o flanco direito temos F\u00e1gner. Melhoramos bem, mas h\u00e1 muito o que evoluir ainda. S\u00f3 uma observa\u00e7\u00e3o para o n\u00facleo ofensivo: a dupla que tem de estar em campo \u00e9 Andr\u00e9 e Carlos Ten\u00f3rio. \u00c9der Lu\u00eds dever\u00e1 ser suplente. Dorival poderia pensar nessa id\u00e9ia.<o:p><\/o:p><\/span><\/div>\n<div><font face=\"Times New Roman\">  <\/font><\/div>\n<div class=\"MsoNormal\" style=\"margin: 0cm 0cm 10pt; text-align: justify;\"><span style='line-height: 115%; font-family: \"Arial\",\"sans-serif\"; font-size: 14pt;'><span style=\"mso-tab-count: 1;\">&nbsp;&nbsp;&nbsp;&nbsp;&nbsp;&nbsp;&nbsp;&nbsp; <\/span>Sauda\u00e7\u00f5es Vasca\u00ednas a todos os meus leitores.<o:p><\/o:p><\/span><\/div>\n<div><font face=\"Times New Roman\">  <\/font><\/div>\n<div class=\"MsoNormal\" style=\"margin: 0cm 0cm 10pt; text-align: justify;\"><span style='line-height: 115%; font-family: \"Arial\",\"sans-serif\"; font-size: 14pt;'><o:p>&nbsp;<\/o:p><\/span><\/div>\n<div><font face=\"Times New Roman\">  <\/font><\/div>\n<div class=\"MsoNormal\" style=\"margin: 0cm 0cm 10pt; text-align: justify;\"><span style='line-height: 115%; font-family: \"Arial\",\"sans-serif\"; font-size: 14pt;'><o:p>&nbsp;<\/o:p><\/span><\/div>\n<div><font face=\"Times New Roman\">  <\/font><\/div>\n<div class=\"MsoNormal\" style=\"margin: 0cm 0cm 10pt; text-align: justify;\"><b style=\"mso-bidi-font-weight: normal;\"><span style='line-height: 115%; font-family: \"Arial\",\"sans-serif\"; font-size: 14pt;'>AP\u00d3S AS TODAS AS PARTIDAS DO VASC\u00c3O EM MEU PERFIL DO FACEBOOK (QUEM QUISER RECEBER AS CR\u00d4NICAS DE PRIMEIRA M\u00c3O \u00c9 S\u00d3 ME ADICIONAR), E NOS SITES WEBVASCO (www.webvasco.com), E VASCA\u00cdNOS UNIDOS (www.vascainosunidos.com.br) TEM A OPINI\u00c3O DO JORNALISTA LUIZ CARLOS ROCHA. LEIAM! COMPARTILHEM E CURTAM! VASCA\u00cdNOS UNIDOS JAMAIS SER\u00c3O VENCIDOS.<o:p><\/o:p><\/span><\/b><\/div>\n<div><font face=\"Times New Roman\">  <\/font><\/div>\n<p><\/span><\/p>\n<div><\/div>\n<div><\/div>\n<div>&nbsp;<\/div>\n<div id=\"RTEContent\">\n<div>\n<div>\n<div>\n<div align=\"center\"><b><font color=\"#ff0000\" face=\"bookman old style, new york, times, serif\" size=\"5\"><\/font><\/b>&nbsp;<\/div>\n<div align=\"center\"><font face=\"Verdana\" size=\"5\"><b><\/b><\/font>&nbsp;<\/div>\n<\/div>\n<\/div>\n<\/div>\n<\/div>\n<\/div>\n<\/div>\n<p><\/p>\n","protected":false},"excerpt":{"rendered":"<p>&nbsp;&nbsp;&nbsp;&nbsp;&nbsp;&nbsp;&nbsp;&nbsp; Acabou a crise. \u00c9 o fim do clima ruim em S\u00e3o Janu\u00e1rio! Em partida&#8230;<\/p>\n","protected":false},"author":7,"featured_media":58,"comment_status":"open","ping_status":"closed","sticky":false,"template":"","format":"standard","meta":{"footnotes":""},"categories":[4],"tags":[],"class_list":["post-489","post","type-post","status-publish","format-standard","has-post-thumbnail","hentry","category-luizcarlosrocha"],"_links":{"self":[{"href":"https:\/\/webvasco.com\/artigos\/wp-json\/wp\/v2\/posts\/489","targetHints":{"allow":["GET"]}}],"collection":[{"href":"https:\/\/webvasco.com\/artigos\/wp-json\/wp\/v2\/posts"}],"about":[{"href":"https:\/\/webvasco.com\/artigos\/wp-json\/wp\/v2\/types\/post"}],"author":[{"embeddable":true,"href":"https:\/\/webvasco.com\/artigos\/wp-json\/wp\/v2\/users\/7"}],"replies":[{"embeddable":true,"href":"https:\/\/webvasco.com\/artigos\/wp-json\/wp\/v2\/comments?post=489"}],"version-history":[{"count":0,"href":"https:\/\/webvasco.com\/artigos\/wp-json\/wp\/v2\/posts\/489\/revisions"}],"wp:featuredmedia":[{"embeddable":true,"href":"https:\/\/webvasco.com\/artigos\/wp-json\/wp\/v2\/media\/58"}],"wp:attachment":[{"href":"https:\/\/webvasco.com\/artigos\/wp-json\/wp\/v2\/media?parent=489"}],"wp:term":[{"taxonomy":"category","embeddable":true,"href":"https:\/\/webvasco.com\/artigos\/wp-json\/wp\/v2\/categories?post=489"},{"taxonomy":"post_tag","embeddable":true,"href":"https:\/\/webvasco.com\/artigos\/wp-json\/wp\/v2\/tags?post=489"}],"curies":[{"name":"wp","href":"https:\/\/api.w.org\/{rel}","templated":true}]}}