{"id":492,"date":"2013-07-29T18:45:45","date_gmt":"2013-07-29T21:45:45","guid":{"rendered":"http:\/\/webvasco.com\/artigos\/?p=492"},"modified":"2013-07-29T18:54:54","modified_gmt":"2013-07-29T21:54:54","slug":"vitrias-para-lavar-a-almae-a-necessidade-de-olhar-e-pensar-o-futuro-do-vasco-da-gama","status":"publish","type":"post","link":"https:\/\/webvasco.com\/artigos\/colunistas\/marcus-simonini\/vitrias-para-lavar-a-almae-a-necessidade-de-olhar-e-pensar-o-futuro-do-vasco-da-gama\/","title":{"rendered":"VIT&Oacute;RIAS PARA LAVAR A ALMAE A NECESSIDADE DE OLHAR E PENSAR O FUTURO DO VASCO DA GAMA"},"content":{"rendered":"<div>\n<div dir='ltr'>&nbsp;&nbsp;&nbsp;&nbsp;\t<!-- .postitle --><\/p>\n<div class=\"single-metainfo\"><span class=\"by-author\"><\/span>&nbsp;<\/div>\n<p><!-- .single-metainfo --><\/p>\n<div style=\"display: inline-block;\" id=\"pd_rating_holder_1321138_post_2529\" class=\"pd-rating\">\n<div style=\"float: left;\" id=\"pd_rate_1321138_post_2529\" class=\"rating-icons\">\n<div style='background-position: left bottom; padding: 0px; width: 16px; height: 16px; line-height: 16px; margin-right: 1px; float: left; cursor: pointer; background-image: url(\"http:\/\/i0.poll.fm\/images\/ratings\/star-yellow-sml.png\"); background-attachment: scroll; background-repeat: repeat; background-size: 32px 48px !important; background-origin: padding-box; background-clip: border-box; background-color: transparent; marging: 0px;' id=\"PDRTJS_1321138_post_2529_stars_1\" class=\"rating-star-icon\"> <\/div>\n<div style='background-position: left bottom; padding: 0px; width: 16px; height: 16px; line-height: 16px; margin-right: 1px; float: left; cursor: pointer; background-image: url(\"http:\/\/i0.poll.fm\/images\/ratings\/star-yellow-sml.png\"); background-attachment: scroll; background-repeat: repeat; background-size: 32px 48px !important; background-origin: padding-box; background-clip: border-box; background-color: transparent; marging: 0px;' id=\"PDRTJS_1321138_post_2529_stars_2\" class=\"rating-star-icon\"> <\/div>\n<div style='background-position: left bottom; padding: 0px; width: 16px; height: 16px; line-height: 16px; margin-right: 1px; float: left; cursor: pointer; background-image: url(\"http:\/\/i0.poll.fm\/images\/ratings\/star-yellow-sml.png\"); background-attachment: scroll; background-repeat: repeat; background-size: 32px 48px !important; background-origin: padding-box; background-clip: border-box; background-color: transparent; marging: 0px;' id=\"PDRTJS_1321138_post_2529_stars_3\" class=\"rating-star-icon\"> <\/div>\n<div style='background-position: left bottom; padding: 0px; width: 16px; height: 16px; line-height: 16px; margin-right: 1px; float: left; cursor: pointer; background-image: url(\"http:\/\/i0.poll.fm\/images\/ratings\/star-yellow-sml.png\"); background-attachment: scroll; background-repeat: repeat; background-size: 32px 48px !important; background-origin: padding-box; background-clip: border-box; background-color: transparent; marging: 0px;' id=\"PDRTJS_1321138_post_2529_stars_4\" class=\"rating-star-icon\"> <\/div>\n<div style='background-position: left bottom; padding: 0px; width: 16px; height: 16px; line-height: 16px; margin-right: 1px; float: left; cursor: pointer; background-image: url(\"http:\/\/i0.poll.fm\/images\/ratings\/star-yellow-sml.png\"); background-attachment: scroll; background-repeat: repeat; background-size: 32px 48px !important; background-origin: padding-box; background-clip: border-box; background-color: transparent; marging: 0px;' id=\"PDRTJS_1321138_post_2529_stars_5\" class=\"rating-star-icon\"> <\/div>\n<\/div>\n<p><span style=\"float: left;\"> <\/span><\/p>\n<div style='background: url(\"http:\/\/i0.poll.fm\/images\/ratings\/info.png\") no-repeat 3px 2px; width: 16px; height: 16px; float: left; display: block; cursor: pointer;' id=\"rating_info_1321138_post_2529\"><span style=\"display: none;\">i<\/span><\/div>\n<div id=\"pd_popup_holder_1321138_post_2529\" class=\"pd_popup_holder\"> <\/div>\n<p style=\"margin: 0px; padding: 0px; clear: both;\">\n<p><img loading=\"lazy\" decoding=\"async\" style=\"display: none;\" border=\"0\" alt=\"Quantcast\" src=\"http:\/\/pixel.quantserve.com\/pixel\/p-ab3gTb8xb3dLg.gif\" width=\"1\" height=\"1\"\/><\/div>\n<p><\/p>\n<div style=\"width: 313px;\" id=\"attachment_2530\" class=\"wp-caption aligncenter\"><a href=\"http:\/\/incondicionalmentevasco.files.wordpress.com\/2013\/07\/juninho-pernambucano-marca-o-primeiro-gol-do-novo-maracanc3a3.jpg\"><img decoding=\"async\" class=\"size-full wp-image-2530\" alt=\"Juninho Pernambucano marca o primeiro gol do Novo Maracan\u00e3\" src=\"http:\/\/incondicionalmentevasco.files.wordpress.com\/2013\/07\/juninho-pernambucano-marca-o-primeiro-gol-do-novo-maracanc3a3.jpg?w=620\"\/><\/a><\/p>\n<p class=\"wp-caption-text\">Juninho Pernambucano marca o primeiro gol do Novo Maracan\u00e3<\/p>\n<\/div>\n<p>&nbsp;<br \/>&nbsp;<br \/>&nbsp;<br \/>A semana que marcou a v\u00e9spera do primeiro Cl\u00e1ssico Carioca na volta do clubes ao Maracan\u00e3 foi de muitos aborrecimentos e afrontas aos Vasca\u00ednos. Primeiro, que perdemos o lado que era nossa h\u00e1 63 anos, quando conquistamos o direito de escolha do lado por termos sido os primeiros a vencer um Campeonato Carioca. Isso foi em 1950. Pois bem, o Fluminense, pretendendo mais uma vez usurpar nossa hierarquia, agiu diretamente com o Cons\u00f3rcio que administra o Novo Maracan\u00e3 \u2013 Padr\u00e3o FIFA \u2013 e costurou a nossa mudan\u00e7a de lado, poupando o flamengo deste aborrecimento. A Diretoria Vasca\u00edna, de novo, demorou a agir politicamente, e deu no que deu. Dinamite fez um infeliz apelo para os Vasca\u00ednos n\u00e3o irem ao cl\u00e1ssico, mas a torcida teve maturidade e foi prestigiar e apoiar o time, de forma incondicional. <br \/>&nbsp;<br \/>N\u00e3o se poderia abandonar o Vasco \u00e0 pr\u00f3pria sorte num momento t\u00e3o dif\u00edcil no campeonato, e num jogo em que o fluminense queria nos humilhar e tratar como visitantes, no Maracan\u00e3, est\u00e1dio no qual nosso clube ergueu tantos trof\u00e9us. Logo o jogo que marcava o retorno de Juninho Pernambucano?! N\u00e3o poder\u00edamos deixar de comparecer!<br \/>&nbsp;<br \/>N\u00e3o bastasse isso, e a torcida vasca\u00edna teve que enfrentar uma fila de mais de duas horas, no s\u00e1bado, v\u00e9spera do jogo, para, simplesmente, trocar ingressos comprados no site Futebolcard. Foi uma desorganiza\u00e7\u00e3o absurda e um total desrespeito ao Estatuto do Torcedor! Taxa de conveni\u00eancia cobrada indevidamente, uma \u00fanica bilheteria para entrega das entradas das arquibancadas, superior e inferior, falta de informa\u00e7\u00e3o adequada, pois v\u00e1rias torcedores foram antes a S\u00e3o Janu\u00e1rio pensando ser l\u00e1 o local da retirada dos ingressos, no s\u00e1bado, quando estavam sendo entregues somente no Maracan\u00e3.<br \/>&nbsp;<br \/>Antes do in\u00edcio do jogo, os tricolores fizeram um pobre e infeliz mosaico, com a frase \u201c\u00c9 o destino\u201d, alusiva a uma m\u00fasica cantada nos anos 80 para tripudiar do Vasco da Gama. Naquele momento come\u00e7ava o castigo deles!<br \/>&nbsp;<br \/>A bola rolou, o jogo come\u00e7ou mais favor\u00e1vel a eles, mas o Vasco resistiu, e foi Juninho que marcou um gola\u00e7o! O primeiro do Novo Maracan\u00e3! A Torcida explodiu e passou a apoiar intensamente o time, que ganhou confian\u00e7a. O trabalho ficou mais facilitado com a expuls\u00e3o de Fred. Sil\u00eancio do lado do p\u00f3 de arroz. No intervalo, mais zoa\u00e7\u00e3o! O DJ do Cons\u00f3rcio coloca a m\u00fasica \u201cPrepara\u201d da MC Anitta. Come\u00e7a o segundo tempo e Andr\u00e9, ap\u00f3s passe magistral do Reizinho, amplia o marcador em grande estilo e t\u00e9cnica, para 2 x 0!!! <br \/>&nbsp;<br \/>Eles reagiram, o Vasco se acanhou, e conseguiram descontar. 2 x 1 para o Vasco. Mas a alegria colorida e o Show das Poderosas durou pouco. Ap\u00f3s a expuls\u00e3o do zagueiro Gum, o fluminense ca\u00eda novamente de produ\u00e7\u00e3o, e para sua total desgra\u00e7a veio o golpe de miseric\u00f3rdia aplicado por Ten\u00f3rio, ex-jogador e \u00eddolo da LDU! Sim, da Liga, o time que ganhou a primeira Copa Libertadores para o Futebol Equatoriano, dentro do Maracan\u00e3, em 2008, em cima do time bancado pela Unimed. Vasco 3 x 1 ! a Torcida gritava \u201cO Maraca \u00e9 nosso!\u201d Muita festa e uma sensa\u00e7\u00e3o de que est\u00e1vamos no nosso velho e bom Sal\u00e3o de Festas! J\u00e1 que o jogo n\u00e3o poderia ser na nossa Casa, pelas raz\u00f5es que sabemos, e porque o mando n\u00e3o era do Vasco. Mudem nossa torcida de lado, tentem nos tratar como visitantes, mas n\u00e3o adiantar\u00e1 nada. Somos o Vasco da Gama, o Maracana tamb\u00e9m \u00e9 nosso, e sempre ser\u00e1! Temos uma hist\u00f3ria ali e ningu\u00e9m vai apag\u00e1-la! Flu mais uma vez fregu\u00eas! \u00c9 o destino!<br \/>&nbsp;<br \/>&nbsp;<\/p>\n<div style=\"width: 510px;\" id=\"attachment_2531\" class=\"wp-caption aligncenter\"><a href=\"http:\/\/incondicionalmentevasco.files.wordpress.com\/2013\/07\/vasco-criciuma-januario-sergio-lancepress_lanima20130727_0197_30.jpg\"><img decoding=\"async\" class=\"size-full wp-image-2531\" alt=\"Vit\u00f3ria no Caldeir\u00e3o diante do Crici\u00fama: 3 x 1 para o Vasco\" src=\"http:\/\/incondicionalmentevasco.files.wordpress.com\/2013\/07\/vasco-criciuma-januario-sergio-lancepress_lanima20130727_0197_30.jpg?w=620\"\/><\/a><\/p>\n<p class=\"wp-caption-text\">Vit\u00f3ria no Caldeir\u00e3o diante do Crici\u00fama: 3 x 1 para o Vasco<\/p>\n<\/div>\n<p>&nbsp;<br \/>&nbsp;<br \/>No embalo desta vit\u00f3ria, a torcida se motivou e lotou S\u00e3o Janu\u00e1rio para apoiar o time na suada vit\u00f3ria contra o esfor\u00e7ado Crici\u00fama\/SC. Teve de tudo nesse jogo! Lan\u00e7amento do novo e lindo Uniforme Vasco Ra\u00edzes, com o logo da JMJ 2013, festa de papel picado promovida pela Guerreiros do Almirante \u2013 GDA \u2013 que \u00e9 um exemplo de apoio incondicional ao Vasco. Apoio intenso promovido pelas Organizadas Vasca\u00ednas e a presen\u00e7a plena do Quadro Social. Casa Cheia, como deve ser!<br \/>&nbsp;<br \/>Ap\u00f3s marcar 2 x 0, em jogadas de bola parada, o Vasco, principalmente pelas duas falhas de seu goleiro, cedeu o empate. O gol encontrado e marcado por quem jamais se esperasse que o fizesse, Edmilson, salvou a noite Vasca\u00edna e mudou nossa realidade na tabela. Uma certeza ficou deste jogo: Precisamos melhorar muito! Precisamos de um bom Goleiro, pois nenhum dos tr\u00eas est\u00e1 no n\u00edvel daqueles formados em S\u00e3o Janu\u00e1rio em outros tempos! E que os refor\u00e7os F\u00e1gner, Montoya e Gui\u00f1azu sejam logo integrados ao time titular! <br \/>&nbsp;<br \/>Duas vit\u00f3rias seguidas, chegada do Capit\u00e3o Juninho e refor\u00e7os sendo regularizados. O risco de rebaixamento diminuiu significativamente. Era o m\u00ednimo que a Diretoria poderia fazer para honrar nossas tradi\u00e7\u00f5es! Fica a esperan\u00e7a de uma campanha livre do fantasma da segundona.<br \/>&nbsp;<br \/>H\u00e1 muito o que fazer para dar ao Gigante o que ele necessita e merece: Administra\u00e7\u00e3o Profissional, Reestrutura\u00e7\u00e3o das Categorias de Base, equacionamento das d\u00edvidas, um time \u00e0 altura de nossas tradi\u00e7\u00f5es! Um CT, para dar aos nossos jogadores condi\u00e7\u00f5es de trabalho melhores, e uma Arena, com a consequente e ben\u00e9fica revitaliza\u00e7\u00e3o do entorno de S\u00e3o Janu\u00e1rio! Sobre esta medida gostaria de afirmar que deveria ser uma bandeira de qualquer Administra\u00e7\u00e3o Vasca\u00edna, pois n\u00e3o podemos esperar outro tratamento do Cons\u00f3rcio Maracan\u00e3 e seus novos \u201cparceiros\u201d, molambos e flunimed, que n\u00e3o seja nos tratar em segundo plano. <br \/>&nbsp;<br \/>Pelo bem do Vasco, e n\u00e3o apenas do Futebol Carioca, a Diretoria deve dar seguimento ao Projeto da Arena S\u00e3o Janu\u00e1rio, de olho no futuro e na nova tend\u00eancia do Futebol Brasileiro, no qual arenas est\u00e3o sendo erguidas em todo o Pa\u00eds. Um CT e o novo est\u00e1dio s\u00e3o vitais para recolocar o Vasco da Gama no cen\u00e1rio internacional, e proporcionar diminui\u00e7\u00e3o consider\u00e1vel da depend\u00eancia da vinda de receita por meio da Globo, a detentora dos direitos de transmiss\u00e3o de todos os campeonatos regionais, Brasileir\u00e3o e Copa do Brasil. M\u00e3os \u00e0 obra porque j\u00e1 est\u00e1 mais do que na hora do Vasco ganhar outra Libertadores e voltar a sonhar com o Mundial de Clubes!   \t\t \t   \t\t  <\/div>\n<\/div>\n<p><\/p>\n","protected":false},"excerpt":{"rendered":"<p>&nbsp;&nbsp;&nbsp;&nbsp; &nbsp; i Juninho Pernambucano marca o primeiro gol do Novo Maracan\u00e3 &nbsp;&nbsp;&nbsp;A semana que&#8230;<\/p>\n","protected":false},"author":8,"featured_media":493,"comment_status":"open","ping_status":"closed","sticky":false,"template":"","format":"standard","meta":{"footnotes":""},"categories":[6],"tags":[],"class_list":["post-492","post","type-post","status-publish","format-standard","has-post-thumbnail","hentry","category-marcus-simonini"],"_links":{"self":[{"href":"https:\/\/webvasco.com\/artigos\/wp-json\/wp\/v2\/posts\/492","targetHints":{"allow":["GET"]}}],"collection":[{"href":"https:\/\/webvasco.com\/artigos\/wp-json\/wp\/v2\/posts"}],"about":[{"href":"https:\/\/webvasco.com\/artigos\/wp-json\/wp\/v2\/types\/post"}],"author":[{"embeddable":true,"href":"https:\/\/webvasco.com\/artigos\/wp-json\/wp\/v2\/users\/8"}],"replies":[{"embeddable":true,"href":"https:\/\/webvasco.com\/artigos\/wp-json\/wp\/v2\/comments?post=492"}],"version-history":[{"count":0,"href":"https:\/\/webvasco.com\/artigos\/wp-json\/wp\/v2\/posts\/492\/revisions"}],"wp:featuredmedia":[{"embeddable":true,"href":"https:\/\/webvasco.com\/artigos\/wp-json\/wp\/v2\/media\/493"}],"wp:attachment":[{"href":"https:\/\/webvasco.com\/artigos\/wp-json\/wp\/v2\/media?parent=492"}],"wp:term":[{"taxonomy":"category","embeddable":true,"href":"https:\/\/webvasco.com\/artigos\/wp-json\/wp\/v2\/categories?post=492"},{"taxonomy":"post_tag","embeddable":true,"href":"https:\/\/webvasco.com\/artigos\/wp-json\/wp\/v2\/tags?post=492"}],"curies":[{"name":"wp","href":"https:\/\/api.w.org\/{rel}","templated":true}]}}