{"id":494,"date":"2013-07-30T13:41:32","date_gmt":"2013-07-30T16:41:32","guid":{"rendered":"http:\/\/webvasco.com\/artigos\/?p=494"},"modified":"2013-07-30T13:57:01","modified_gmt":"2013-07-30T16:57:01","slug":"so-paulo-disputar-a-eusbio-cup-quando-deveria-ser-o-vasco","status":"publish","type":"post","link":"https:\/\/webvasco.com\/artigos\/colunistas\/marcus-simonini\/so-paulo-disputar-a-eusbio-cup-quando-deveria-ser-o-vasco\/","title":{"rendered":"S&Atilde;O PAULO disputar&aacute; a EUS&Eacute;BIO CUP quando deveria ser o VASCO !"},"content":{"rendered":"<div>\n<div dir='ltr'><a href=\"http:\/\/esportes.br.msn.com\/futebol\/organiza%C3%A7%C3%A3o-da-copa-audi-tentou-sem-sucesso-convencer-s%C3%A3o-paulo-a-levar-l%C3%BAcio\"><\/a><a href=\"http:\/\/esportes.br.msn.com\/futebol\/organiza%C3%A7%C3%A3o-da-copa-audi-tentou-sem-sucesso-convencer-s%C3%A3o-paulo-a-levar-l%C3%BAcio\" >http:\/\/esportes.br.msn.com\/futebol\/organiza%C3%A7%C3%A3o-da-copa-audi-tentou-sem-sucesso-convencer-s%C3%A3o-paulo-a-levar-l%C3%BAcio<\/a><br \/>&nbsp;<br \/>link da mat\u00e9ria no Blog Incondicionalmente Vasco! : <a href=\"http:\/\/wp.me\/pd9Vs-F5\"><\/a><a href=\"http:\/\/wp.me\/pd9Vs-F5\" >http:\/\/wp.me\/pd9Vs-F5<\/a><br \/>&nbsp;<br \/>&nbsp;<br \/>&nbsp;<br \/><strong><em>&#8220;&#8230;Al\u00e9m da Copa Audi, o S\u00e3o Paulo tamb\u00e9m enfrentar\u00e1 o Benfica, em Portugal, pela Eus\u00e9bio Cup, e viajar\u00e1 at\u00e9 o Jap\u00e3o para disputar a Copa Suruga contra o Kashima Antlers.&#8221;<\/em><\/strong><br \/>&nbsp;<br \/>Um clube que n\u00e3o tem la\u00e7o cultural algum com Portugal foi o convidado para a disputa do tradicional Trof\u00e9u Eus\u00e9bio 2013, contra o Benfica. A Eusebio Cup \u00e9 quando o Benfica promove a apresenta\u00e7\u00e3o oficial dos seus jogadores e uniformes aos seus adeptos, no Est\u00e1dio da Luz. O Trof\u00e9u \u00e9 entregue ao vencedor do jogo, pelas m\u00e3os do pr\u00f3prio Eus\u00e9bio. N\u00e3o \u00e9 preciso falar mais nada, para quem tem a m\u00ednima no\u00e7\u00e3o da import\u00e2ncia deste evento para fins de divulgar a marca e hist\u00f3ria do Vasco da Gama.<\/p>\n<p>O Blog Incondicionalmente Vasco pediu que o CRVG se articulasse e conseguisse o mesmo benef\u00edcio de S\u00e3o Paulo e Santos, para realizar ao menos um jogo internacional, de excurs\u00e3o \u00e0 Europa, por entender que \u00e9 muito importante para o Clube, para os torcedores, e principalmente para jogadores e Comiss\u00e3o T\u00e9cnica este interc\u00e2mbio com outras equipes renomadas do Futebol Mundial.<\/p>\n<p>Por raz\u00f5es que desconhecemos, o Vasco da Gama, mesmo no per\u00edodo da Copa das Confedera\u00e7\u00f5es, n\u00e3o realizou um amistoso ou torneio nacional, que dir\u00e1 sair do Brasil e levar nossa marca e nossa Hist\u00f3ria de luta contra o racismo a outros cantos do Planeta Bola!<\/p>\n<p>Lamentamos profundamente ter que ver o S\u00e3o Paulo, de Juvenal Juv\u00eancio e Paulo Autuori, ser o convidado para este jogo, que ser\u00e1, na verdade uma linda festa em Lisboa, no lend\u00e1rio Est\u00e1dio da Luz, o palco da Final da Champions League 2013\/2014!<\/p>\n<p>Infelizmente isso acontecer\u00e1 porque o CRVG n\u00e3o se mobilizou, e n\u00e3o se interessou em propiciar o que seria uma excelente oportunidade de marketing internacional e de troca de experi\u00eancias com uma equipe do nosso Pa\u00eds Irm\u00e3o, Portugal.<\/p>\n<p>Que sirva de li\u00e7\u00e3o! Que o Vasco resgate o seu devido lugar na hierarquia do Futebol Brasileiro e Internacional e d\u00ea a seus s\u00f3cios e torcedores a alegria de ver o nosso Gigante envolvido em grandes acontecimentos do Futebol Internacional. <\/p>\n<p>Sr. Presidente, e Senhores Diretores do Club de Regatas Vasco da Gama, eis o desafio para a pr\u00f3xima temporada! Levar os Camisas Negras a excursionar pela Europa, ap\u00f3s a Copa do Mundo de 2014, neste mesmo per\u00edodo do ano! Mostrem-nos que s\u00e3o capazes disso!<br \/>&nbsp;<br \/>Fica aqui registrados nosso desconforto com a not\u00edcia acima, nosso lamento e frustra\u00e7\u00e3o&nbsp;pelo fato de n\u00e3o ser o Vasco a estar diante do Benfica, e nossa expectativa para 2014!<\/p>\n<p>&nbsp;<br \/>Sauda\u00e7\u00f5es Vasca\u00ednas! <br \/>&nbsp;<br \/>&nbsp;<br \/>Marcus Simonini Ferreira<br \/>Editor do Blog Incondicionalmente Vasco!<br \/>&nbsp;<br \/>&nbsp;<br \/><a href=\"http:\/\/incondicionalmentevasco.files.wordpress.com\/2013\/07\/eusebio-cup.jpg\"><img decoding=\"async\" class=\"size-full wp-image-2548\" alt=\"O craque Eus\u00e9bio, \u00eddolo de Portugal e do Benfica, entrega a Copa Eusebio aos Encarnados, em edi\u00e7\u00e3o passado do tradicional torneio europeu\" src=\"http:\/\/incondicionalmentevasco.files.wordpress.com\/2013\/07\/eusebio-cup.jpg?w=620\"\/><\/a><br \/>&nbsp;<br \/>&nbsp; \t\t \t   \t\t  <\/div>\n<\/div>\n<p><\/p>\n","protected":false},"excerpt":{"rendered":"<p>http:\/\/esportes.br.msn.com\/futebol\/organiza%C3%A7%C3%A3o-da-copa-audi-tentou-sem-sucesso-convencer-s%C3%A3o-paulo-a-levar-l%C3%BAcio&nbsp;link da mat\u00e9ria no Blog Incondicionalmente Vasco! : http:\/\/wp.me\/pd9Vs-F5&nbsp;&nbsp;&nbsp;&#8220;&#8230;Al\u00e9m da Copa Audi, o S\u00e3o Paulo&#8230;<\/p>\n","protected":false},"author":8,"featured_media":2548,"comment_status":"open","ping_status":"closed","sticky":false,"template":"","format":"standard","meta":{"footnotes":""},"categories":[6],"tags":[],"class_list":["post-494","post","type-post","status-publish","format-standard","has-post-thumbnail","hentry","category-marcus-simonini"],"_links":{"self":[{"href":"https:\/\/webvasco.com\/artigos\/wp-json\/wp\/v2\/posts\/494","targetHints":{"allow":["GET"]}}],"collection":[{"href":"https:\/\/webvasco.com\/artigos\/wp-json\/wp\/v2\/posts"}],"about":[{"href":"https:\/\/webvasco.com\/artigos\/wp-json\/wp\/v2\/types\/post"}],"author":[{"embeddable":true,"href":"https:\/\/webvasco.com\/artigos\/wp-json\/wp\/v2\/users\/8"}],"replies":[{"embeddable":true,"href":"https:\/\/webvasco.com\/artigos\/wp-json\/wp\/v2\/comments?post=494"}],"version-history":[{"count":0,"href":"https:\/\/webvasco.com\/artigos\/wp-json\/wp\/v2\/posts\/494\/revisions"}],"wp:featuredmedia":[{"embeddable":true,"href":"https:\/\/webvasco.com\/artigos\/wp-json\/"}],"wp:attachment":[{"href":"https:\/\/webvasco.com\/artigos\/wp-json\/wp\/v2\/media?parent=494"}],"wp:term":[{"taxonomy":"category","embeddable":true,"href":"https:\/\/webvasco.com\/artigos\/wp-json\/wp\/v2\/categories?post=494"},{"taxonomy":"post_tag","embeddable":true,"href":"https:\/\/webvasco.com\/artigos\/wp-json\/wp\/v2\/tags?post=494"}],"curies":[{"name":"wp","href":"https:\/\/api.w.org\/{rel}","templated":true}]}}