{"id":495,"date":"2013-07-31T10:51:28","date_gmt":"2013-07-31T13:51:28","guid":{"rendered":"http:\/\/webvasco.com\/artigos\/?p=495"},"modified":"2013-07-31T11:00:05","modified_gmt":"2013-07-31T14:00:05","slug":"decidir-por-vencer-j","status":"publish","type":"post","link":"https:\/\/webvasco.com\/artigos\/colunistas\/decidir-por-vencer-j\/","title":{"rendered":"Decidir por vencer j&aacute;!"},"content":{"rendered":"<div dir=\"ltr\">Na segunda vit\u00f3ria seguida do time do Vasco nesse atual certame <br \/>\nbrasileiro, n\u00e3o se pode afirmar que n\u00e3o houve evolu\u00e7\u00e3o com rela\u00e7\u00e3o <br \/>\n\u00e0quilo que, bem a pouco tempo, est\u00e1vamos acostumados a presenciar. Se <br \/>\nainda falta qualidade em certos setores do time, ao menos temos, <br \/>\nnotoriamente, um time bem mais organizado do que outrora com o <br \/>\nex-treinador. No entanto e tal conforme j\u00e1 descrito em texto anterior, a<br \/>\n entrada de Juninho no time divide com Dorival os m\u00e9ritos dessa melhora <br \/>\nsignificativa, mas com o sentimento de que ainda falta muito o que <br \/>\nmelhorar, embora saibamos que, ao menos, possu\u00edmos um rumo agora, coisa <br \/>\nque anteriormente nem possu\u00edamos.<\/p>\n<p>Com a aus\u00eancia de maior qualifica\u00e7\u00e3o t\u00e9cnica ao time, defendo a forma\u00e7\u00e3o<br \/>\n de uma equipe guerreira, com bravura para conseguir os resultados <br \/>\naliado ao m\u00ednimo de organiza\u00e7\u00e3o t\u00e1tica. \u00c9 dessa forma que j\u00e1 vimos <br \/>\nequipes at\u00e9 bem piores do que a nossa obter bons resultados. Pautando-se<br \/>\n sobre tais argumentos, sigo a me questionar o que ainda faz jogadores <br \/>\ncomo Pedro Ken e \u00c9der Lu\u00eds serem titulares de nosso time. Ainda que seja<br \/>\n um dos defensores da volta de Dorival J\u00fanior ao Vasco e a ele atribua <br \/>\nmetade dos m\u00e9ritos dessa tentativa de ressurgimento, \u00e9 estranho que <br \/>\njogadores que foram relativamente bem em boa parte do ano e no meio da <br \/>\nmediocridade no qual o time se encontrava n\u00e3o tenham tido maiores <br \/>\nchances sob seu comando. Por exemplo,  Dackson que, ao meu ver, o pouco <br \/>\nque fez durante o ano, at\u00e9 ent\u00e3o, j\u00e1 o credencia bem mais a uma vaga no <br \/>\ntime do que Pedro Ken, fraco, sem &quot;sangue&quot; e nada inspirado.<\/p>\n<p>No caso de \u00c9der Lu\u00eds, em especial, vale a reflex\u00e3o sobre o que esse mo\u00e7o<br \/>\n quer, finalmente, de sua carreira profissional. N\u00e3o possui mais a <br \/>\nexplos\u00e3o ofensiva no qual possu\u00eda at\u00e9 o final de 2011  (sendo bem <br \/>\ngeneroso com seu lado atl\u00e9tico), n\u00e3o consegue dar prosseguimento a uma <br \/>\njogada sequer, procura sempre os piores caminhos em campo e, na maioria <br \/>\ndas vezes, erra nas decis\u00f5es entre chutar a gol, dar um passe ou, <br \/>\nsimplesmente, uma &quot;deixadinha&quot; de bola.<\/p>\n<p>Reflex\u00e3o semelhante cabe a Fellipe Bastos que, mesmo sem ser titular <br \/>\nnesse time hoje, \u00e9 de fato estarrecedor o quanto consegue ser <br \/>\ndisplicente e presun\u00e7oso quando est\u00e1 em campo, n\u00e3o justificando de forma<br \/>\n alguma sua aparente raiva ap\u00f3s o gol de falta (algo que ainda faz vez <br \/>\nou outra) marcado perante o Internacional, h\u00e1 cerca de um m\u00eas atr\u00e1s. <br \/>\nEnquadra-se hoje, ao lado dos dois outros citados, nos exemplos do que o<br \/>\n Vasco menos precisa para fazer seu time &quot;rodar&quot; com bravura, aliado ao <br \/>\nm\u00ednimo de qualidade que ainda tem e \u00e0 organiza\u00e7\u00e3o t\u00e1tica que, aos <br \/>\npoucos, Dorival d\u00e1 a um conjunto (?!) outrora desacreditado.<\/p>\n<p>Entretanto, angustia o fato da depend\u00eancia do time sobre Juninho. Por <br \/>\nmais que saibamos de sua qualidade t\u00e9cnica e representa\u00e7\u00e3o fidefigna do <br \/>\nsentimento de resgate da autoestima e da autoconfian\u00e7a a esse grupo, era<br \/>\n not\u00f3rio que sua idade avan\u00e7ada seria um empecilho para que pudesse <br \/>\njogar todas as partidas, sendo poupado em algumas, tal como ser\u00e1 nesse <br \/>\npr\u00e9lio de logo mais perante o Goi\u00e1s. \u00c9 bom que se lembre que o atual <br \/>\nelenco vasca\u00edno, se n\u00e3o \u00e9 mais para cair para a segunda divis\u00e3o, tamb\u00e9m <br \/>\nn\u00e3o \u00e9 para disputar nada mais do que uma vaga na zona da Copa <br \/>\nSulamericana em 2014. Mas ser\u00e1 que esse pensamento conformista de t\u00e3o <br \/>\nsomente evitar o segundo rebaixamento em nossa hist\u00f3ria \u00e9 suficiente <br \/>\npara n\u00f3s?<\/p>\n<p>E \u00e9 sobre esse fato que reside, nesse momento, minha principal cr\u00edtica. <br \/>\nEm que pese o processo de eterna reconstru\u00e7\u00e3o no qual n\u00f3s, vasca\u00ednos, j\u00e1<br \/>\n nos acostumamos a acompanhar, o Vasco precisa avan\u00e7ar mais e repor o <br \/>\ntempo perdido. Apresentar resultados satisfat\u00f3rios e que demonstrem que,<br \/>\n ao menos, os horizontes tendem a clarear mais no futebol, j\u00e1 preparando<br \/>\n um &quot;salto de qualidade&quot; ainda nesse campeonato, e n\u00e3o mais postergando <br \/>\nas devidas melhorias para o ano seguinte. \u00c9 esse o discurso que a <br \/>\ntorcida n\u00e3o mais aguenta: o por qu\u00ea do eterno conformismo em nos <br \/>\npreparar somente para o amanh\u00e3 se podemos buscar a felicidade agora? O <br \/>\npor qu\u00ea n\u00e3o empreender esfor\u00e7os e buscar, desde j\u00e1, a possibilidade de <br \/>\nchegar-se \u00e0 principal competi\u00e7\u00e3o sulamericana &#8211; Libertadores &#8211; ao menos,<br \/>\n j\u00e1 para 2014 e n\u00e3o para 2015? Pensando, dessa forma, na maior exposi\u00e7\u00e3o<br \/>\n de sua marca ao exterior e, com isso, em maiores receitas tanto de TV <br \/>\ncomo de publicidade.<\/p>\n<p>Portanto, para que o real desejo de todo vasca\u00edno seja satisfeito, \u00e9 <br \/>\nnecess\u00e1rio insistir no assunto a respeito dos ajustes providenciais. <br \/>\nJuninho n\u00e3o atuar\u00e1 em todo jogo, ent\u00e3o, precisamos urgentemente de um <br \/>\nsubstituto \u00e0 altura. Rodriguinho, do Am\u00e9rica-MG, poderia ser um bom nome<br \/>\n e que faz tempo merece maior observa\u00e7\u00e3o por parte de equipes grandes <br \/>\ncomo o Vasco. Com o retorno de F\u00e1gner, falta consertar o lado-esquerdo <br \/>\nda linha defensiva fornada por quatro homens. Yot\u00fan n\u00e3o me parece ser a <br \/>\nmelhor op\u00e7\u00e3o, tampouco Henrique, ainda muito &quot;verde&quot; para atuar entre os<br \/>\n profissionais. A considerar a car\u00eancia de bons nomes para essa posi\u00e7\u00e3o <br \/>\nno futebol brasileiro, Juan surge como uma op\u00e7\u00e3o interessante de <br \/>\nresgate. Por sinal, mais um. E considerando que o Vasco \u00e9 um clube que <br \/>\ntem enraizado em sua hist\u00f3ria a capacidade de resgatar valores, poderia <br \/>\nser uma op\u00e7\u00e3o interessante.<\/p>\n<p>No setor defensivo, caberia mais um zagueiro para compor a zaga com o <br \/>\npromissor Rafael Vaz, esse que tem se demonstrado uma grata surpresa. <br \/>\nL\u00facio (que o Vasco tentou contratar em meados do ano passado) poderia <br \/>\nser o nome de peso e com a experi\u00eancia que precisamos. Mas ainda que <br \/>\nesteja em lit\u00edgio com o S\u00e3o Paulo, s\u00f3 valeria a contrata\u00e7\u00e3o se ainda <br \/>\npudesse atuar nesse campeonato, ou seja, se tivesse menos do que sete <br \/>\njogos podendo, assim, atuar em outro clube. Do restante do grupo, Nei, <br \/>\nRenato Silva, Jomar, Luan, Sandro Silva, Gui\u00f1azu, Abuda, Wendel, Felipe <br \/>\nSoutto, Montoya (t\u00e3o logo esteja regularizado, se \u00e9 que ainda poder\u00e1 <br \/>\natuar nesse campeonato), Dackson, Marlone, F\u00e1bio Lima, Andr\u00e9, Ten\u00f3rio e <br \/>\nWillen podem compor uma base s\u00f3lida para sustentar a &quot;briga&quot; pela <br \/>\ndisputa de posi\u00e7\u00f5es mais dignas e mais perto do que \u00e9 condizente para <br \/>\nVasco.<\/p>\n<p><b>O fator goleiro<\/b><\/p>\n<p>Em 1992, eu presenciei naquele campeonato brasileiro o Vasco perder a <br \/>\noportunidade de ir para a final em sucessivas falhas do goleiro R\u00e9gis. E<br \/>\n tudo porque Carlos Germano, o melhor disparado de todos que t\u00ednhamos no<br \/>\n elenco, ainda era considerado imaturo para tanto, mas que foi <br \/>\njustamente a solu\u00e7\u00e3o t\u00e3o logo o campeonato terminou e foi com ele que <br \/>\nficamos at\u00e9 o final daquela gloriosa d\u00e9cada como titular.<\/p>\n<p>Hoje, Diogo Silva tem tido suas oportunidades, na minha opini\u00e3o, com <br \/>\njusti\u00e7a e levando-se em conta de que eu fui um dos torcedores dentre <br \/>\nmuitos a pedir-lhe uma oportunidade, tal a inefici\u00eancia de seus <br \/>\nconcorrentes diretos Alessandro e Michel Alves. Contudo, por mais que <br \/>\nseja sob o meu ponto de vista o melhor disparado dentre os tr\u00eas, <br \/>\nconfesso-lhes que ainda n\u00e3o considero a ele como o goleiro que tanto <br \/>\nsonho em ver na titularidade de nossa meta.<\/p>\n<p>Na tentativa fracassada de repatriar o excelente H\u00e9lton ainda esse ano, a<br \/>\n diretoria do Vasco tem dois caminhos a seguir: ou vai em busca de um <br \/>\ngoleiro no mercado interno dado o fechamento da &quot;janela de <br \/>\ntransfer\u00eancias internacionais&quot; ou arrisca-se a ficar com tais que j\u00e1 <br \/>\npossu\u00edmos. Fazendo uma analogia com o ano de 1992 e a considerar a <br \/>\nhip\u00f3tese de Diogo Silva continuar falhando tal como nas \u00faltimas duas <br \/>\npartidas -em que apesar de suas falhas vencemos os jogos &#8211; a op\u00e7\u00e3o mais <br \/>\ncoerente para Dorival passaria a ser o jovem Jordi, e n\u00e3o no retrocesso <br \/>\nde se apostar novamente em dois que j\u00e1 demonstraram que passam bem longe<br \/>\n de serem as solu\u00e7\u00f5es para o nosso gol.<\/p>\n<p>Sem d\u00favida alguma, Jordi tem qualidade e ainda poder\u00e1 ser nosso futuro <br \/>\ncamisa n\u00famero um em campo. Se contra ele, no momento, pesa a <br \/>\nimaturidade, ao seu favor tem seu belo desempenho defendendo no time de <br \/>\njuniores. A quest\u00e3o de momento somente \u00e9: dar-lhe uma chance em caso de <br \/>\nDiogo n\u00e3o corresponder ou ainda recorrer ao mercado, no que nos restou <br \/>\nna s\u00e9rie A ou at\u00e9 mesmo observando a s\u00e9rie B?<\/p>\n<p><b><\/p>\n<p>&quot;Fluxemburgo&quot; abre horizontes<\/b><\/p>\n<p>Afora a quest\u00e3o ideol\u00f3gica que, por raz\u00f5es de suas pr\u00f3prias trajet\u00f3rias <br \/>\nde conduta, considere que Flunimed e Luxemburgo t\u00eam MUITA coisa em <br \/>\ncomum, considero que n\u00e3o poderia haver algo t\u00e3o ben\u00e9fico para o Vasco a <br \/>\nsua chegada \u00e0s Laranjeiras.<\/p>\n<p>Como todos j\u00e1 sabem, quem manda l\u00e1 para &quot;aquelas bandas&quot; \u00e9 quem tem <br \/>\ndinheiro, no caso, Celso Barros, homem de neg\u00f3cios respons\u00e1vel por <br \/>\nempreender o dinheiro de patroc\u00ednio de sua empresa no resgate de um <br \/>\nclube que j\u00e1 estava quase fechando as portas ao final da d\u00e9cada de 1990.<br \/>\n Sua imposi\u00e7\u00e3o por esse nome choca-se em cheio com as vontades de Peter <br \/>\nSiensem e de Rodrigo Caetano em ter outro treinador a comandar o clube.<\/p>\n<p>E \u00e9 sobre esse \u00faltimo que os interesses do Vasco (bem como de grande <br \/>\nparte da torcida) v\u00eam de encontro com (mais uma) frustra\u00e7\u00e3o desse <br \/>\nprofissional. Para quem conhece de futebol, Rodrigo Caetano possui muito<br \/>\n menos visibilidade no clube da empresa do plano de sa\u00fade do que possu\u00eda<br \/>\n no Vasco, al\u00e9m de n\u00e3o possuir a mesma liberdade para moldar o futebol \u00e0<br \/>\n sua fei\u00e7\u00e3o. Com seu contrato se encerrando ao final desse ano e <br \/>\nunindo-se as suas veladas frustra\u00e7\u00f5es \u00e0 vontade do Vasco atrav\u00e9s de seu <br \/>\n&quot;Presidente de fato&quot;, Cristiano Koehler, em t\u00ea-lo de volta \u00e0 S\u00e3o <br \/>\nJanu\u00e1rio, n\u00e3o \u00e9 nenhum devaneio considerarmos tal reconcilia\u00e7\u00e3o a partir<br \/>\n de janeiro de 2014. Em minha opini\u00e3o, para o nosso bem, pois al\u00e9m de <br \/>\ncompetente, tornou-se vasca\u00edno por conviver durante tr\u00eas anos de perto <br \/>\ncom nosso clube e nossa bel\u00edssima hist\u00f3ria.<\/p>\n<p>O tempo se encarregar\u00e1 de elucidar essa &quot;equa\u00e7\u00e3o&quot;&#8230;<\/p>\n<p><b><\/p>\n<p>Papo Vasca\u00edno<\/b><\/p>\n<p>Depois de tempos arquitetando a ideia, gostaria de informar-lhes que <br \/>\nminha inten\u00e7\u00e3o, finalmente, fora satisfeita e que o programa &quot;Papo <br \/>\nVasca\u00edno&quot; j\u00e1 encontra-se no ar! Iniciamos no domingo passado esse <br \/>\nprojeto, no qual sou coordenador e apresentador, que conta com apoio <br \/>\ntotal do companheiro M\u00e1rcio Santos e de boa parte dos membros de sua <br \/>\nequipe do &quot;S\u00f3 D\u00e1 Vasco&quot;: eu, inclusive, ao lado de Carlos Greg\u00f3rio <br \/>\nJ\u00fanior, Carol Canoa, Daniel Freitas, Eduardo Canellas, Jos\u00e9 Carlos <br \/>\nPrata, J\u00falio C\u00e9sar Teixeira e Matheus Alves. Compondo essa equipe bem <br \/>\necl\u00e9tica sob o ponto de vista de origens e regi\u00f5es do Brasil, temos como<br \/>\n componentes, tamb\u00e9m, Mauro Segadas (do Blog da Colina), Rafaela <br \/>\nFernandes (do site Vascalindas) e Henderson Dourado (ex-colaborador do <br \/>\nSuperVasco e morador de Vila Velha, Esp\u00edrito Santo), al\u00e9m de Raimundo <br \/>\nAlmeida, do grupo volunt\u00e1rio pelo projeto de Revitaliza\u00e7\u00e3o do entorno de<br \/>\n S\u00e3o Janu\u00e1rio.<\/p>\n<p>A cada semana, estaremos sorteando um ouvinte ou leitor do SuperVasco (a<br \/>\n quem, desde j\u00e1, agrade\u00e7o pela parceria, pelo apoio e pela divulga\u00e7\u00e3o do<br \/>\n trabalho) para participar conosco, utilizando o recurso Hangout <br \/>\noferecido pela m\u00eddia social Google+. Para quem quiser se habilitar, <br \/>\ninclusive, a fazer parte desse projeto, os e-mails para contato s\u00e3o <br \/>\n<a href=\"mailto:programasodavasco@gmail.com\"><\/a><a href=\"mailto:programasodavasco@gmail.com\">programasodavasco@gmail.com<\/a> e <a href=\"mailto:superpapovascaino@gmail.com\"><\/a><a href=\"mailto:superpapovascaino@gmail.com\">superpapovascaino@gmail.com<\/a>, Desde j\u00e1, <br \/>\nagradecemos pela bela audi\u00eancia em nosso programa de estreia, bem como <br \/>\nao apoio de todos: dos ouvintes em especial, da equipe S\u00f3 D\u00e1 Vasco e <br \/>\nSuperVasco, atrav\u00e9s de Elisvaldo Coelho (dono) e J\u00e9ssica Corais (gestora<br \/>\n de conte\u00fado) !<\/p>\n<p><b>&quot;Toques finais&quot;<\/b><\/p>\n<p>1\u00ba) No Vasco, s\u00f3 se pode contar com algo depois de assinado. Antes, \u00e9 <br \/>\nespecula\u00e7\u00e3o somente e muitas vezes &quot;d\u00e1 zebra&quot;. No caso das certid\u00f5es, \u00e9 <br \/>\nestranha tamanha morosidade para se obter, j\u00e1 que o acordo fora feito <br \/>\nsegundo a diretoria administrativa do clube. Uma coisa, no entanto, \u00e9 <br \/>\ncerta: se o Vasco tivesse um m\u00ednimo de representatividade (ausente h\u00e1 <br \/>\ntanto tempo nos bastidores do futebol), j\u00e1 estaria com os documentos em <br \/>\nm\u00e3os e os patroc\u00ednios selados. Enquanto o Vasco n\u00e3o tratar a s\u00e9rio essa <br \/>\nquest\u00e3o, passaremos por diificuldades iguais ou ainda piores do que <br \/>\nessas.<\/p>\n<p>2\u00ba) Agora, o SuperVasco conta com seu mais novo atrativo: trata-se de <br \/>\nsua rede social SuperVasca\u00ednos, a fim de aproximar ainda mais os la\u00e7os <br \/>\nentre colaboradores e leitores desse grande projeto! Meu perfil est\u00e1 <br \/>\nhospedado em <a><\/a><a href=\"http:\/\/www.supervascainos.com\/crismariottirj\">www.supervascainos.com\/crismariottirj<\/a> e basta adicionar-me! Parab\u00e9ns a todo o grupo por mais essa iniciativa vitoriosa!<\/p>\n<p><b>Cristiano Mariotti<\/p>\n<p><a href=\"mailto:cris.mariotti@crvasco.com\"><\/a><a href=\"mailto:cris.mariotti@crvasco.com\">cris.mariotti@crvasco.com<\/a><\/p>\n<p>Twitter: @crismariottirj<\/b><\/div>\n<p><\/p>\n","protected":false},"excerpt":{"rendered":"<p>Na segunda vit\u00f3ria seguida do time do Vasco nesse atual certame brasileiro, n\u00e3o se pode&#8230;<\/p>\n","protected":false},"author":12,"featured_media":341,"comment_status":"open","ping_status":"closed","sticky":false,"template":"","format":"standard","meta":{"footnotes":""},"categories":[3],"tags":[],"class_list":["post-495","post","type-post","status-publish","format-standard","has-post-thumbnail","hentry","category-colunistas"],"_links":{"self":[{"href":"https:\/\/webvasco.com\/artigos\/wp-json\/wp\/v2\/posts\/495","targetHints":{"allow":["GET"]}}],"collection":[{"href":"https:\/\/webvasco.com\/artigos\/wp-json\/wp\/v2\/posts"}],"about":[{"href":"https:\/\/webvasco.com\/artigos\/wp-json\/wp\/v2\/types\/post"}],"author":[{"embeddable":true,"href":"https:\/\/webvasco.com\/artigos\/wp-json\/wp\/v2\/users\/12"}],"replies":[{"embeddable":true,"href":"https:\/\/webvasco.com\/artigos\/wp-json\/wp\/v2\/comments?post=495"}],"version-history":[{"count":0,"href":"https:\/\/webvasco.com\/artigos\/wp-json\/wp\/v2\/posts\/495\/revisions"}],"wp:featuredmedia":[{"embeddable":true,"href":"https:\/\/webvasco.com\/artigos\/wp-json\/wp\/v2\/media\/341"}],"wp:attachment":[{"href":"https:\/\/webvasco.com\/artigos\/wp-json\/wp\/v2\/media?parent=495"}],"wp:term":[{"taxonomy":"category","embeddable":true,"href":"https:\/\/webvasco.com\/artigos\/wp-json\/wp\/v2\/categories?post=495"},{"taxonomy":"post_tag","embeddable":true,"href":"https:\/\/webvasco.com\/artigos\/wp-json\/wp\/v2\/tags?post=495"}],"curies":[{"name":"wp","href":"https:\/\/api.w.org\/{rel}","templated":true}]}}