{"id":496,"date":"2013-08-02T18:07:15","date_gmt":"2013-08-02T21:07:15","guid":{"rendered":"http:\/\/webvasco.com\/artigos\/?p=496"},"modified":"2013-08-02T18:15:51","modified_gmt":"2013-08-02T21:15:51","slug":"um-ponto-importante","status":"publish","type":"post","link":"https:\/\/webvasco.com\/artigos\/colunistas\/luizcarlosrocha\/um-ponto-importante\/","title":{"rendered":"UM PONTO IMPORTANTE!"},"content":{"rendered":"<div>\n<div style=\"color:#000; background-color:#fff; font-family:bookman old style, new york, times, serif;font-size:12pt\">\n<div>&nbsp;<\/div>\n<p><span><\/p>\n<div><font face=\"Times New Roman\">  <\/font><\/div>\n<div class=\"MsoNormal\" style=\"margin: 0cm 0cm 10pt; text-align: justify;\"><span style='line-height: 115%; font-family: \"Arial\",\"sans-serif\"; font-size: 14pt;'>&nbsp;&nbsp;&nbsp;&nbsp;&nbsp;&nbsp;&nbsp;&nbsp;&nbsp; <var id=\"yui-ie-cursor\"><\/var>Ao empatar ontem com o Goi\u00e1s, no Serra Dourada por 1 a 1, com gols de Pedro Ken e Walter em partida v\u00e1lida pela 10\u00aa Rodada do campeonato Brasileiro o Vasco trouxe um ponto importante, que poder\u00e1 ser um diferencial na tabela de classifica\u00e7\u00e3o no futuro.<o:p><\/o:p><\/span><\/div>\n<div><font face=\"Times New Roman\">  <\/font><\/div>\n<div class=\"MsoNormal\" style=\"margin: 0cm 0cm 10pt; text-align: justify;\"><span style='line-height: 115%; font-family: \"Arial\",\"sans-serif\"; font-size: 14pt;'><span style=\"mso-tab-count: 1;\">&nbsp;&nbsp;&nbsp;&nbsp;&nbsp;&nbsp;&nbsp;&nbsp; <\/span>Um time para ser campe\u00e3o precisa seguir a tese de ganhar todos os jogos em casa e pelo menos empatar 70% dos que far\u00e1 fora. Desta maneira a chance de conquistar o t\u00edtulo \u00e9 grande. Por isso, mesmo com o vacilo do Gigante da Colina em ter cedido o empate no finalzinho da partida acho que o resultado n\u00e3o foi ruim de tudo.<o:p><\/o:p><\/span><\/div>\n<div><font face=\"Times New Roman\">  <\/font><\/div>\n<div class=\"MsoNormal\" style=\"margin: 0cm 0cm 10pt; text-align: justify;\"><span style='line-height: 115%; font-family: \"Arial\",\"sans-serif\"; font-size: 14pt;'><span style=\"mso-tab-count: 1;\">&nbsp;&nbsp;&nbsp;&nbsp;&nbsp;&nbsp;&nbsp;&nbsp; <\/span>Claro que a aus\u00eancia do Juninho fez a diferen\u00e7a. Mas a equipe tem de acostumar a jogar por excel\u00eancia. Saber que a camisa vasca\u00edna tem tradi\u00e7\u00e3o e impacto! A diretoria precisa agilizar a regulariza\u00e7\u00e3o dos novos refor\u00e7os e contratar mais alguns, principalmente para o setor defensivo.<o:p><\/o:p><\/span><\/div>\n<div><font face=\"Times New Roman\">  <\/font><\/div>\n<div class=\"MsoNormal\" style=\"margin: 0cm 0cm 10pt; text-align: justify;\"><span style='line-height: 115%; font-family: \"Arial\",\"sans-serif\"; font-size: 14pt;'><span style=\"mso-tab-count: 1;\">&nbsp;&nbsp;&nbsp;&nbsp;&nbsp;&nbsp;&nbsp;&nbsp; <\/span>O caminho est\u00e1 certo. Dorival J\u00fanior \u00e9 um bom treinador. N\u00e3o acredito em t\u00edtulo, mas com os refor\u00e7os que ainda est\u00e3o por regularizar e alguns que poder\u00e3o chegar, aliado ao conhecimento do t\u00e9cnico acho que poderemos estar na Libertadores em 2014. O que seria \u00f3timo para a institui\u00e7\u00e3o Vasco da Gama. No ano da Copa do Mundo o cruzmaltino tentando conquistar a Am\u00e9rica.<o:p><\/o:p><\/span><\/div>\n<div><font face=\"Times New Roman\">  <\/font><\/div>\n<div class=\"MsoNormal\" style=\"margin: 0cm 0cm 10pt; text-align: justify;\"><span style='line-height: 115%; font-family: \"Arial\",\"sans-serif\"; font-size: 14pt;'><span style=\"mso-tab-count: 1;\">&nbsp;&nbsp;&nbsp;&nbsp;&nbsp;&nbsp;&nbsp;&nbsp; <\/span>Para um clube que tem um hist\u00f3ria linda, esse seria mais um cap\u00edtulo emocionante. Com o resultado de ontem, o Vasco ocupa a oitava posi\u00e7\u00e3o na competi\u00e7\u00e3o e o pr\u00f3ximo desafio ser\u00e1 domingo, dia 04 de agosto, no Maracan\u00e3, \u00e0s 18h30m, contra o Botafogo.<o:p><\/o:p><\/span><\/div>\n<div><font face=\"Times New Roman\">  <\/font><\/div>\n<div class=\"MsoNormal\" style=\"margin: 0cm 0cm 10pt; text-align: justify;\"><span style='line-height: 115%; font-family: \"Arial\",\"sans-serif\"; font-size: 14pt;'><span style=\"mso-tab-count: 1;\">&nbsp;&nbsp;&nbsp;&nbsp;&nbsp;&nbsp;&nbsp;&nbsp; <\/span>\u00c9 preciso que a Torcida Bem Feliz fa\u00e7a a sua parte comparecendo em massa e incentivando o time. Por outro lado a Comiss\u00e3o T\u00e9cnica tem de fazer imediatos ajustes, pois enfrentar a Cachorrada n\u00e3o \u00e9 o mesmo que o Esmeraldino. A equipe alvinegra tem muito mais talento e oferece um perigo que lhe \u00e9 peculiar, que atende pelo nome de Clarence Seedorf. Portanto, al\u00e9m de ficar de olho nele, o comandante da Caravela tem de escalar F\u00e1gner na lateral direita na equipe titular. Ten\u00f3rio formando dupla de ataque com Andr\u00e9. Pedir a diretoria para agilizar a papelada para os refor\u00e7os e ajustar uns problemas t\u00e1ticos.<o:p><\/o:p><\/span><\/div>\n<div><font face=\"Times New Roman\">  <\/font><\/div>\n<div class=\"MsoNormal\" style=\"margin: 0cm 0cm 10pt; text-align: justify;\"><span style='line-height: 115%; font-family: \"Arial\",\"sans-serif\"; font-size: 14pt;'><span style=\"mso-tab-count: 1;\">&nbsp;&nbsp;&nbsp;&nbsp;&nbsp;&nbsp;&nbsp;&nbsp; <\/span>De qualquer forma, vamos com tudo para cima de Seedorf e seus companheiros e somar mais tr\u00eas pontos, rumo a Libertadores em 2014. Para concluir: ouvi \u00e0 boca pequena essa semana de fontes fidedignas que Ricardo Gomes gostaria de repatriar Felipe, mas que o maestro teria a condi\u00e7\u00e3o de t\u00ea-lo dispensando o Reizinho do Vasco. Louco! Primeiro porque Juninho \u00e9 muito mais jogador do que ele. Segundo pela raz\u00e3o que n\u00e3o precisamos de desagregadores e sim de atletas que somam, aqueles que atuam em fun\u00e7\u00e3o da equipe e n\u00e3o do seu ego. Que tem de aparecer \u00e9 o Vasco da Gama e n\u00e3o o jogador A ou B. <o:p><\/o:p><\/span><\/div>\n<div><font face=\"Times New Roman\">  <\/font><\/div>\n<div class=\"MsoNormal\" style=\"margin: 0cm 0cm 10pt; text-align: justify;\"><span style='line-height: 115%; font-family: \"Arial\",\"sans-serif\"; font-size: 14pt;'><span style=\"mso-tab-count: 1;\">&nbsp;&nbsp;&nbsp;&nbsp;&nbsp;&nbsp;&nbsp;&nbsp; <\/span>Quanto maior \u00e9 a humildade do homem, maior \u00e9 a sua sabedoria. Juninho atua em prol da equipe. Talentoso e incapaz de dizer que ele \u00e9 a estrela do Universo Vasco. At\u00e9 porque uma estrela solit\u00e1ria n\u00e3o tem muito brilho (sem provoca\u00e7\u00f5es). A beleza de uma estrela \u00e9 quando ela est\u00e1 no meio de outras formando um linda constela\u00e7\u00e3o. Futebol \u00e9 um esporte coletivo! <o:p><\/o:p><\/span><\/div>\n<div><font face=\"Times New Roman\">  <\/font><\/div>\n<div class=\"MsoNormal\" style=\"margin: 0cm 0cm 10pt; text-align: justify;\"><span style='line-height: 115%; font-family: \"Arial\",\"sans-serif\"; font-size: 14pt;'><o:p>&nbsp;<\/o:p><\/span><\/div>\n<div><font face=\"Times New Roman\">  <\/font><\/div>\n<div class=\"MsoNormal\" style=\"margin: 0cm 0cm 10pt; text-align: justify;\"><span style='line-height: 115%; font-family: \"Arial\",\"sans-serif\"; font-size: 14pt;'><o:p>&nbsp;<\/o:p><\/span><\/div>\n<div><font face=\"Times New Roman\">  <\/font><\/div>\n<div class=\"MsoNormal\" style=\"margin: 0cm 0cm 10pt; text-align: justify;\"><b style=\"mso-bidi-font-weight: normal;\"><span style='line-height: 115%; font-family: \"Arial\",\"sans-serif\"; font-size: 14pt;'>AP\u00d3S AS TODAS AS PARTIDAS DO VASC\u00c3O EM MEU PERFIL DO FACEBOOK (QUEM QUISER RECEBER AS CR\u00d4NICAS DE PRIMEIRA M\u00c3O \u00c9 S\u00d3 ME ADICIONAR), E NOS SITES WEBVASCO (www.webvasco.com), E VASCA\u00cdNOS UNIDOS (www.vascainosunidos.com.br) TEM A OPINI\u00c3O DO JORNALISTA LUIZ CARLOS ROCHA. LEIAM! COMPARTILHEM E CURTAM! VASCA\u00cdNOS UNIDOS JAMAIS SER\u00c3O VENCIDOS.<o:p><\/o:p><\/span><\/b><\/div>\n<div><font face=\"Times New Roman\">  <\/font><\/div>\n<p><\/span><\/p>\n<div>&nbsp;<\/div>\n<div><span><\/span>&nbsp;<\/div>\n<div><span><\/span>&nbsp;<\/div>\n<div><span><\/span>&nbsp;<\/div>\n<div><span><\/span>&nbsp;<\/div>\n<div><\/div>\n<div>&nbsp;<\/div>\n<div id=\"RTEContent\">\n<div>\n<div>\n<div>\n<div align=\"center\"><b><font color=\"#ff0000\" face=\"bookman old style, new york, times, serif\" size=\"5\"><\/font><\/b>&nbsp;<\/div>\n<div align=\"center\"><font face=\"Verdana\" size=\"5\"><b><\/b><\/font>&nbsp;<\/div>\n<\/div>\n<\/div>\n<\/div>\n<\/div>\n<\/div>\n<\/div>\n<p><\/p>\n","protected":false},"excerpt":{"rendered":"<p>&nbsp; &nbsp;&nbsp;&nbsp;&nbsp;&nbsp;&nbsp;&nbsp;&nbsp;&nbsp; Ao empatar ontem com o Goi\u00e1s, no Serra Dourada por 1 a 1,&#8230;<\/p>\n","protected":false},"author":7,"featured_media":58,"comment_status":"open","ping_status":"closed","sticky":false,"template":"","format":"standard","meta":{"footnotes":""},"categories":[4],"tags":[],"class_list":["post-496","post","type-post","status-publish","format-standard","has-post-thumbnail","hentry","category-luizcarlosrocha"],"_links":{"self":[{"href":"https:\/\/webvasco.com\/artigos\/wp-json\/wp\/v2\/posts\/496","targetHints":{"allow":["GET"]}}],"collection":[{"href":"https:\/\/webvasco.com\/artigos\/wp-json\/wp\/v2\/posts"}],"about":[{"href":"https:\/\/webvasco.com\/artigos\/wp-json\/wp\/v2\/types\/post"}],"author":[{"embeddable":true,"href":"https:\/\/webvasco.com\/artigos\/wp-json\/wp\/v2\/users\/7"}],"replies":[{"embeddable":true,"href":"https:\/\/webvasco.com\/artigos\/wp-json\/wp\/v2\/comments?post=496"}],"version-history":[{"count":0,"href":"https:\/\/webvasco.com\/artigos\/wp-json\/wp\/v2\/posts\/496\/revisions"}],"wp:featuredmedia":[{"embeddable":true,"href":"https:\/\/webvasco.com\/artigos\/wp-json\/wp\/v2\/media\/58"}],"wp:attachment":[{"href":"https:\/\/webvasco.com\/artigos\/wp-json\/wp\/v2\/media?parent=496"}],"wp:term":[{"taxonomy":"category","embeddable":true,"href":"https:\/\/webvasco.com\/artigos\/wp-json\/wp\/v2\/categories?post=496"},{"taxonomy":"post_tag","embeddable":true,"href":"https:\/\/webvasco.com\/artigos\/wp-json\/wp\/v2\/tags?post=496"}],"curies":[{"name":"wp","href":"https:\/\/api.w.org\/{rel}","templated":true}]}}