{"id":497,"date":"2013-08-03T20:00:48","date_gmt":"2013-08-03T23:00:48","guid":{"rendered":"http:\/\/webvasco.com\/artigos\/?p=497"},"modified":"2013-08-03T22:46:59","modified_gmt":"2013-08-04T01:46:59","slug":"1o-encontro-de-colecionadores-de-camisas-do-c-r-vasco-da-gama","status":"publish","type":"post","link":"https:\/\/webvasco.com\/artigos\/colunistas\/andrepedro\/1o-encontro-de-colecionadores-de-camisas-do-c-r-vasco-da-gama\/","title":{"rendered":"1\u00ba Encontro de Colecionadores de Camisas do C.R. Vasco da Gama"},"content":{"rendered":"<p>Amigos Vasca\u00ednos,<\/p>\n<p>\u00c9 com imensa satisfa\u00e7\u00e3o que ficamos sabendo da realiza\u00e7\u00e3o do 1\u00ba Encontro de Colecionadores de Camisas do C. R. Vasco da Gama. Certamente ser\u00e1 mais um grande evento da fam\u00edlia vasca\u00edna e que proporcionar\u00e1 intensos momentos de cultura e vascainidade para todos que participarem.<\/p>\n<p style=\"text-align: center;\"><a href=\"https:\/\/webvasco.com\/artigos\/wp-content\/uploads\/2013\/08\/i-encontro-de-colecionadores-de-camisas-do-vasco-12839.jpg\"><img loading=\"lazy\" decoding=\"async\" class=\"size-full wp-image-498 aligncenter\" alt=\"i-encontro-de-colecionadores-de-camisas-do-vasco-12839\" src=\"https:\/\/webvasco.com\/artigos\/wp-content\/uploads\/2013\/08\/i-encontro-de-colecionadores-de-camisas-do-vasco-12839.jpg\" width=\"640\" height=\"355\" srcset=\"https:\/\/webvasco.com\/artigos\/wp-content\/uploads\/2013\/08\/i-encontro-de-colecionadores-de-camisas-do-vasco-12839.jpg 640w, https:\/\/webvasco.com\/artigos\/wp-content\/uploads\/2013\/08\/i-encontro-de-colecionadores-de-camisas-do-vasco-12839-150x83.jpg 150w, https:\/\/webvasco.com\/artigos\/wp-content\/uploads\/2013\/08\/i-encontro-de-colecionadores-de-camisas-do-vasco-12839-300x166.jpg 300w\" sizes=\"auto, (max-width: 640px) 100vw, 640px\" \/><\/a><\/p>\n<p>\u00a0O evento acontecer\u00e1 no dia 24 de agosto de 2013, s\u00e1bado, \u00e0s 10h da manh\u00e3. Recomendamos a todos que puderem para comparecer, mesmo que n\u00e3o sejam colecionadores de camisas, pois certamente ser\u00e1 um grande acontecimento que proporcionar\u00e1 bons momentos para todos os vasca\u00ednos.<\/p>\n<p>Anexamos o folder do evento (acima), bem como o mapa de como chegar vindo pela Av. Brasil em dire\u00e7\u00e3o a Zona Oeste pelo viaduto que leva \u00e0 Ilha do Fund\u00e3o em Ramos (logo abaixo).<\/p>\n<p>O mapa pode ser acessado no Google atrav\u00e9s do link:\u00a0<a href=\"https:\/\/www.google.com\/maps\/preview#!data=!1m4!1m3!1d876!2d-43.2606084!3d-22.8486894!4m22!3m21!1m5!1sAv.+Brasil+-+Ramos%2C+Rio+de+Janeiro%2C+21030-001%2C+Rep%C3%BAblica+Federativa+do+Brasil!2s0x9979598740d85d%3A0x12ab6695419d1797!3m2!3d-22.852236!4d-43.247365!1m4!3m2!3d-22.8485682!4d-43.2614514!6e2!2e0!3m8!1m3!1d7009!2d-43.2532864!3d-22.8490785!3m2!1i1440!2i732!4f13.1&amp;fid=0\">https:\/\/www.google.com\/maps\/preview#!data=!1m4!1m3!1d876!2d-43.2606084!3d-22.8486894!4m22!3m21!1m5!1sAv.+Brasil+-+Ramos%2C+Rio+de+Janeiro%2C+21030-001%2C+Rep%C3%BAblica+Federativa+do+Brasil!2s0x9979598740d85d%3A0x12ab6695419d1797!3m2!3d-22.852236!4d-43.247365!1m4!3m2!3d-22.8485682!4d-43.2614514!6e2!2e0!3m8!1m3!1d7009!2d-43.2532864!3d-22.8490785!3m2!1i1440!2i732!4f13.1&amp;fid=0<\/a><\/p>\n<p><a href=\"https:\/\/webvasco.com\/artigos\/wp-content\/uploads\/2013\/08\/i-encontro-de-colecionadores-de-camisas-do-vasco-mapa.jpg\"><img loading=\"lazy\" decoding=\"async\" class=\"aligncenter size-medium wp-image-500\" alt=\"i-encontro-de-colecionadores-de-camisas-do-vasco-mapa\" src=\"https:\/\/webvasco.com\/artigos\/wp-content\/uploads\/2013\/08\/i-encontro-de-colecionadores-de-camisas-do-vasco-mapa-300x196.jpg\" width=\"300\" height=\"196\" srcset=\"https:\/\/webvasco.com\/artigos\/wp-content\/uploads\/2013\/08\/i-encontro-de-colecionadores-de-camisas-do-vasco-mapa-300x196.jpg 300w, https:\/\/webvasco.com\/artigos\/wp-content\/uploads\/2013\/08\/i-encontro-de-colecionadores-de-camisas-do-vasco-mapa-150x98.jpg 150w, https:\/\/webvasco.com\/artigos\/wp-content\/uploads\/2013\/08\/i-encontro-de-colecionadores-de-camisas-do-vasco-mapa-1024x669.jpg 1024w, https:\/\/webvasco.com\/artigos\/wp-content\/uploads\/2013\/08\/i-encontro-de-colecionadores-de-camisas-do-vasco-mapa.jpg 1028w\" sizes=\"auto, (max-width: 300px) 100vw, 300px\" \/><\/a><\/p>\n<p style=\"text-align: center;\"><strong><em>(clique na imagem para ampliar)<\/em><\/strong><\/p>\n<p>As coordenadas GPS s\u00e3o:\u00a0-22,848738, -43,261382<\/p>\n<p>O link do evento no Facebook \u00e9:\u00a0<a href=\"https:\/\/www.facebook.com\/events\/149338498602139\/permalink\/150077781861544\/?comment_id=150078678528121&amp;offset=0&amp;total_comments=2&amp;notif_t=plan_mall_activity\">https:\/\/www.facebook.com\/events\/149338498602139\/permalink\/150077781861544\/?comment_id=150078678528121&amp;offset=0&amp;total_comments=2&amp;notif_t=plan_mall_activity<\/a><\/p>\n<p>Para facilitar a localiza\u00e7\u00e3o, segue a foto da<strong>\u00a0frente do Bar da Portuguesa<\/strong>:<\/p>\n<p><a href=\"https:\/\/webvasco.com\/artigos\/wp-content\/uploads\/2013\/08\/i-encontro-de-colecionadores-de-camisas-do-vasco-foto.jpg\"><img loading=\"lazy\" decoding=\"async\" class=\"aligncenter size-medium wp-image-499\" alt=\"i-encontro-de-colecionadores-de-camisas-do-vasco-foto]\" src=\"https:\/\/webvasco.com\/artigos\/wp-content\/uploads\/2013\/08\/i-encontro-de-colecionadores-de-camisas-do-vasco-foto-300x147.jpg\" width=\"300\" height=\"147\" srcset=\"https:\/\/webvasco.com\/artigos\/wp-content\/uploads\/2013\/08\/i-encontro-de-colecionadores-de-camisas-do-vasco-foto-300x147.jpg 300w, https:\/\/webvasco.com\/artigos\/wp-content\/uploads\/2013\/08\/i-encontro-de-colecionadores-de-camisas-do-vasco-foto-150x73.jpg 150w, https:\/\/webvasco.com\/artigos\/wp-content\/uploads\/2013\/08\/i-encontro-de-colecionadores-de-camisas-do-vasco-foto.jpg 950w\" sizes=\"auto, (max-width: 300px) 100vw, 300px\" \/><\/a><\/p>\n<p style=\"text-align: center;\"><strong><em>(clique na imagem para ampliar)<\/em><\/strong><\/p>\n<p>\u00a0Sauda\u00e7\u00f5es Vasca\u00ednas,<\/p>\n<p>Andr\u00e9 Pedro<\/p>\n","protected":false},"excerpt":{"rendered":"<p>Amigos Vasca\u00ednos, \u00c9 com imensa satisfa\u00e7\u00e3o que ficamos sabendo da realiza\u00e7\u00e3o do 1\u00ba Encontro de&#8230;<\/p>\n","protected":false},"author":5,"featured_media":59,"comment_status":"open","ping_status":"closed","sticky":false,"template":"","format":"standard","meta":{"footnotes":""},"categories":[2],"tags":[],"class_list":["post-497","post","type-post","status-publish","format-standard","has-post-thumbnail","hentry","category-andrepedro"],"_links":{"self":[{"href":"https:\/\/webvasco.com\/artigos\/wp-json\/wp\/v2\/posts\/497","targetHints":{"allow":["GET"]}}],"collection":[{"href":"https:\/\/webvasco.com\/artigos\/wp-json\/wp\/v2\/posts"}],"about":[{"href":"https:\/\/webvasco.com\/artigos\/wp-json\/wp\/v2\/types\/post"}],"author":[{"embeddable":true,"href":"https:\/\/webvasco.com\/artigos\/wp-json\/wp\/v2\/users\/5"}],"replies":[{"embeddable":true,"href":"https:\/\/webvasco.com\/artigos\/wp-json\/wp\/v2\/comments?post=497"}],"version-history":[{"count":7,"href":"https:\/\/webvasco.com\/artigos\/wp-json\/wp\/v2\/posts\/497\/revisions"}],"predecessor-version":[{"id":503,"href":"https:\/\/webvasco.com\/artigos\/wp-json\/wp\/v2\/posts\/497\/revisions\/503"}],"wp:featuredmedia":[{"embeddable":true,"href":"https:\/\/webvasco.com\/artigos\/wp-json\/wp\/v2\/media\/59"}],"wp:attachment":[{"href":"https:\/\/webvasco.com\/artigos\/wp-json\/wp\/v2\/media?parent=497"}],"wp:term":[{"taxonomy":"category","embeddable":true,"href":"https:\/\/webvasco.com\/artigos\/wp-json\/wp\/v2\/categories?post=497"},{"taxonomy":"post_tag","embeddable":true,"href":"https:\/\/webvasco.com\/artigos\/wp-json\/wp\/v2\/tags?post=497"}],"curies":[{"name":"wp","href":"https:\/\/api.w.org\/{rel}","templated":true}]}}