{"id":4993,"date":"2015-09-22T00:48:41","date_gmt":"2015-09-22T03:48:41","guid":{"rendered":"http:\/\/webvasco.com\/artigos\/?p=4993"},"modified":"2015-09-22T00:49:12","modified_gmt":"2015-09-22T03:49:12","slug":"vestiu-preto-e-vermelho-certo-ganhar","status":"publish","type":"post","link":"https:\/\/webvasco.com\/artigos\/colunistas\/luizcarlosrocha\/vestiu-preto-e-vermelho-certo-ganhar\/","title":{"rendered":"VESTIU PRETO E VERMELHO &Eacute; CERTO GANHAR!"},"content":{"rendered":"<div>\n<div style=\"color:#000; background-color:#fff; font-family:HelveticaNeue-Light, Helvetica Neue Light, Helvetica Neue, Helvetica, Arial, Lucida Grande, sans-serif;font-size:32px\">\n<div class=\"\" style=\"text-align:justify;text-indent:35.4pt;tab-stops:111.0pt\" id=\"yui_3_16_0_1_1442892132653_3058\"><span style=\"font-size:12.0pt;line-height:115%;font-family:&quot;Arial&quot;,&quot;sans-serif&quot;\" id=\"yui_3_16_0_1_1442892132653_3060\" class=\"\">N\u00e3o  importa de qual Estado \u00e9, se vestir preto e vermelho \u00e9 saco! Ontem, o Vasco da  Gama bateu o Sport, no Maracan\u00e3, por 2 a 1, com gols de Nen\u00ea e Rafael Vaz (com  \u00c9lber descontando), em um clima de Eu Escolhi Acreditar! Com o resultado, o  Cruzmaltino subiu uma posi\u00e7\u00e3o na tabela de Classifica\u00e7\u00e3o, ocupando agora a 19\u00aa  na competi\u00e7\u00e3o. <o:p id=\"yui_3_16_0_1_1442892132653_3062\" class=\"\"><\/o:p><\/span><\/div>\n<div class=\"\" style=\"text-align:justify;text-indent:35.4pt;tab-stops:111.0pt\" id=\"yui_3_16_0_1_1442892132653_3064\"><span style=\"font-size:12.0pt;line-height:115%;font-family:&quot;Arial&quot;,&quot;sans-serif&quot;\" id=\"yui_3_16_0_1_1442892132653_3066\" class=\"\">A  27\u00aa Rodada do Campeonato Brasileiro tamb\u00e9m teve mais um ponto positivo. A  equipe ganhou confian\u00e7a na esperan\u00e7a de permanecer na S\u00e9rie A, em 2016. &nbsp;A moral foi tanta que ao final da partida a  torcida cantarolava: \u201c\u00d4 Urubu, pode esperar, a sua hora vai chegar\u201d, em alus\u00e3o  ao fim de semana.<o:p id=\"yui_3_16_0_1_1442892132653_3068\" class=\"\"><\/o:p><\/span><\/div>\n<div class=\"\" style=\"text-align:justify;text-indent:35.4pt;tab-stops:111.0pt\" id=\"yui_3_16_0_1_1442892132653_3070\"><span style=\"font-size:12.0pt;line-height:115%;font-family:&quot;Arial&quot;,&quot;sans-serif&quot;\" id=\"yui_3_16_0_1_1442892132653_3072\" class=\"\">Agora  o Gigante da Colina soma 23 pontos ganhos. Faltam 13 para a perman\u00eancia na  Elite do Futebol. Dos 11 jogos restantes (33 pontos em quest\u00e3o), o Vasco  precisa vencer 7 e empatar 2. Ser\u00e1 dif\u00edcil, mas n\u00e3o imposs\u00edvel.<o:p id=\"yui_3_16_0_1_1442892132653_3074\" class=\"\"><\/o:p><\/span><\/div>\n<div class=\"\" style=\"text-align:justify;text-indent:35.4pt;tab-stops:111.0pt\" id=\"yui_3_16_0_1_1442892132653_3076\"><span style=\"font-size:12.0pt;line-height:115%;font-family:&quot;Arial&quot;,&quot;sans-serif&quot;\" id=\"yui_3_16_0_1_1442892132653_3078\" class=\"\">Visto  por este prisma, o pr\u00f3ximo desafio no Brasileir\u00e3o ser\u00e1 domingo, no Palco Maior,  diante dos Exclu\u00eddos, \u00e0s 16h. Sendo certa a soma de mais tr\u00eas pontos, pois  ganhamos todas as disputas contra o Molambo este ano. Nada demais, apenas o que  tem de ser: o bem vencendo o mal!<o:p id=\"yui_3_16_0_1_1442892132653_3080\" class=\"\"><\/o:p><\/span><\/div>\n<div class=\"\" style=\"text-align:justify;text-indent:35.4pt;tab-stops:111.0pt\" id=\"yui_3_16_0_1_1442892132653_3082\"><span style=\"font-size:12.0pt;line-height:115%;font-family:&quot;Arial&quot;,&quot;sans-serif&quot;\" id=\"yui_3_16_0_1_1442892132653_3084\" class=\"\">Por\u00e9m,  no meio da semana, na quarta-feira, dia 23, \u00e0s 22h, o Vasco ir\u00e1 at\u00e9 o Est\u00e1dio  do Morumbi, visitar o S\u00e3o Paulo, em partida de ida, das quartas de final, pela  Copa do Brasil. Um empate seria um bom resultado. Melhor ainda uma vit\u00f3ria. <o:p id=\"yui_3_16_0_1_1442892132653_3086\" class=\"\"><\/o:p><\/span><\/div>\n<div class=\"\" style=\"text-align:justify;text-indent:35.4pt;tab-stops:111.0pt\" id=\"yui_3_16_0_1_1442892132653_3088\"><span style=\"font-size:12.0pt;line-height:115%;font-family:&quot;Arial&quot;,&quot;sans-serif&quot;\" id=\"yui_3_16_0_1_1442892132653_3090\" class=\"\"><o:p id=\"yui_3_16_0_1_1442892132653_3092\" class=\"\">&nbsp;<\/o:p><\/span><\/div>\n<div class=\"\" style=\"text-align:justify;text-indent:35.4pt;tab-stops:111.0pt\" id=\"yui_3_16_0_1_1442892132653_3094\"><span style=\"font-size:12.0pt;line-height:115%;font-family:&quot;Arial&quot;,&quot;sans-serif&quot;\" id=\"yui_3_16_0_1_1442892132653_3096\" class=\"\"><o:p id=\"yui_3_16_0_1_1442892132653_3098\" class=\"\">&nbsp;<\/o:p><\/span><\/div>\n<div class=\"\" style=\"text-align:justify;text-indent:35.4pt;tab-stops:111.0pt\" id=\"yui_3_16_0_1_1442892132653_3100\"><b id=\"yui_3_16_0_1_1442892132653_3102\" class=\"\"><u id=\"yui_3_16_0_1_1442892132653_3104\" class=\"\"><span style=\"font-size:20.0pt;line-height:115%;font-family:&quot;Arial&quot;,&quot;sans-serif&quot;\" id=\"yui_3_16_0_1_1442892132653_3106\" class=\"\">DIVULGUEM ESSA COVARDIA:<\/span><\/u><\/b><span style=\"font-size:16.0pt;line-height:115%;font-family:&quot;Arial&quot;,&quot;sans-serif&quot;\" id=\"yui_3_16_0_1_1442892132653_3108\" class=\"\"> GOSTARIA  DE PEDIR A TODOS OS MEUS AMIGOS E LEITORES QUE TIRASSE UM TEMPINHO PARA LER A  PETI\u00c7\u00c3O P\u00daBLICA, AO QUAL SEGUE ABAIXO O LINK. TAL DOCUMENTO REFERE-SE A <b id=\"yui_3_16_0_1_1442892132653_3110\" class=\"\"><u id=\"yui_3_16_0_1_1442892132653_3112\" class=\"\">UM ATO DE COVARDIA POR PARTE DA  VOLKSWAGEN DO BRASIL EM COAUTORIA DA ABOLI\u00c7\u00c3O VE\u00cdCULOS (GRUPO AB)<\/u><\/b>  CONTRA ESTE VELHO JORNALISTA. A REFERIDA CONCESSION\u00c1RIA EST\u00c1 ME LESANDO DESDE  FEVEREIRO DE 2013. MEU CARRO FOI BATIDO DENTRO DA OFICINA, FURTARAM ACESS\u00d3RIOS,  TEM PROBLEMAS CAUSADOS POR ELES, AL\u00c9M DE DEFEITOS DE FABRICA\u00c7\u00c3O. O CARRO 0 KM  COMPRADO POR MIM HOJE SE ENCONTRA NA OFICINA DA ABOLI\u00c7\u00c3O VE\u00cdCULOS (CENTRO DE  NITER\u00d3I) <b id=\"yui_3_16_0_1_1442892132653_3114\" class=\"\"><u id=\"yui_3_16_0_1_1442892132653_3116\" class=\"\">DESDE 10 DE JUNHO DE 2013<\/u><\/b>,  OU SEJA, H\u00c1 <b id=\"yui_3_16_0_1_1442892132653_3118\" class=\"\"><u id=\"yui_3_16_0_1_1442892132653_3120\" class=\"\">27 MESES, OU SEJA, 2 ANOS  E TR\u00caS MESES.<\/u><\/b> <b id=\"yui_3_16_0_1_1442892132653_3122\" class=\"\"><u id=\"yui_3_16_0_1_1442892132653_3124\" class=\"\">TEM APENAS 729  KM RODADOS<\/u><\/b> PARA COMPROVAR O CALV\u00c1RIO TENHO DOCUMENTOS, GRAVA\u00c7\u00d5ES DE  AUDIO E V\u00cdDEO, MAIS DE 600 FOTOGRAFIAS E E-MAILS TROCADOS COM FUNCION\u00c1RIOS DO  BAIXO, M\u00c9DIO E ALTO ESCAL\u00c3O DA EMPRESA. POR FAVOR, ASSINEM O DOCUMENTO PARA QUE  OUTROS CONSUMIDORES N\u00c3O SEJAM LESADOS POR EMPRESAS DESTE N\u00cdVEL.&nbsp; <\/span><a href=\"https:\/\/secure.avaaz.org\/po\/petition\/Aos_Orgaos_de_Defesa_do_Consumidor_e_ao_Poder_Judiciario_JUSTICA_CONTRA_UMA_MARCA_E_SUA_REVENDERORA_QUE_DESCUMPREM_A_LEI\/?lJEcNfb&amp;pv=0\" id=\"yui_3_16_0_1_1442892132653_3126\" class=\"\"><span style=\"font-size:16.0pt;line-height:115%;font-family:&quot;Arial&quot;,&quot;sans-serif&quot;\" id=\"yui_3_16_0_1_1442892132653_3128\" class=\"\"><a href=\"https:\/\/secure.avaaz.org\/po\/petition\/Aos_Orgaos_de_Defesa_do_Consumidor_e_ao_Poder_Judiciario_JUSTICA_CONTRA_UMA_MARCA_E_SUA_REVENDERORA_QUE_DESCUMPREM_A_LEI\/?lJEcNfb&amp;pv=0\" >https:\/\/secure.avaaz.org\/po\/petition\/Aos_Orgaos_de_Defesa_do_Consumidor_e_ao_Poder_Judiciario_JUSTICA_CONTRA_UMA_MARCA_E_SUA_REVENDERORA_QUE_DESCUMPREM_A_LEI\/?lJEcNfb&amp;pv=0<\/a><\/span><\/a><span style=\"font-size:16.0pt;line-height:115%;font-family:&quot;Arial&quot;,&quot;sans-serif&quot;\" id=\"yui_3_16_0_1_1442892132653_3130\" class=\"\"><o:p id=\"yui_3_16_0_1_1442892132653_3132\" class=\"\"><\/o:p><\/span><\/div>\n<div class=\"\" style=\"text-align:justify;tab-stops:111.0pt\" id=\"yui_3_16_0_1_1442892132653_3134\"><span style=\"font-size:16.0pt;line-height:115%;font-family:&quot;Arial&quot;,&quot;sans-serif&quot;\" id=\"yui_3_16_0_1_1442892132653_3136\" class=\"\"><o:p id=\"yui_3_16_0_1_1442892132653_3138\" class=\"\">&nbsp;<\/o:p><\/span><\/div>\n<div class=\"\" style=\"text-align:justify;tab-stops:111.0pt\" id=\"yui_3_16_0_1_1442892132653_3140\"><b id=\"yui_3_16_0_1_1442892132653_3142\" class=\"\"><span style=\"font-size:16.0pt;line-height:115%;font-family:&quot;Arial&quot;,&quot;sans-serif&quot;\" id=\"yui_3_16_0_1_1442892132653_3144\" class=\"\">&nbsp;&nbsp;&nbsp;&nbsp;&nbsp;&nbsp;&nbsp;&nbsp;&nbsp;&nbsp;&nbsp;&nbsp;&nbsp;&nbsp;&nbsp;&nbsp;&nbsp;&nbsp;&nbsp;&nbsp;&nbsp;&nbsp;&nbsp;&nbsp; &nbsp;&nbsp;&nbsp;&nbsp;&nbsp;&nbsp; <o:p id=\"yui_3_16_0_1_1442892132653_3146\" class=\"\"><\/o:p><\/span><\/b><\/div>\n<div id=\"yui_3_16_0_1_1442892132653_2959\">                                        <\/div>\n<div class=\"\" style=\"text-align:justify\" id=\"yui_3_16_0_1_1442892132653_3056\" dir=\"ltr\"><b id=\"yui_3_16_0_1_1442892132653_3055\" class=\"\"><span style=\"font-size:14.0pt;line-height:115%;font-family:&quot;Arial&quot;,&quot;sans-serif&quot;\" id=\"yui_3_16_0_1_1442892132653_3054\" class=\"\">AP\u00d3S  AS TODAS AS PARTIDAS DO VASC\u00c3O EM MEU PERFIL DO FACEBOOK (QUEM QUISER RECEBER  AS CR\u00d4NICAS DE PRIMEIRA M\u00c3O \u00c9 S\u00d3 ME ADICIONAR), E NOS SITES WEBVASCO  (www.webvasco.com), E VASCA\u00cdNOS UNIDOS (www.vascainosunidos.com.br) TEM A  OPINI\u00c3O DO JORNALISTA LUIZ CARLOS ROCHA. LEIAM! COMPARTILHEM E CURTAM!  VASCA\u00cdNOS UNIDOS JAMAIS SER\u00c3O VENCIDOS.<o:p id=\"yui_3_16_0_1_1442892132653_3151\" class=\"\"><\/o:p><\/span><\/b><\/div>\n<div id=\"yui_3_16_0_1_1442892132653_2959\"><span><br \/><\/span><\/div>\n<div><\/div>\n<div id=\"yui_3_16_0_1_1442892132653_2915\">&nbsp;<\/div>\n<div class=\"signature\" id=\"yui_3_16_0_1_1442892132653_2922\">\n<div id=\"RTEContent\">\n<div id=\"yui_3_16_0_1_1442892132653_2921\">\n<div id=\"yui_3_16_0_1_1442892132653_2920\">\n<div id=\"yui_3_16_0_1_1442892132653_2919\">\n<div align=\"center\" id=\"yui_3_16_0_1_1442892132653_2918\"><\/div>\n<div align=\"center\" id=\"yui_3_16_0_1_1442892132653_2935\">\n<div align=\"center\" id=\"yui_3_16_0_1_1442892132653_3023\">&nbsp;<\/div>\n<div align=\"center\" id=\"yui_3_16_0_1_1442892132653_3022\">&nbsp;<\/div>\n<\/div>\n<div align=\"center\" id=\"yui_3_16_0_1_1442892132653_2983\"><\/div>\n<\/div>\n<\/div>\n<\/div>\n<\/div>\n<\/div>\n<\/div>\n<\/div>\n<p><\/p>\n","protected":false},"excerpt":{"rendered":"<p>N\u00e3o importa de qual Estado \u00e9, se vestir preto e vermelho \u00e9 saco! Ontem, o&#8230;<\/p>\n","protected":false},"author":7,"featured_media":0,"comment_status":"open","ping_status":"closed","sticky":false,"template":"","format":"standard","meta":{"footnotes":""},"categories":[4],"tags":[],"class_list":["post-4993","post","type-post","status-publish","format-standard","hentry","category-luizcarlosrocha"],"_links":{"self":[{"href":"https:\/\/webvasco.com\/artigos\/wp-json\/wp\/v2\/posts\/4993","targetHints":{"allow":["GET"]}}],"collection":[{"href":"https:\/\/webvasco.com\/artigos\/wp-json\/wp\/v2\/posts"}],"about":[{"href":"https:\/\/webvasco.com\/artigos\/wp-json\/wp\/v2\/types\/post"}],"author":[{"embeddable":true,"href":"https:\/\/webvasco.com\/artigos\/wp-json\/wp\/v2\/users\/7"}],"replies":[{"embeddable":true,"href":"https:\/\/webvasco.com\/artigos\/wp-json\/wp\/v2\/comments?post=4993"}],"version-history":[{"count":0,"href":"https:\/\/webvasco.com\/artigos\/wp-json\/wp\/v2\/posts\/4993\/revisions"}],"wp:attachment":[{"href":"https:\/\/webvasco.com\/artigos\/wp-json\/wp\/v2\/media?parent=4993"}],"wp:term":[{"taxonomy":"category","embeddable":true,"href":"https:\/\/webvasco.com\/artigos\/wp-json\/wp\/v2\/categories?post=4993"},{"taxonomy":"post_tag","embeddable":true,"href":"https:\/\/webvasco.com\/artigos\/wp-json\/wp\/v2\/tags?post=4993"}],"curies":[{"name":"wp","href":"https:\/\/api.w.org\/{rel}","templated":true}]}}