{"id":510,"date":"2013-08-04T22:42:39","date_gmt":"2013-08-05T01:42:39","guid":{"rendered":"http:\/\/webvasco.com\/artigos\/?p=510"},"modified":"2013-08-04T22:52:27","modified_gmt":"2013-08-05T01:52:27","slug":"o-pedigree-fez-a-diferena","status":"publish","type":"post","link":"https:\/\/webvasco.com\/artigos\/colunistas\/luizcarlosrocha\/o-pedigree-fez-a-diferena\/","title":{"rendered":"O PEDIGREE FEZ A DIFEREN&Ccedil;A!"},"content":{"rendered":"<div>\n<div style=\"color:#000; background-color:#fff; font-family:bookman old style, new york, times, serif;font-size:12pt\">\n<div>&nbsp;<\/div>\n<p><span><\/p>\n<div>&nbsp;<\/div>\n<div>&nbsp;<\/div>\n<div><font face=\"Times New Roman\">  <\/font><\/div>\n<div class=\"MsoNormal\" style=\"margin: 0cm 0cm 10pt; text-align: justify;\"><span style='line-height: 115%; font-family: \"Arial\",\"sans-serif\"; font-size: 14pt;'><span style=\"mso-spacerun: yes;\">&nbsp;&nbsp;&nbsp;&nbsp;&nbsp;&nbsp;&nbsp;&nbsp;<var id=\"yui-ie-cursor\"><\/var>&nbsp;<\/span>No Cl\u00e1ssico que marcou a 11\u00aa Rodada do Campeonato Brasileiro, a Cachorrada levou a melhor.<span style=\"mso-spacerun: yes;\">&nbsp; <\/span>Rafael Marques, magrinho e \u00e1gil como um c\u00e3o galgo afeg\u00e3o marcou duas vezes e o pastor belga, digo Clarence Seedorf completou para os alvinegros. Andr\u00e9 descontou duas vezes para os vasca\u00ednos. Com o resultado o Gigante caiu para 10\u00ba colocado na tabela de classifica\u00e7\u00e3o (14 pontos). <o:p><\/o:p><\/span><\/div>\n<div><font face=\"Times New Roman\">  <\/font><\/div>\n<div class=\"MsoNormal\" style=\"margin: 0cm 0cm 10pt; text-align: justify;\"><span style='line-height: 115%; font-family: \"Arial\",\"sans-serif\"; font-size: 14pt;'><span style=\"mso-tab-count: 1;\">&nbsp;&nbsp;&nbsp;&nbsp;&nbsp;&nbsp;&nbsp;&nbsp; <\/span>Quinta-feira, dia 8 de agosto, o Vasco receber\u00e1 a Ponte Preta em casa e muita coisa precisa mudar. Isto, porque, dos \u00faltimos 6 pontos disputados na competi\u00e7\u00e3o, conseguimos conquistar apenas um! P\u00e9ssimo \u00edndice para uma equipe que pensa em encerrar o ano no topo do Brasileir\u00e3o.<o:p><\/o:p><\/span><\/div>\n<div><font face=\"Times New Roman\">  <\/font><\/div>\n<div class=\"MsoNormal\" style=\"margin: 0cm 0cm 10pt; text-align: justify;\"><span style='line-height: 115%; font-family: \"Arial\",\"sans-serif\"; font-size: 14pt;'><span style=\"mso-tab-count: 1;\">&nbsp;&nbsp;&nbsp;&nbsp;&nbsp;&nbsp;&nbsp;&nbsp; <\/span>A grande decep\u00e7\u00e3o ficou por conta do volante Gui\u00f1azu, que \u00e9 considerado por muitos \u00f3timo jogador. Valente, \u00e1gil e determinado. Tanto que lhe rendeu o pseud\u00f4nimo de Pit Bull. Pode at\u00e9 ser, mas hoje mostrou um futebolzinho de Poodle. Tanta espera para estreia e nada! <o:p><\/o:p><\/span><\/div>\n<div><font face=\"Times New Roman\">  <\/font><\/div>\n<div class=\"MsoNormal\" style=\"margin: 0cm 0cm 10pt; text-align: justify;\"><span style='line-height: 115%; font-family: \"Arial\",\"sans-serif\"; font-size: 14pt;'><span style=\"mso-tab-count: 1;\">&nbsp;&nbsp;&nbsp;&nbsp;&nbsp;&nbsp;&nbsp;&nbsp; <\/span>O vira-latas Roberto Dinamite precisa arrumar o setor defensivo do time, que mais parece um canil de quinta categoria.<span style=\"mso-spacerun: yes;\">&nbsp; <\/span>Sem citar o goleiro Diogo Silva, que tem uma marra e pose de um dobermann, mas talento e disposi\u00e7\u00e3o de um pinscher. O Gigante precisa urgente de um arqueiro \u00e0 altura de suas tradi\u00e7\u00f5es.<o:p><\/o:p><\/span><\/div>\n<div><font face=\"Times New Roman\">  <\/font><\/div>\n<div class=\"MsoNormal\" style=\"margin: 0cm 0cm 10pt; text-align: justify;\"><span style='line-height: 115%; font-family: \"Arial\",\"sans-serif\"; font-size: 14pt;'><span style=\"mso-tab-count: 1;\">&nbsp;&nbsp;&nbsp;&nbsp;&nbsp;&nbsp;&nbsp;&nbsp; <\/span>Fato muito curioso foi ver o c\u00e3ozinho de madame \u2013 aquele que s\u00f3 serve para enfeite \u2013 Chihuahua, quer dizer \u00c9der Lu\u00eds formar dupla na frente com Andr\u00e9. O pior foi quando o adestrador de c\u00e3es de pel\u00facia Dorival J\u00fanior sacou o Chico Bento e colocou em seu lugar Robinho. \u00c9 sacanagem! Tendo no banco de reservas um rottweiler. Carlos Ten\u00f3rio era a melhor op\u00e7\u00e3o ofensiva. At\u00e9, porque naquele momento a \u00fanica solu\u00e7\u00e3o era o ataque.<o:p><\/o:p><\/span><\/div>\n<div><font face=\"Times New Roman\">  <\/font><\/div>\n<div class=\"MsoNormal\" style=\"margin: 0cm 0cm 10pt; text-align: justify;\"><span style='line-height: 115%; font-family: \"Arial\",\"sans-serif\"; font-size: 14pt;'><span style=\"mso-tab-count: 1;\">&nbsp;&nbsp;&nbsp;&nbsp;&nbsp;&nbsp;&nbsp;&nbsp; <\/span>Deu saudades do Animal. Edmundo era o c\u00e3o chupando manga, no que diz respeito a ra\u00e7a e faro de gol. Agora \u00e9 levantar a cabe\u00e7a e acertar para vencer \u00e0 Ponte em S\u00e3o Janu\u00e1rio. N\u00e3o d\u00e1 para se lamentar. A ra\u00e7\u00e3o da Cachorrada era premium. Os c\u00e3es de guarda de Oswaldo de Oliveira foram mais eficientes. Parab\u00e9ns Biriba! At\u00e9 S\u00e3o Francisco de Assis se rendeu a superioridade do Botafogo.<o:p><\/o:p><\/span><\/div>\n<div><font face=\"Times New Roman\">  <\/font><\/div>\n<div class=\"MsoNormal\" style=\"margin: 0cm 0cm 10pt; text-align: justify;\"><span style='line-height: 115%; font-family: \"Arial\",\"sans-serif\"; font-size: 14pt;'><o:p>&nbsp;<\/o:p><\/span><\/div>\n<div><font face=\"Times New Roman\">  <\/font><\/div>\n<div class=\"MsoNormal\" style=\"margin: 0cm 0cm 10pt; text-align: justify;\"><span style='line-height: 115%; font-family: \"Arial\",\"sans-serif\"; font-size: 14pt;'><o:p>&nbsp;<\/o:p><\/span><\/div>\n<div><font face=\"Times New Roman\">  <\/font><\/div>\n<div class=\"MsoNormal\" style=\"margin: 0cm 0cm 10pt; text-align: justify;\"><b style=\"mso-bidi-font-weight: normal;\"><span style='line-height: 115%; font-family: \"Arial\",\"sans-serif\"; font-size: 14pt;'>AP\u00d3S AS TODAS AS PARTIDAS DO VASC\u00c3O EM MEU PERFIL DO FACEBOOK (QUEM QUISER RECEBER AS CR\u00d4NICAS DE PRIMEIRA M\u00c3O \u00c9 S\u00d3 ME ADICIONAR), E NOS SITES WEBVASCO (www.webvasco.com), E VASCA\u00cdNOS UNIDOS (www.vascainosunidos.com.br) TEM A OPINI\u00c3O DO JORNALISTA LUIZ CARLOS ROCHA. LEIAM! COMPARTILHEM E CURTAM! VASCA\u00cdNOS UNIDOS JAMAIS SER\u00c3O VENCIDOS.<o:p><\/o:p><\/span><\/b><\/div>\n<div><font face=\"Times New Roman\">  <\/font><\/div>\n<p><\/span><\/p>\n<div>&nbsp;<\/div>\n<div><span><\/span>&nbsp;<\/div>\n<div><span><\/span>&nbsp;<\/div>\n<div><\/div>\n<div>&nbsp;<\/div>\n<div id=\"RTEContent\">\n<div>\n<div>\n<div>\n<div align=\"center\"><b><font color=\"#ff0000\" face=\"bookman old style, new york, times, serif\" size=\"5\"><\/font><\/b>&nbsp;<\/div>\n<div align=\"center\"><font face=\"Verdana\" size=\"5\"><b><\/b><\/font>&nbsp;<\/div>\n<\/div>\n<\/div>\n<\/div>\n<\/div>\n<\/div>\n<\/div>\n<p><\/p>\n","protected":false},"excerpt":{"rendered":"<p>&nbsp; &nbsp; &nbsp; &nbsp;&nbsp;&nbsp;&nbsp;&nbsp;&nbsp;&nbsp;&nbsp;&nbsp;No Cl\u00e1ssico que marcou a 11\u00aa Rodada do Campeonato Brasileiro, a Cachorrada&#8230;<\/p>\n","protected":false},"author":7,"featured_media":58,"comment_status":"open","ping_status":"closed","sticky":false,"template":"","format":"standard","meta":{"footnotes":""},"categories":[4],"tags":[],"class_list":["post-510","post","type-post","status-publish","format-standard","has-post-thumbnail","hentry","category-luizcarlosrocha"],"_links":{"self":[{"href":"https:\/\/webvasco.com\/artigos\/wp-json\/wp\/v2\/posts\/510","targetHints":{"allow":["GET"]}}],"collection":[{"href":"https:\/\/webvasco.com\/artigos\/wp-json\/wp\/v2\/posts"}],"about":[{"href":"https:\/\/webvasco.com\/artigos\/wp-json\/wp\/v2\/types\/post"}],"author":[{"embeddable":true,"href":"https:\/\/webvasco.com\/artigos\/wp-json\/wp\/v2\/users\/7"}],"replies":[{"embeddable":true,"href":"https:\/\/webvasco.com\/artigos\/wp-json\/wp\/v2\/comments?post=510"}],"version-history":[{"count":0,"href":"https:\/\/webvasco.com\/artigos\/wp-json\/wp\/v2\/posts\/510\/revisions"}],"wp:featuredmedia":[{"embeddable":true,"href":"https:\/\/webvasco.com\/artigos\/wp-json\/wp\/v2\/media\/58"}],"wp:attachment":[{"href":"https:\/\/webvasco.com\/artigos\/wp-json\/wp\/v2\/media?parent=510"}],"wp:term":[{"taxonomy":"category","embeddable":true,"href":"https:\/\/webvasco.com\/artigos\/wp-json\/wp\/v2\/categories?post=510"},{"taxonomy":"post_tag","embeddable":true,"href":"https:\/\/webvasco.com\/artigos\/wp-json\/wp\/v2\/tags?post=510"}],"curies":[{"name":"wp","href":"https:\/\/api.w.org\/{rel}","templated":true}]}}