{"id":511,"date":"2013-08-09T02:18:47","date_gmt":"2013-08-09T05:18:47","guid":{"rendered":"http:\/\/webvasco.com\/artigos\/?p=511"},"modified":"2013-08-09T02:20:04","modified_gmt":"2013-08-09T05:20:04","slug":"vai-para-a-ponte-que-partiu","status":"publish","type":"post","link":"https:\/\/webvasco.com\/artigos\/colunistas\/luizcarlosrocha\/vai-para-a-ponte-que-partiu\/","title":{"rendered":"VAI PARA A PONTE QUE PARTIU!"},"content":{"rendered":"<div>\n<div style=\"color:#000; background-color:#fff; font-family:bookman old style, new york, times, serif;font-size:12pt\">\n<div><\/div>\n<p><span><\/p>\n<div><font face=\"Times New Roman\">  <\/font><\/div>\n<div class=\"MsoNormal\" style=\"margin: 0cm 0cm 10pt; text-align: justify;\"><span style='line-height: 115%; font-family: \"Arial\",\"sans-serif\"; font-size: 14pt;'>&nbsp;&nbsp;&nbsp;&nbsp;&nbsp;&nbsp;&nbsp;&nbsp;&nbsp; <var id=\"yui-ie-cursor\"><\/var>Certamente o torcedor vasca\u00edno deve estar mandando para a ponte que partiu boa parte do time do Vasco que empatou essa Noite com a fraqu\u00edssima equipe da Ponte Preta, em S\u00e3o Janu\u00e1rio. Andr\u00e9 marcou pelos cruzmaltinos e Willaim descontou.<o:p><\/o:p><\/span><\/div>\n<div><font face=\"Times New Roman\">  <\/font><\/div>\n<div class=\"MsoNormal\" style=\"margin: 0cm 0cm 10pt; text-align: justify;\"><span style='line-height: 115%; font-family: \"Arial\",\"sans-serif\"; font-size: 14pt;'><span style=\"mso-tab-count: 1;\">&nbsp;&nbsp;&nbsp;&nbsp;&nbsp;&nbsp;&nbsp;&nbsp; <\/span>Na partida em que marcou a 12\u00aa Rodada do Campeonato Brasileiro a sorte \u2013 literalmente \u2013 estava com a Macaca. At\u00e9 Juninho que n\u00e3o \u00e9 de perder falta, que dir\u00e1 p\u00eanalti, cobrou errado a penalidade m\u00e1xima. O problema \u00e9 que com o resultado o Gigante da Colina somou apenas um ponto em casa (n\u00e3o vence h\u00e1 tr\u00eas rodadas) e ocupa a 11\u00aa coloca\u00e7\u00e3o na tabela de classifica\u00e7\u00e3o com p\u00edfios 15 pontos, em 36 disputados.<o:p><\/o:p><\/span><\/div>\n<div><font face=\"Times New Roman\">  <\/font><\/div>\n<div class=\"MsoNormal\" style=\"margin: 0cm 0cm 10pt; text-align: justify;\"><span style='line-height: 115%; font-family: \"Arial\",\"sans-serif\"; font-size: 14pt;'><span style=\"mso-tab-count: 1;\">&nbsp;&nbsp;&nbsp;&nbsp;&nbsp;&nbsp;&nbsp;&nbsp; <\/span>\u00c9 uma situa\u00e7\u00e3o muito preocupante! T\u00edtulo? S\u00f3 para aqueles que acreditam em Papai Noel. Libertadores em 2014? Precisa melhorar consideravelmente para isso. Mas tamb\u00e9m n\u00e3o poderemos pensar em flertar durante toda a competi\u00e7\u00e3o com a Zona de Rebaixamento e s\u00f3 nos livrarmos dela \u2013 se nos livrarmos \u2013 em dezembro!<o:p><\/o:p><\/span><\/div>\n<div><font face=\"Times New Roman\">  <\/font><\/div>\n<div class=\"MsoNormal\" style=\"margin: 0cm 0cm 10pt; text-align: justify;\"><span style='line-height: 115%; font-family: \"Arial\",\"sans-serif\"; font-size: 14pt;'><span style=\"mso-tab-count: 1;\">&nbsp;&nbsp;&nbsp;&nbsp;&nbsp;&nbsp;&nbsp;&nbsp; <\/span>Dorival J\u00fanior j\u00e1 teve tempo de mudar alguma coisa. Sei que o presidente Roberto Bombinha n\u00e3o deu muitas condi\u00e7\u00f5es. Ali\u00e1s, n\u00e3o deu a treinador nenhum durante todo o tempo de sua gest\u00e3o como presidente do clube. J\u00fanior \u00e9 bom t\u00e9cnico, mas as vezes insiste em algumas bobagens, como por exemplo em n\u00e3o escalar o lateral direito F\u00e1gner no time titular. A desculpa \u00e9 que o atleta n\u00e3o est\u00e1 100%. E da\u00ed? Bastam 10% dele para ser infinitamente melhor do que Nei, que \u00e9 um bosta!<o:p><\/o:p><\/span><\/div>\n<div><font face=\"Times New Roman\">  <\/font><\/div>\n<div class=\"MsoNormal\" style=\"margin: 0cm 0cm 10pt; text-align: justify;\"><span style='line-height: 115%; font-family: \"Arial\",\"sans-serif\"; font-size: 14pt;'><span style=\"mso-tab-count: 1;\">&nbsp;&nbsp;&nbsp;&nbsp;&nbsp;&nbsp;&nbsp;&nbsp; <\/span>Relutar tentando resgatar o bom futebol de \u00c9der Lu\u00eds em outrora \u00e9 secar gelo. Dos dispon\u00edveis o melhor companheiro para Andr\u00e9 \u00e9 o Demolidor. Carlos Ten\u00f3rio \u00e9 ra\u00e7udo, talentoso e de quebra ainda tem nome de matador, o que \u00e9 \u00f3timo para um atacante.<o:p><\/o:p><\/span><\/div>\n<div><font face=\"Times New Roman\">  <\/font><\/div>\n<div class=\"MsoNormal\" style=\"margin: 0cm 0cm 10pt; text-align: justify;\"><span style='line-height: 115%; font-family: \"Arial\",\"sans-serif\"; font-size: 14pt;'><span style=\"mso-tab-count: 1;\">&nbsp;&nbsp;&nbsp;&nbsp;&nbsp;&nbsp;&nbsp;&nbsp; <\/span>Domingo o Vasco enfrentar\u00e1 o Coritiba, no Couto Pereira, \u00e0s 16h e se apresentar esse futebolzinho de v\u00e1rzea vai tomar um sacode. N\u00e3o estamos conseguindo nem fazer o dever de casa. Sequer conseguimos vencer a Ponte Preta dentro do caldeir\u00e3o! Roberto Bombinha mata de vergonha o torcedor vasca\u00edno a cada partida!<o:p><\/o:p><\/span><\/div>\n<div><font face=\"Times New Roman\">  <\/font><\/div>\n<div class=\"MsoNormal\" style=\"margin: 0cm 0cm 10pt; text-align: justify;\"><span style='line-height: 115%; font-family: \"Arial\",\"sans-serif\"; font-size: 14pt;'><o:p>&nbsp;<\/o:p><\/span><\/div>\n<div><font face=\"Times New Roman\">  <\/font><\/div>\n<div class=\"MsoNormal\" style=\"margin: 0cm 0cm 10pt; text-align: justify;\"><span style='line-height: 115%; font-family: \"Arial\",\"sans-serif\"; font-size: 14pt;'><o:p>&nbsp;<\/o:p><\/span><\/div>\n<div><font face=\"Times New Roman\">  <\/font><\/div>\n<div class=\"MsoNormal\" style=\"margin: 0cm 0cm 10pt; text-align: justify;\"><b style=\"mso-bidi-font-weight: normal;\"><span style='line-height: 115%; font-family: \"Arial\",\"sans-serif\"; font-size: 14pt;'>AP\u00d3S AS TODAS AS PARTIDAS DO VASC\u00c3O EM MEU PERFIL DO FACEBOOK (QUEM QUISER RECEBER AS CR\u00d4NICAS DE PRIMEIRA M\u00c3O \u00c9 S\u00d3 ME ADICIONAR), E NOS SITES WEBVASCO (www.webvasco.com), E VASCA\u00cdNOS UNIDOS (www.vascainosunidos.com.br) TEM A OPINI\u00c3O DO JORNALISTA LUIZ CARLOS ROCHA. LEIAM! COMPARTILHEM E CURTAM! VASCA\u00cdNOS UNIDOS JAMAIS SER\u00c3O VENCIDOS.<o:p><\/o:p><\/span><\/b><\/div>\n<div><font face=\"Times New Roman\">  <\/font><\/div>\n<p><\/span><\/p>\n<div><\/div>\n<div><\/div>\n<div>&nbsp;<\/div>\n<div id=\"RTEContent\">\n<div>\n<div>\n<div>\n<div align=\"center\"><b><font color=\"#ff0000\" face=\"bookman old style, new york, times, serif\" size=\"5\"><\/font><\/b>&nbsp;<\/div>\n<div align=\"center\"><font face=\"Verdana\" size=\"5\"><b><\/b><\/font>&nbsp;<\/div>\n<\/div>\n<\/div>\n<\/div>\n<\/div>\n<\/div>\n<\/div>\n<p><\/p>\n","protected":false},"excerpt":{"rendered":"<p>&nbsp;&nbsp;&nbsp;&nbsp;&nbsp;&nbsp;&nbsp;&nbsp;&nbsp; Certamente o torcedor vasca\u00edno deve estar mandando para a ponte que partiu boa parte&#8230;<\/p>\n","protected":false},"author":7,"featured_media":58,"comment_status":"open","ping_status":"closed","sticky":false,"template":"","format":"standard","meta":{"footnotes":""},"categories":[4],"tags":[],"class_list":["post-511","post","type-post","status-publish","format-standard","has-post-thumbnail","hentry","category-luizcarlosrocha"],"_links":{"self":[{"href":"https:\/\/webvasco.com\/artigos\/wp-json\/wp\/v2\/posts\/511","targetHints":{"allow":["GET"]}}],"collection":[{"href":"https:\/\/webvasco.com\/artigos\/wp-json\/wp\/v2\/posts"}],"about":[{"href":"https:\/\/webvasco.com\/artigos\/wp-json\/wp\/v2\/types\/post"}],"author":[{"embeddable":true,"href":"https:\/\/webvasco.com\/artigos\/wp-json\/wp\/v2\/users\/7"}],"replies":[{"embeddable":true,"href":"https:\/\/webvasco.com\/artigos\/wp-json\/wp\/v2\/comments?post=511"}],"version-history":[{"count":0,"href":"https:\/\/webvasco.com\/artigos\/wp-json\/wp\/v2\/posts\/511\/revisions"}],"wp:featuredmedia":[{"embeddable":true,"href":"https:\/\/webvasco.com\/artigos\/wp-json\/wp\/v2\/media\/58"}],"wp:attachment":[{"href":"https:\/\/webvasco.com\/artigos\/wp-json\/wp\/v2\/media?parent=511"}],"wp:term":[{"taxonomy":"category","embeddable":true,"href":"https:\/\/webvasco.com\/artigos\/wp-json\/wp\/v2\/categories?post=511"},{"taxonomy":"post_tag","embeddable":true,"href":"https:\/\/webvasco.com\/artigos\/wp-json\/wp\/v2\/tags?post=511"}],"curies":[{"name":"wp","href":"https:\/\/api.w.org\/{rel}","templated":true}]}}