{"id":513,"date":"2013-08-11T19:57:32","date_gmt":"2013-08-11T22:57:32","guid":{"rendered":"http:\/\/webvasco.com\/artigos\/?p=513"},"modified":"2013-08-11T20:00:05","modified_gmt":"2013-08-11T23:00:05","slug":"pai-2","status":"publish","type":"post","link":"https:\/\/webvasco.com\/artigos\/colunistas\/luizcarlosrocha\/pai-2\/","title":{"rendered":"PAI!"},"content":{"rendered":"<div>\n<div style=\"color:#000; background-color:#fff; font-family:bookman old style, new york, times, serif;font-size:12pt\">\n<div>&nbsp;<\/div>\n<p><span><\/p>\n<div><font face=\"Times New Roman\">  <\/font><\/div>\n<div class=\"MsoNormal\" style=\"margin: 0cm 0cm 10pt; text-align: justify;\"><span style='line-height: 115%; font-family: \"Arial\",\"sans-serif\"; font-size: 14pt;'>&nbsp;&nbsp;&nbsp;&nbsp;&nbsp;&nbsp;&nbsp;&nbsp;&nbsp; <var id=\"yui-ie-cursor\"><\/var>Perfeito Amor Incondicional. Em domingo que marcou o Dia dos Pais o Vasco derrotou o Coritiba, em pleno Couto Pereira com apenas um gol, aos cinco minutos de jogo. Em partida v\u00e1lida pela 13\u00aa Rodada do Campeonato Brasileiro, Pedro Ken \u2013 embora paranaense e tendo atuado no advers\u00e1rio \u2013 tinha como inspira\u00e7\u00e3o seu pai e seu av\u00f4 que foram prestigi\u00e1-lo assistindo a competi\u00e7\u00e3o. De modo coletivo o Gigante da Colina surpreendeu agindo como um verdadeiro campe\u00e3o!<o:p><\/o:p><\/span><\/div>\n<div><font face=\"Times New Roman\">  <\/font><\/div>\n<div class=\"MsoNormal\" style=\"margin: 0cm 0cm 10pt; text-align: justify;\"><span style='line-height: 115%; font-family: \"Arial\",\"sans-serif\"; font-size: 14pt;'><span style=\"mso-tab-count: 1;\">&nbsp;&nbsp;&nbsp;&nbsp;&nbsp;&nbsp;&nbsp;&nbsp; <\/span>Al\u00e9m dos pais dos atletas vasca\u00ednos, outros sujeitos que tamb\u00e9m s\u00e3o pais (como eu) tamb\u00e9m torceram para o Vasc\u00e3o. Sem citar a energia positiva do saudoso e folcl\u00f3rico Eduardo Santana, conhecido por suas mandingas como Pai Santana. Era mesmo o dia dos pais.<o:p><\/o:p><\/span><\/div>\n<div><font face=\"Times New Roman\">  <\/font><\/div>\n<div class=\"MsoNormal\" style=\"margin: 0cm 0cm 10pt; text-align: justify;\"><span style='line-height: 115%; font-family: \"Arial\",\"sans-serif\"; font-size: 14pt;'><span style=\"mso-tab-count: 1;\">&nbsp;&nbsp;&nbsp;&nbsp;&nbsp;&nbsp;&nbsp;&nbsp; <\/span>Pouco antes do in\u00edcio da partida, em contato com o ilustre Andr\u00e9 Pedro, tamb\u00e9m editor do Web Vasco concord\u00e1vamos que ter\u00edamos uma \u00e1rdua tarefa ao enfrentarmos o Coxa. Que o Vasco n\u00e3o era o favorito. Assim como eu, Andr\u00e9 \u00e9 pai de uma princesa e com dom do entendimento futebol\u00edstico e sorte de vencedor. Sab\u00edamos que era uma batalha dif\u00edcil, por\u00e9m acredit\u00e1vamos em nosso time. Tivemos uma pequena contribui\u00e7\u00e3o na vit\u00f3ria com nossas vibra\u00e7\u00f5es positivas.<o:p><\/o:p><\/span><\/div>\n<div><font face=\"Times New Roman\">  <\/font><\/div>\n<div class=\"MsoNormal\" style=\"margin: 0cm 0cm 10pt; text-align: justify;\"><span style='line-height: 115%; font-family: \"Arial\",\"sans-serif\"; font-size: 14pt;'><span style=\"mso-tab-count: 1;\">&nbsp;&nbsp;&nbsp;&nbsp;&nbsp;&nbsp;&nbsp;&nbsp; <\/span>O Cruzmaltino (que ter\u00e1 como miss\u00e3o, na pr\u00f3xima quarta-feira, \u00e0s 19h30m, na Vila Belmiro, arrancar do Santos mais tr\u00eas pontos) \u00e9 uma esp\u00e9cie de pai no mundo dos boleiros. Isto, porque, al\u00e9m das melhores condi\u00e7\u00f5es de trabalho, \u00e9 a melhor vitrine profissional do Brasil e se preocupa com o lado social, educacional e cultural de seus atletas. Temos o Col\u00e9gio Vasco da Gama para os meninos das categorias de base. Ent\u00e3o nada mais justo que no Dia dos Pais o Vasco ganhasse de presente uma vit\u00f3ria.<o:p><\/o:p><\/span><\/div>\n<div><font face=\"Times New Roman\">  <\/font><\/div>\n<div class=\"MsoNormal\" style=\"margin: 0cm 0cm 10pt; text-align: justify;\"><span style='line-height: 115%; font-family: \"Arial\",\"sans-serif\"; font-size: 14pt;'><span style=\"mso-tab-count: 1;\">&nbsp;&nbsp;&nbsp;&nbsp;&nbsp;&nbsp;&nbsp;&nbsp; <\/span>De quebra ainda ajudamos o Botafogo, na qual temos um enorme respeito e carinho de pai. Para n\u00f3s o alvinegro \u00e9 como se fosse nosso filho. Aquele clube simp\u00e1tico que se espelha no sucesso do pai e que quando crescer saber\u00e1 que caminho trilhar. Nossa ajuda tinha de ser no dia dos genitores! Maktub.<o:p><\/o:p><\/span><\/div>\n<div><font face=\"Times New Roman\">  <\/font><\/div>\n<div class=\"MsoNormal\" style=\"margin: 0cm 0cm 10pt; text-align: justify;\"><span style='line-height: 115%; font-family: \"Arial\",\"sans-serif\"; font-size: 14pt;'><span style=\"mso-tab-count: 1;\">&nbsp;&nbsp;&nbsp;&nbsp;&nbsp;&nbsp;&nbsp;&nbsp; <\/span>Pai \u00e9 uma figura importante na vida das pessoas. Os pais dos vasca\u00ednos criaram, bem como educaram seus pupilos de maneira exemplar. Vide pela escolha desportiva. Parab\u00e9ns a todos os pais nesta data t\u00e3o especial. Gostaria imensamente que o meu ainda estivesse por aqui, mas em 2011 Papai do C\u00e9u o levou para a Gl\u00f3ria. Embora fosse torcedor alvinegro sei que hoje deve estar l\u00e1 de cima muito orgulhoso. Primeiro porque cito ele em minha cr\u00f4nica \u2013 ele tinha muito orgulho de ter me visto se formar em jornalismo e posteriormente em direito \u2013 depois porque a vit\u00f3ria do Vasco ajudou muito o Botafogo, e tamb\u00e9m porque meu amor por ele jamais deixar\u00e1 que falte a mem\u00f3ria. Que o Grande Arquiteto do Universo, que tamb\u00e9m \u00e9 pai aben\u00e7oe meu querido, meu velho, meu amigo l\u00e1 em cima e n\u00e3o me desampare aqui embaixo.<o:p><\/o:p><\/span><\/div>\n<div><font face=\"Times New Roman\">  <\/font><\/div>\n<div class=\"MsoNormal\" style=\"margin: 0cm 0cm 10pt; text-align: justify;\"><span style='line-height: 115%; font-family: \"Arial\",\"sans-serif\"; font-size: 14pt;'><span style=\"mso-tab-count: 1;\">&nbsp;&nbsp;&nbsp;&nbsp;&nbsp;&nbsp;&nbsp;&nbsp; <\/span>Em tempo: o Sr. Leandro Pedro Vuaden n\u00e3o deve ter pai (hoje n\u00e3o \u00e9 dia de citar a mam\u00e3ezinha). A s\u00e9rie de cart\u00f5es amarelos que ele distribuiu no jogo \u00e9 brincadeira. A maioria desnecess\u00e1ria. Foram um total de seis, sendo quatro deles s\u00f3 para o Vasco. Sem contar que deixou a porrada comer. Faltas clar\u00edssimas deixaram de ser marcadas, enquanto pequenos toquinhos foram sinalizados. <o:p><\/o:p><\/span><\/div>\n<div><font face=\"Times New Roman\">  <\/font><\/div>\n<div class=\"MsoNormal\" style=\"margin: 0cm 0cm 10pt; text-align: justify;\"><span style='line-height: 115%; font-family: \"Arial\",\"sans-serif\"; font-size: 14pt;'><span style=\"mso-tab-count: 1;\">&nbsp;&nbsp;&nbsp;&nbsp;&nbsp;&nbsp;&nbsp;&nbsp; <\/span>A verdade \u00e9 que hoje o Vasco da Gama atuou como um time que deseja no final do ano um resultado digno das tradi\u00e7\u00f5es do clube. Mostrou garra, talento, profissionalismo e acima de tudo uma pitadinha de sorte. Valeu Papai Dorival! Seus garotos jogaram um bol\u00e3o.<o:p><\/o:p><\/span><\/div>\n<div><font face=\"Times New Roman\">  <\/font><\/div>\n<div class=\"MsoNormal\" style=\"margin: 0cm 0cm 10pt; text-align: justify;\"><span style='line-height: 115%; font-family: \"Arial\",\"sans-serif\"; font-size: 14pt;'><o:p>&nbsp;<\/o:p><\/span><\/div>\n<div><font face=\"Times New Roman\">  <\/font><\/div>\n<div class=\"MsoNormal\" style=\"margin: 0cm 0cm 10pt; text-align: justify;\"><span style='line-height: 115%; font-family: \"Arial\",\"sans-serif\"; font-size: 14pt;'><o:p>&nbsp;<\/o:p><\/span><\/div>\n<div><font face=\"Times New Roman\">  <\/font><\/div>\n<div class=\"MsoNormal\" style=\"margin: 0cm 0cm 10pt; text-align: justify;\"><span style='line-height: 115%; font-family: \"Arial\",\"sans-serif\"; font-size: 14pt;'><o:p>&nbsp;<\/o:p><\/span><\/div>\n<div><font face=\"Times New Roman\">  <\/font><\/div>\n<div class=\"MsoNormal\" style=\"margin: 0cm 0cm 10pt; text-align: justify;\"><b style=\"mso-bidi-font-weight: normal;\"><span style='line-height: 115%; font-family: \"Arial\",\"sans-serif\"; font-size: 14pt;'>AP\u00d3S AS TODAS AS PARTIDAS DO VASC\u00c3O EM MEU PERFIL DO FACEBOOK (QUEM QUISER RECEBER AS CR\u00d4NICAS DE PRIMEIRA M\u00c3O \u00c9 S\u00d3 ME ADICIONAR), E NOS SITES WEBVASCO (www.webvasco.com), E VASCA\u00cdNOS UNIDOS (www.vascainosunidos.com.br) TEM A OPINI\u00c3O DO JORNALISTA LUIZ CARLOS ROCHA. LEIAM! COMPARTILHEM E CURTAM! VASCA\u00cdNOS UNIDOS JAMAIS SER\u00c3O VENCIDOS.<o:p><\/o:p><\/span><\/b><\/div>\n<div><font face=\"Times New Roman\">  <\/font><\/div>\n<p><\/span><\/p>\n<div>&nbsp;<\/div>\n<div><span><\/span>&nbsp;<\/div>\n<div><span><\/span>&nbsp;<\/div>\n<div><span><\/span>&nbsp;<\/div>\n<div><\/div>\n<div>&nbsp;<\/div>\n<div id=\"RTEContent\">\n<div>\n<div>\n<div>\n<div align=\"center\"><b><font color=\"#ff0000\" face=\"bookman old style, new york, times, serif\" size=\"5\"><\/font><\/b>&nbsp;<\/div>\n<div align=\"center\"><font face=\"Verdana\" size=\"5\"><b><\/b><\/font>&nbsp;<\/div>\n<\/div>\n<\/div>\n<\/div>\n<\/div>\n<\/div>\n<\/div>\n<p><\/p>\n","protected":false},"excerpt":{"rendered":"<p>&nbsp; &nbsp;&nbsp;&nbsp;&nbsp;&nbsp;&nbsp;&nbsp;&nbsp;&nbsp; Perfeito Amor Incondicional. Em domingo que marcou o Dia dos Pais o Vasco&#8230;<\/p>\n","protected":false},"author":7,"featured_media":58,"comment_status":"open","ping_status":"closed","sticky":false,"template":"","format":"standard","meta":{"footnotes":""},"categories":[4],"tags":[],"class_list":["post-513","post","type-post","status-publish","format-standard","has-post-thumbnail","hentry","category-luizcarlosrocha"],"_links":{"self":[{"href":"https:\/\/webvasco.com\/artigos\/wp-json\/wp\/v2\/posts\/513","targetHints":{"allow":["GET"]}}],"collection":[{"href":"https:\/\/webvasco.com\/artigos\/wp-json\/wp\/v2\/posts"}],"about":[{"href":"https:\/\/webvasco.com\/artigos\/wp-json\/wp\/v2\/types\/post"}],"author":[{"embeddable":true,"href":"https:\/\/webvasco.com\/artigos\/wp-json\/wp\/v2\/users\/7"}],"replies":[{"embeddable":true,"href":"https:\/\/webvasco.com\/artigos\/wp-json\/wp\/v2\/comments?post=513"}],"version-history":[{"count":0,"href":"https:\/\/webvasco.com\/artigos\/wp-json\/wp\/v2\/posts\/513\/revisions"}],"wp:featuredmedia":[{"embeddable":true,"href":"https:\/\/webvasco.com\/artigos\/wp-json\/wp\/v2\/media\/58"}],"wp:attachment":[{"href":"https:\/\/webvasco.com\/artigos\/wp-json\/wp\/v2\/media?parent=513"}],"wp:term":[{"taxonomy":"category","embeddable":true,"href":"https:\/\/webvasco.com\/artigos\/wp-json\/wp\/v2\/categories?post=513"},{"taxonomy":"post_tag","embeddable":true,"href":"https:\/\/webvasco.com\/artigos\/wp-json\/wp\/v2\/tags?post=513"}],"curies":[{"name":"wp","href":"https:\/\/api.w.org\/{rel}","templated":true}]}}