{"id":517,"date":"2013-08-12T14:51:52","date_gmt":"2013-08-12T17:51:52","guid":{"rendered":"http:\/\/webvasco.com\/artigos\/?p=517"},"modified":"2013-08-12T14:55:26","modified_gmt":"2013-08-12T17:55:26","slug":"os-herois-de-camisas-negras","status":"publish","type":"post","link":"https:\/\/webvasco.com\/artigos\/colunistas\/andrepedro\/os-herois-de-camisas-negras\/","title":{"rendered":"Os Her\u00f3is de Camisas Negras!"},"content":{"rendered":"<p>Amigos Vasca\u00ednos,<\/p>\n<p>Hoje \u00e9 um dia especial!<\/p>\n<p><a href=\"https:\/\/webvasco.com\/artigos\/wp-content\/uploads\/2013\/08\/jornal_de_1923.jpg\"><img loading=\"lazy\" decoding=\"async\" class=\"alignright size-medium wp-image-518\" style=\"margin-left: 9px; margin-right: 9px;\" alt=\"jornal_de_1923\" src=\"https:\/\/webvasco.com\/artigos\/wp-content\/uploads\/2013\/08\/jornal_de_1923-230x300.jpg\" width=\"230\" height=\"300\" srcset=\"https:\/\/webvasco.com\/artigos\/wp-content\/uploads\/2013\/08\/jornal_de_1923-230x300.jpg 230w, https:\/\/webvasco.com\/artigos\/wp-content\/uploads\/2013\/08\/jornal_de_1923-115x150.jpg 115w, https:\/\/webvasco.com\/artigos\/wp-content\/uploads\/2013\/08\/jornal_de_1923.jpg 650w\" sizes=\"auto, (max-width: 230px) 100vw, 230px\" \/><\/a>Em 12 de agosto de 1923 o Vasco conquistava de forma antecipada seu 1\u00ba t\u00edtulo Carioca ao vencer por 3&#215;2 o S\u00e3o Crist\u00f3v\u00e3o (ainda faria um \u00faltimo jogo no dia 19 empatando com o Bang\u00fa em 2&#215;2, j\u00e1 em clima de festa). Esse t\u00edtulo ficaria marcado n\u00e3o apenas por ser o 1\u00ba, mas tamb\u00e9m pelo evento hist\u00f3rico em que o Vasco preferiu manter seus atletas mesti\u00e7os e pobres no clube do que ter que abandon\u00e1-los para se manter na elite do futebol carioca, como queriam Flamengo, Fluminense e Botafogo.<\/p>\n<p>Sim! No ano seguinte, o Vasco e sua torcida j\u00e1 eram ironizados pelos seus advers\u00e1rios como &#8220;inimigo p\u00fablico n\u00ba 1&#8221;, porque sua torcida, al\u00e9m de mais numerosa, tamb\u00e9m era composta de todas as classes sociais e tons de pele. Com um tima\u00e7o dif\u00edcil de ser derrotado nas 4 linhas, restou aos advers\u00e1rios criar a AMEA (Associa\u00e7\u00e3o Metropolitana de Esportes Athl\u00e9ticos), j\u00e1 que n\u00e3o conseguiram expulsar o Vasco pela Liga Metropolitana (que realizara o campeonato de 1923).<\/p>\n<p>Com isso, enviaram uma carta ao Vasco informando que o clube deveria excluir doze de seus jogadores (todos negros e oper\u00e1rios). Caso contr\u00e1rio, n\u00e3o poderia participar da nova liga rec\u00e9m-criada.<\/p>\n<p>Jos\u00e9 Augusto Prestes, presidente do Vasco, respondeu \u00e0 altura das tradi\u00e7\u00f5es de respeito e igualdade em que o Vasco seria reconhecido como pioneiro no futebol:\u00a0&#8220;<strong><em>Estamos certos de que Vossa Excel\u00eancia ser\u00e1 o primeiro a reconhecer que seria um ato pouco digno de nossa parte sacrificar, ao desejo de filiar-se \u00e0 Amea, alguns dos que lutaram para que tiv\u00e9ssemos, entre outras vit\u00f3rias, a do Campeonato de Futebol da Cidade do Rio de Janeiro de 1923 (&#8230;) Nestes termos, sentimos ter de comunicar a Vossa Excel\u00eancia que desistimos de fazer parte da AMEA<\/em><\/strong>&#8220;.<\/p>\n<p><a href=\"https:\/\/webvasco.com\/artigos\/wp-content\/uploads\/2013\/08\/resposta-historica.jpg\"><img loading=\"lazy\" decoding=\"async\" class=\"alignleft size-medium wp-image-519\" style=\"margin-left: 9px; margin-right: 9px;\" alt=\"resposta-historica\" src=\"https:\/\/webvasco.com\/artigos\/wp-content\/uploads\/2013\/08\/resposta-historica-291x300.jpg\" width=\"291\" height=\"300\" srcset=\"https:\/\/webvasco.com\/artigos\/wp-content\/uploads\/2013\/08\/resposta-historica-291x300.jpg 291w, https:\/\/webvasco.com\/artigos\/wp-content\/uploads\/2013\/08\/resposta-historica-145x150.jpg 145w, https:\/\/webvasco.com\/artigos\/wp-content\/uploads\/2013\/08\/resposta-historica.jpg 745w\" sizes=\"auto, (max-width: 291px) 100vw, 291px\" \/><\/a>Honra e car\u00e1ter! Se pud\u00e9ssemos resumir toda a carta hist\u00f3rica assinada por Jos\u00e9 Augusto Prestes e sua administra\u00e7\u00e3o, seriam estas duas palavras as mais adequadas! Esse \u00e9 o verdadeiro Esp\u00edrito Vasca\u00edno, onde todos s\u00e3o iguais perante Deus, n\u00e3o importando sua condi\u00e7\u00e3o social, sua cor de pele ou sua religi\u00e3o.<\/p>\n<p>&nbsp;<\/p>\n<p><em>&#8220;<strong>&#8230;a quem honra, honra.<\/strong><\/em>\u201d Romanos 13:7<\/p>\n<p>&nbsp;<\/p>\n<p><strong>Avante Gigante! Avante Camisas Negras! Isto aqui \u00e9 Vasco!<\/strong><\/p>\n<p>&nbsp;<\/p>\n<p><strong>Segue abaixo a campanha da vit\u00f3ria de 1923:<\/strong><\/p>\n<p>&nbsp;<\/p>\n<p><strong>1\u00ba TURNO<\/strong><\/p>\n<p>Vasco 1 x 1 Andara\u00ed (15\/4\/1923 &#8211; Est\u00e1dio da Rua Gal Severiano)<\/p>\n<p>Vasco 3 x 1 Botafogo (22\/4\/1923 &#8211; Est\u00e1dio da Rua Gal Severiano)<\/p>\n<p>Vasco 3 x 1 Flamengo (29\/4\/1923 &#8211; Est\u00e1dio da Rua Paysandu)<\/p>\n<p>Vasco 1 x 0 Am\u00e9rica (13\/5\/1923 &#8211; Est\u00e1dio da Rua Campos Sales)<\/p>\n<p>Vasco 1 x 0 Fluminense (20\/5\/1923 &#8211; Est\u00e1dio da Rua das Laranjeiras)<\/p>\n<p>Vasco 3 x 2 Bangu (3\/6\/1923 &#8211;\u00a0Est\u00e1dio da Rua das Laranjeiras)<\/p>\n<p>Vasco 3 x 2 S\u00e3o Crist\u00f3v\u00e3o (10\/6\/1923 &#8211; Est\u00e1dio da Rua Figueira de Mello)<\/p>\n<p>&nbsp;<\/p>\n<p><strong>2\u00ba TURNO<\/strong><\/p>\n<p>Vasco 3 x 1 Andara\u00ed (24\/6\/1923 &#8211; Est\u00e1dio da Rua Bar\u00e3o de S\u00e3o Francisco Filho)<\/p>\n<p>Vasco 3 x 2 Botafogo (1\/7\/1923 &#8211;\u00a0Est\u00e1dio da Rua das Laranjeiras)<\/p>\n<p>Vasco 2 x 3 Flamengo (8\/7\/1923 &#8211;\u00a0Est\u00e1dio da Rua das Laranjeiras)<\/p>\n<p>Vasco 2 x 1 Am\u00e9rica (22\/7\/1923\u00a0&#8211;\u00a0Est\u00e1dio da Rua das Laranjeiras)<\/p>\n<p>Vasco 2 x 1 Fluminense (29\/7\/1923 &#8211; Est\u00e1dio da Rua das Laranjeiras)<\/p>\n<p>Vasco 3 x 2 S\u00e3o Crist\u00f3v\u00e3o (12\/8\/1923 &#8211;\u00a0Est\u00e1dio da Rua Gal Severiano)<\/p>\n<p>Vasco 2 x 2 Bangu (19\/8\/1923 &#8211;\u00a0Est\u00e1dio da Rua Ferrer)<\/p>\n<p>&nbsp;<\/p>\n<p><strong>JOGADORES DO VASCO<\/strong><\/p>\n<p>N\u00e9lson, Leit\u00e3o e Claudio\/Mingote; Nicolino, Claudionor e Artur; Pascoal, Torterolli, Arlindo, Cecy e Negrito.<\/p>\n<p>&nbsp;<\/p>\n<p><strong>CAMPANHA<\/strong><\/p>\n<p>14 Jogos<\/p>\n<p>12 Vit\u00f3rias (incluindo o jogo de 15\/4, pois o Andara\u00ed jogou irregular)<\/p>\n<p>1 Empate<\/p>\n<p>1 Derrota<\/p>\n<p>32 gols a favor<\/p>\n<p>19 gols contra<\/p>\n<p>&nbsp;<\/p>\n<p><strong>ARTILHEIROS DO CAMPEONATO<\/strong><\/p>\n<p>8 Gols: Arlindo e Cecy, ambos do Vasco<\/p>\n<p>&nbsp;<\/p>\n","protected":false},"excerpt":{"rendered":"<p>Amigos Vasca\u00ednos, Hoje \u00e9 um dia especial! Em 12 de agosto de 1923 o Vasco&#8230;<\/p>\n","protected":false},"author":5,"featured_media":59,"comment_status":"open","ping_status":"closed","sticky":false,"template":"","format":"standard","meta":{"footnotes":""},"categories":[2],"tags":[],"class_list":["post-517","post","type-post","status-publish","format-standard","has-post-thumbnail","hentry","category-andrepedro"],"_links":{"self":[{"href":"https:\/\/webvasco.com\/artigos\/wp-json\/wp\/v2\/posts\/517","targetHints":{"allow":["GET"]}}],"collection":[{"href":"https:\/\/webvasco.com\/artigos\/wp-json\/wp\/v2\/posts"}],"about":[{"href":"https:\/\/webvasco.com\/artigos\/wp-json\/wp\/v2\/types\/post"}],"author":[{"embeddable":true,"href":"https:\/\/webvasco.com\/artigos\/wp-json\/wp\/v2\/users\/5"}],"replies":[{"embeddable":true,"href":"https:\/\/webvasco.com\/artigos\/wp-json\/wp\/v2\/comments?post=517"}],"version-history":[{"count":8,"href":"https:\/\/webvasco.com\/artigos\/wp-json\/wp\/v2\/posts\/517\/revisions"}],"predecessor-version":[{"id":527,"href":"https:\/\/webvasco.com\/artigos\/wp-json\/wp\/v2\/posts\/517\/revisions\/527"}],"wp:featuredmedia":[{"embeddable":true,"href":"https:\/\/webvasco.com\/artigos\/wp-json\/wp\/v2\/media\/59"}],"wp:attachment":[{"href":"https:\/\/webvasco.com\/artigos\/wp-json\/wp\/v2\/media?parent=517"}],"wp:term":[{"taxonomy":"category","embeddable":true,"href":"https:\/\/webvasco.com\/artigos\/wp-json\/wp\/v2\/categories?post=517"},{"taxonomy":"post_tag","embeddable":true,"href":"https:\/\/webvasco.com\/artigos\/wp-json\/wp\/v2\/tags?post=517"}],"curies":[{"name":"wp","href":"https:\/\/api.w.org\/{rel}","templated":true}]}}