{"id":5268,"date":"2015-09-27T23:16:39","date_gmt":"2015-09-28T02:16:39","guid":{"rendered":"http:\/\/webvasco.com\/artigos\/?p=5268"},"modified":"2015-09-27T23:28:05","modified_gmt":"2015-09-28T02:28:05","slug":"vermelho-de-vergonha-e-preto-de-luto","status":"publish","type":"post","link":"https:\/\/webvasco.com\/artigos\/colunistas\/luizcarlosrocha\/vermelho-de-vergonha-e-preto-de-luto\/","title":{"rendered":"VERMELHO DE VERGONHA E PRETO DE LUTO!"},"content":{"rendered":"<div>\n<div style=\"color:#000; background-color:#fff; font-family:HelveticaNeue-Light, Helvetica Neue Light, Helvetica Neue, Helvetica, Arial, Lucida Grande, sans-serif;font-size:32px\">\n<div class=\"\" style=\"text-align:justify;text-indent:35.4pt;tab-stops:111.0pt\" id=\"yui_3_16_0_1_1443395355997_4316\"><span style=\"font-size:12.0pt;line-height:115%;font-family:&quot;Arial&quot;,&quot;sans-serif&quot;\" id=\"yui_3_16_0_1_1443395355997_4318\" class=\"\">Vermelho  de vergonha e preto de luto. As cores dos Exclu\u00eddos representam seu futebol  p\u00edfio diante do Gigante da Colina. Ganhamos todas em 2015! Eliminamos do  Campeonato Carioca, da Copa do Brasil e ganhamos nos dois turnos do Campeonato  Brasileiro! Ufa, \u00e9 muito triunfo diante de um reles rival! Na partida que  marcou a 28\u00aa Rodada, do Brasileir\u00e3o, no Maracan\u00e3, O Vasco \u2013 de virada \u2013 bateu (mais  uma vez), hoje, o Molambo, por 2 a 1, com gols de Rodrigo e Nen\u00ea. A biba Milk  Sheik (shake), que \u00e9 batida no leite, descontou para o time que n\u00e3o deve ser  nomeado.<o:p id=\"yui_3_16_0_1_1443395355997_4320\" class=\"\"><\/o:p><\/span><\/div>\n<div class=\"\" style=\"text-align:justify;text-indent:35.4pt;tab-stops:111.0pt\" id=\"yui_3_16_0_1_1443395355997_4322\"><span style=\"font-size:12.0pt;line-height:115%;font-family:&quot;Arial&quot;,&quot;sans-serif&quot;\" id=\"yui_3_16_0_1_1443395355997_4324\" class=\"\">Agora  com 26 pontos, a luta para n\u00e3o cair ficou um pouco mais a favor do time de S\u00e3o  Janu\u00e1rio. Faltam apenas 10 jogos para o t\u00e9rmino da competi\u00e7\u00e3o. Ser\u00e3o 30 pontos  em quest\u00e3o, dos quais o Cruzmaltino precisa conquistar 20. Ou seja, dever\u00e1  ganhar 6 e empatar 2, ou ganhar 7. Agora a diferen\u00e7a de pontos para o primeiro  fora da margem do inferno na Tabela de classifica\u00e7\u00e3o s\u00e3o cinco pontos, embora a  inc\u00f4moda 19\u00aa posi\u00e7\u00e3o ainda esteja na conta do Vasco da Gama.<o:p id=\"yui_3_16_0_1_1443395355997_4326\" class=\"\"><\/o:p><\/span><\/div>\n<div class=\"\" style=\"text-align:justify;text-indent:35.4pt;tab-stops:111.0pt\" id=\"yui_3_16_0_1_1443395355997_4328\"><span style=\"font-size:12.0pt;line-height:115%;font-family:&quot;Arial&quot;,&quot;sans-serif&quot;\" id=\"yui_3_16_0_1_1443395355997_4330\" class=\"\">Ao  come\u00e7ar a partida o Povo do Gueto se encheu de esperan\u00e7as achando que iria  derrotar o Vasc\u00e3o. Tolinho!&nbsp; O fanfarr\u00e3o  do Emerson ao balan\u00e7ar a rede do arqueiro Mart\u00edn Silva imaginou que era o seu  dia de gl\u00f3ria. Mas n\u00e3o avisaram a ele que o Vasco \u00e9 o time da virada. O time do  amor!&nbsp; Pois \u00e9. Na volta do intervalo,  logo aos 12 minutos da etapa complementar, Rodrigo de falta mandou um bala\u00e7o  sem qualquer chance para o goleiro Paulo Victor. Mais 3 minutos depois, o mesmo  zagueiro vasca\u00edno tentou bater para o gol e a bola desviou na m\u00e3o de Jorge.  Resultado: penalidade m\u00e1xima! Nen\u00ea converteu e colocou o Mach\u00e3o da Gama na  frente do placar. <o:p id=\"yui_3_16_0_1_1443395355997_4332\" class=\"\"><\/o:p><\/span><\/div>\n<div class=\"\" style=\"text-align:justify;text-indent:35.4pt;tab-stops:111.0pt\" id=\"yui_3_16_0_1_1443395355997_4334\"><span style=\"font-size:12.0pt;line-height:115%;font-family:&quot;Arial&quot;,&quot;sans-serif&quot;\" id=\"yui_3_16_0_1_1443395355997_4336\" class=\"\">Ao  fim do embate, ecoava nas arquibancadas: \u201cO Vasco \u00e9 o time da virada, o Vasco \u00e9  o time do amor, l\u00ea, l\u00ea, \u00f4, l\u00ea, l\u00ea, \u00f4, l\u00ea, l\u00ea, \u00f4. \u00d4, \u00f4, \u00f4, \u00f4\u201d. Mesmo com o  p\u00e9ssimo \u00e1rbitro Leandro Pedro Vuaden apitando de forma equivocada a maior parte  do tempo, a equipe de S\u00e3o Janu\u00e1rio n\u00e3o tomou conhecimento e derrotou o Flabosta  e a arbitragem. N\u00e3o vou citar todos os erros deste cidad\u00e3o, primeiro porque precisariam  de uns dez par\u00e1grafos, depois porque \u00e1rbitro n\u00e3o deve ter destaque em cr\u00f4nicas.  Afinal, s\u00e3o meros co-autores do espet\u00e1culo. Ademais, chorar \u00e9 coisa de  botafoguense. Dar chiliquinho \u00e9 coisa de Tricolete. E roubar&#8230; Bom nem preciso  argumentar n\u00e3o \u00e9?<o:p id=\"yui_3_16_0_1_1443395355997_4338\" class=\"\"><\/o:p><\/span><\/div>\n<div class=\"\" style=\"text-align:justify;text-indent:35.4pt;tab-stops:111.0pt\" id=\"yui_3_16_0_1_1443395355997_4340\"><span style=\"font-size:12.0pt;line-height:115%;font-family:&quot;Arial&quot;,&quot;sans-serif&quot;\" id=\"yui_3_16_0_1_1443395355997_4342\" class=\"\">Depois  de tantas derrotas em 2015, ficou a certeza que o futebol do \u201cFrameng\u00fa\u201d \u00e9 uma  l\u00e1stima. Vermelho de vergonha e preto de luto! &nbsp;O pr\u00f3ximo desafio do Vasco ser\u00e1 contra o Ava\u00ed,  \u00e0s11h, domingo, dia 04 de outubro. Antes, por\u00e9m, o jogo de volta, pelas Quartas  de Final da Copa do Brasil, \u00e0s 22 horas, quarta-feira, dia 30 de setembro, no  Maracan\u00e3.<o:p id=\"yui_3_16_0_1_1443395355997_4344\" class=\"\"><\/o:p><\/span><\/div>\n<div class=\"\" style=\"text-align:justify;text-indent:35.4pt;tab-stops:111.0pt\" id=\"yui_3_16_0_1_1443395355997_4346\"><span style=\"font-size:12.0pt;line-height:115%;font-family:&quot;Arial&quot;,&quot;sans-serif&quot;\" id=\"yui_3_16_0_1_1443395355997_4348\" class=\"\"><o:p id=\"yui_3_16_0_1_1443395355997_4350\" class=\"\">&nbsp;<\/o:p><\/span><\/div>\n<div class=\"\" style=\"text-align:justify;text-indent:35.4pt;tab-stops:111.0pt\" id=\"yui_3_16_0_1_1443395355997_4352\"><span style=\"font-size:12.0pt;line-height:115%;font-family:&quot;Arial&quot;,&quot;sans-serif&quot;\" id=\"yui_3_16_0_1_1443395355997_4354\" class=\"\"><o:p id=\"yui_3_16_0_1_1443395355997_4356\" class=\"\">&nbsp;<\/o:p><\/span><\/div>\n<div class=\"\" style=\"text-align:justify;text-indent:35.4pt;tab-stops:111.0pt\" id=\"yui_3_16_0_1_1443395355997_4358\"><b id=\"yui_3_16_0_1_1443395355997_4360\" class=\"\"><u id=\"yui_3_16_0_1_1443395355997_4362\" class=\"\"><span style=\"font-size:20.0pt;line-height:115%;font-family:&quot;Arial&quot;,&quot;sans-serif&quot;\" id=\"yui_3_16_0_1_1443395355997_4364\" class=\"\">DIVULGUEM ESSA COVARDIA:<\/span><\/u><\/b><span style=\"font-size:16.0pt;line-height:115%;font-family:&quot;Arial&quot;,&quot;sans-serif&quot;\" id=\"yui_3_16_0_1_1443395355997_4366\" class=\"\"> GOSTARIA  DE PEDIR A TODOS OS MEUS AMIGOS E LEITORES QUE TIRASSE UM TEMPINHO PARA LER A  PETI\u00c7\u00c3O P\u00daBLICA, AO QUAL SEGUE ABAIXO O LINK. TAL DOCUMENTO REFERE-SE A <b id=\"yui_3_16_0_1_1443395355997_4368\" class=\"\"><u id=\"yui_3_16_0_1_1443395355997_4370\" class=\"\">UM ATO DE COVARDIA POR PARTE DA  VOLKSWAGEN DO BRASIL EM COAUTORIA DA ABOLI\u00c7\u00c3O VE\u00cdCULOS (GRUPO AB)<\/u><\/b>  CONTRA ESTE VELHO JORNALISTA. A REFERIDA CONCESSION\u00c1RIA EST\u00c1 ME LESANDO DESDE  FEVEREIRO DE 2013. MEU CARRO FOI BATIDO DENTRO DA OFICINA, FURTARAM ACESS\u00d3RIOS,  TEM PROBLEMAS CAUSADOS POR ELES, AL\u00c9M DE DEFEITOS DE FABRICA\u00c7\u00c3O. O CARRO 0 KM  COMPRADO POR MIM HOJE SE ENCONTRA NA OFICINA DA ABOLI\u00c7\u00c3O VE\u00cdCULOS (CENTRO DE  NITER\u00d3I) <b id=\"yui_3_16_0_1_1443395355997_4372\" class=\"\"><u id=\"yui_3_16_0_1_1443395355997_4374\" class=\"\">DESDE 10 DE JUNHO DE 2013<\/u><\/b>,  OU SEJA, H\u00c1 <b id=\"yui_3_16_0_1_1443395355997_4376\" class=\"\"><u id=\"yui_3_16_0_1_1443395355997_4378\" class=\"\">27 MESES, OU SEJA, 2 ANOS  E TR\u00caS MESES.<\/u><\/b> <b id=\"yui_3_16_0_1_1443395355997_4380\" class=\"\"><u id=\"yui_3_16_0_1_1443395355997_4382\" class=\"\">TEM APENAS 729  KM RODADOS<\/u><\/b> PARA COMPROVAR O CALV\u00c1RIO TENHO DOCUMENTOS, GRAVA\u00c7\u00d5ES DE  AUDIO E V\u00cdDEO, MAIS DE 600 FOTOGRAFIAS E E-MAILS TROCADOS COM FUNCION\u00c1RIOS DO  BAIXO, M\u00c9DIO E ALTO ESCAL\u00c3O DA EMPRESA. POR FAVOR, ASSINEM O DOCUMENTO PARA QUE  OUTROS CONSUMIDORES N\u00c3O SEJAM LESADOS POR EMPRESAS DESTE N\u00cdVEL.&nbsp; <\/span><a href=\"https:\/\/secure.avaaz.org\/po\/petition\/Aos_Orgaos_de_Defesa_do_Consumidor_e_ao_Poder_Judiciario_JUSTICA_CONTRA_UMA_MARCA_E_SUA_REVENDERORA_QUE_DESCUMPREM_A_LEI\/?lJEcNfb&amp;pv=0\" id=\"yui_3_16_0_1_1443395355997_4384\" class=\"\"><span style=\"font-size:16.0pt;line-height:115%;font-family:&quot;Arial&quot;,&quot;sans-serif&quot;\" id=\"yui_3_16_0_1_1443395355997_4386\" class=\"\"><a href=\"https:\/\/secure.avaaz.org\/po\/petition\/Aos_Orgaos_de_Defesa_do_Consumidor_e_ao_Poder_Judiciario_JUSTICA_CONTRA_UMA_MARCA_E_SUA_REVENDERORA_QUE_DESCUMPREM_A_LEI\/?lJEcNfb&amp;pv=0\" >https:\/\/secure.avaaz.org\/po\/petition\/Aos_Orgaos_de_Defesa_do_Consumidor_e_ao_Poder_Judiciario_JUSTICA_CONTRA_UMA_MARCA_E_SUA_REVENDERORA_QUE_DESCUMPREM_A_LEI\/?lJEcNfb&amp;pv=0<\/a><\/span><\/a><span style=\"font-size:16.0pt;line-height:115%;font-family:&quot;Arial&quot;,&quot;sans-serif&quot;\" id=\"yui_3_16_0_1_1443395355997_4388\" class=\"\"><o:p id=\"yui_3_16_0_1_1443395355997_4390\" class=\"\"><\/o:p><\/span><\/div>\n<div class=\"\" style=\"text-align:justify;tab-stops:111.0pt\" id=\"yui_3_16_0_1_1443395355997_4392\"><span style=\"font-size:16.0pt;line-height:115%;font-family:&quot;Arial&quot;,&quot;sans-serif&quot;\" id=\"yui_3_16_0_1_1443395355997_4394\" class=\"\"><o:p id=\"yui_3_16_0_1_1443395355997_4396\" class=\"\">&nbsp;<\/o:p><\/span><\/div>\n<div class=\"\" style=\"text-align:justify;tab-stops:111.0pt\" id=\"yui_3_16_0_1_1443395355997_4398\"><b id=\"yui_3_16_0_1_1443395355997_4400\" class=\"\"><span style=\"font-size:16.0pt;line-height:115%;font-family:&quot;Arial&quot;,&quot;sans-serif&quot;\" id=\"yui_3_16_0_1_1443395355997_4402\" class=\"\">&nbsp;&nbsp;&nbsp;&nbsp;&nbsp;&nbsp;&nbsp;&nbsp;&nbsp;&nbsp;&nbsp;&nbsp;&nbsp;&nbsp;&nbsp;&nbsp;&nbsp;&nbsp;&nbsp;&nbsp;&nbsp;&nbsp;&nbsp;&nbsp; &nbsp;&nbsp;&nbsp;&nbsp;&nbsp;&nbsp; <o:p id=\"yui_3_16_0_1_1443395355997_4404\" class=\"\"><\/o:p><\/span><\/b><\/div>\n<div id=\"yui_3_16_0_1_1443395355997_4238\">                                        <\/div>\n<div class=\"\" style=\"text-align:justify\" id=\"yui_3_16_0_1_1443395355997_4314\" dir=\"ltr\"><b id=\"yui_3_16_0_1_1443395355997_4313\" class=\"\"><span style=\"font-size:14.0pt;line-height:115%;font-family:&quot;Arial&quot;,&quot;sans-serif&quot;\" id=\"yui_3_16_0_1_1443395355997_4312\" class=\"\">AP\u00d3S  AS TODAS AS PARTIDAS DO VASC\u00c3O EM MEU PERFIL DO FACEBOOK (QUEM QUISER RECEBER  AS CR\u00d4NICAS DE PRIMEIRA M\u00c3O \u00c9 S\u00d3 ME ADICIONAR), E NOS SITES WEBVASCO  (www.webvasco.com), E VASCA\u00cdNOS UNIDOS (www.vascainosunidos.com.br) TEM A  OPINI\u00c3O DO JORNALISTA LUIZ CARLOS ROCHA. LEIAM! COMPARTILHEM E CURTAM!  VASCA\u00cdNOS UNIDOS JAMAIS SER\u00c3O VENCIDOS.<o:p id=\"yui_3_16_0_1_1443395355997_4409\" class=\"\"><\/o:p><\/span><\/b><\/div>\n<div id=\"yui_3_16_0_1_1443395355997_4237\"><span><br \/><\/span><\/div>\n<div id=\"yui_3_16_0_1_1443395355997_4236\"><span><br \/><\/span><\/div>\n<div id=\"yui_3_16_0_1_1443395355997_4235\"><span><br \/><\/span><\/div>\n<div><\/div>\n<div id=\"yui_3_16_0_1_1443395355997_4161\">&nbsp;<\/div>\n<div class=\"signature\" id=\"yui_3_16_0_1_1443395355997_4166\">\n<div id=\"RTEContent\">\n<div id=\"yui_3_16_0_1_1443395355997_4165\">\n<div id=\"yui_3_16_0_1_1443395355997_4164\">\n<div id=\"yui_3_16_0_1_1443395355997_4163\">\n<div align=\"center\" id=\"yui_3_16_0_1_1443395355997_4162\"><\/div>\n<div align=\"center\" id=\"yui_3_16_0_1_1443395355997_4178\">\n<div align=\"center\" id=\"yui_3_16_0_1_1443395355997_4216\">&nbsp;<\/div>\n<div align=\"center\" id=\"yui_3_16_0_1_1443395355997_4215\">&nbsp;<\/div>\n<\/div>\n<div align=\"center\" id=\"yui_3_16_0_1_1443395355997_4214\"><\/div>\n<div align=\"center\" id=\"yui_3_16_0_1_1443395355997_4230\"><\/div>\n<\/div>\n<\/div>\n<\/div>\n<\/div>\n<\/div>\n<\/div>\n<\/div>\n<p><\/p>\n","protected":false},"excerpt":{"rendered":"<p>Vermelho de vergonha e preto de luto. As cores dos Exclu\u00eddos representam seu futebol p\u00edfio&#8230;<\/p>\n","protected":false},"author":7,"featured_media":0,"comment_status":"open","ping_status":"closed","sticky":false,"template":"","format":"standard","meta":{"footnotes":""},"categories":[4],"tags":[],"class_list":["post-5268","post","type-post","status-publish","format-standard","hentry","category-luizcarlosrocha"],"_links":{"self":[{"href":"https:\/\/webvasco.com\/artigos\/wp-json\/wp\/v2\/posts\/5268","targetHints":{"allow":["GET"]}}],"collection":[{"href":"https:\/\/webvasco.com\/artigos\/wp-json\/wp\/v2\/posts"}],"about":[{"href":"https:\/\/webvasco.com\/artigos\/wp-json\/wp\/v2\/types\/post"}],"author":[{"embeddable":true,"href":"https:\/\/webvasco.com\/artigos\/wp-json\/wp\/v2\/users\/7"}],"replies":[{"embeddable":true,"href":"https:\/\/webvasco.com\/artigos\/wp-json\/wp\/v2\/comments?post=5268"}],"version-history":[{"count":0,"href":"https:\/\/webvasco.com\/artigos\/wp-json\/wp\/v2\/posts\/5268\/revisions"}],"wp:attachment":[{"href":"https:\/\/webvasco.com\/artigos\/wp-json\/wp\/v2\/media?parent=5268"}],"wp:term":[{"taxonomy":"category","embeddable":true,"href":"https:\/\/webvasco.com\/artigos\/wp-json\/wp\/v2\/categories?post=5268"},{"taxonomy":"post_tag","embeddable":true,"href":"https:\/\/webvasco.com\/artigos\/wp-json\/wp\/v2\/tags?post=5268"}],"curies":[{"name":"wp","href":"https:\/\/api.w.org\/{rel}","templated":true}]}}