{"id":528,"date":"2013-08-15T09:50:40","date_gmt":"2013-08-15T12:50:40","guid":{"rendered":"http:\/\/webvasco.com\/artigos\/?p=528"},"modified":"2013-08-15T10:56:30","modified_gmt":"2013-08-15T13:56:30","slug":"um-jogo-inesquecvel-h-23-anos-o-vasco-eliminava-o-colo-colo-em-ple-no-estdio-nacional-de-santiag-o-do-chile","status":"publish","type":"post","link":"https:\/\/webvasco.com\/artigos\/colunistas\/marcus-simonini\/um-jogo-inesquecvel-h-23-anos-o-vasco-eliminava-o-colo-colo-em-ple-no-estdio-nacional-de-santiag-o-do-chile\/","title":{"rendered":"UM JOGO INESQUEC&Iacute;VEL: H&Aacute; 23 ANOS O VASCO  ELIMINAVA O COLO COLO, EM PLE NO EST&Aacute;DIO NACIONAL DE SANTIAG O DO CHILE"},"content":{"rendered":"<div dir=\"ltr\">Todos n\u00f3s, Vasca\u00ednos, temos um jogo, que por alguma raz\u00e3o tornou-se inesquec\u00edvel em nossas mentes. Porque foi o primeiro t\u00edtulo que viu o Vasco conquistar, porque foi uma vit\u00f3ria de virada incr\u00edvel, como a da Copa Mercosul de 2000, que, ali\u00e1s, \u00e9 inesquec\u00edvel para todos os Cruz-maltinos.Um jogo o qual n\u00e3o esqueci \u00e9 o deste post, e que aconteceu h\u00e1 exatos 23 anos, no dia 15 de agosto de 1990, pela Copa Libertadores de America, contra o Colo Colo, no Est\u00e1dio Nacional de Santiago do Chile.A partida foi jogada numa tarde, de quarta-feira, porque era feriado no Chile. Celebrava-se naquela data o Dia de La Asunci\u00f3n de La virgen, ou seja, o dia em que Nossa Senhora foi elevada aos C\u00e9us. Fazia um lindo dia de c\u00e9u azul, como descreve o narrador, em espanhol, no v\u00eddeo logo abaixo, por\u00e9m era uma tarde gelada. Devia fazer uns 3 graus de temperatura. Era o decisivo jogo da volta que definiria o classificado para as quartas-de-finais da principal Competi\u00e7\u00e3o das Am\u00e9ricas.Est\u00e1dio lotado, aos p\u00e9s da Cordilheira dos Andes e a torcida de El Cacique (apelido do Colo Colo) fazia uma bela festa nas arquibancadas, para receber e incentivar os seus jogadores. Presente ao jogo o maior \u00eddolo do Colo Colo, o simp\u00e1tico e destemido craque chileno Carlos Caszely (<a href=\"http:\/\/pt.wikipedia.org\/wiki\/Carlos_Caszely\">http:\/\/pt.wikipedia.org\/wiki\/Carlos_Caszely<\/a>). N\u00e3o s\u00f3 pelo seu talento, mas por sua coragem ele \u00e9 admirado pelo povo chileno por ter se recusado a cumprimentar o ditador Augusto Pinochet.Ambas as equipes tinham como prioridade a conquista da Copa Libertadores. Enfim, era um jogo com todos os ingredientes de forte emo\u00e7\u00e3o. E foi o que se viu nos 90 minutos do compacto a seguir.<\/p>\n<p>Sob o comando do saudoso T\u00e9cnico Alcir Portela, do artilheiro Roberto Dinamite e do Maestro Bismarck, ap\u00f3s estar perdendo por 2 x 0, o Vasco foi buscar o empate! Sofreu o terceiro gol de p\u00eanalti, mas teve for\u00e7a, determina\u00e7\u00e3o e garra para buscar mais uma vez o gol de empate e levar o confronto para os penais, de onde saiu vencedor ap\u00f3s cinco cobran\u00e7as perfeitas e uma linda defesa do monstro Ac\u00e1cio, na \u00faltima cobran\u00e7a de Espinosa. Sil\u00eancio no Est\u00e1dio Nacional! Vasco classificado! E os chilenos entenderam porque o Vasco \u00e9 o Time da Virada!<\/p>\n<p>Este time do Colo Colo que o Cruz-maltino acabara de eliminar diante de um perplexo Est\u00e1dio Nacional lotado, no ano seguinte (1991), conquistou a primeira Libertadores para o Futebol Chileno, sob o comando do croata Mirko Jozic. Era um tima\u00e7o! O que s\u00f3 enalteceu o grande feito do Vasco da Gama.<\/p>\n<p>Para os mais novos que est\u00e3o lendo este post, este \u00e9 o Vasco que eu conheci, que amo, e que quero ver voltar definitivamente! O Gigante da Colina, na mais pura ess\u00eancia, temido por todos os seus advers\u00e1rios: Primeiro Campe\u00e3o Sul-Americano, em 1948, no Chile, Campe\u00e3o Brasileiro de 1989, dentro do Morumbi, contra o S\u00e3o Paulo, Campe\u00e3o da Libertadores de 1998, no Equador, contra o Barcelona, de Guayaquil, Campe\u00e3o da Copa Mercosul, no Palestra It\u00e1lia, na Virada do S\u00e9culo, sobre o Palmeiras. Vasco, um Clube de Hist\u00f3ria e Futebol ricos, uma Pot\u00eancia Internacional!<\/p>\n<p>Compacto do jogo:<\/p>\n<p>Colo Colo 3 (4) x (5) 3 Vasco da Gama \u2013 Copa Libertadores 1990<br \/>\n15 de agosto de 1990: Feriado Chileno : \u201cAsunci\u00f3n de La Virgen\u201d<\/p>\n<p>1\u00ba tempo:<\/p>\n<div class=\"youtube\" style=\"width: 420; height: 315;\"><object width=\"420\" height=\"315\" classid=\"clsid:d27cdb6e-ae6d-11cf-96b8-444553540000\" codebase=\"http:\/\/download.macromedia.com\/pub\/shockwave\/cabs\/flash\/swflash.cab#version=6,0,40,0\"><param name=\"wmode\" value=\"transparent\" \/><param name=\"src\" value=\"http:\/\/www.youtube.com\/v\/EL-Wy0lZQFo\" \/><embed width=\"420\" height=\"315\" type=\"application\/x-shockwave-flash\" src=\"http:\/\/www.youtube.com\/v\/EL-Wy0lZQFo\" wmode=\"transparent\" \/><\/object><\/div>\n<p>&nbsp;<\/p>\n<p>2\u00ba tempo:<\/p>\n<div class=\"youtube\" style=\"width: 420; height: 315;\"><object width=\"420\" height=\"315\" classid=\"clsid:d27cdb6e-ae6d-11cf-96b8-444553540000\" codebase=\"http:\/\/download.macromedia.com\/pub\/shockwave\/cabs\/flash\/swflash.cab#version=6,0,40,0\"><param name=\"wmode\" value=\"transparent\" \/><param name=\"src\" value=\"http:\/\/www.youtube.com\/v\/TMYgSqHM7mE\" \/><embed width=\"420\" height=\"315\" type=\"application\/x-shockwave-flash\" src=\"http:\/\/www.youtube.com\/v\/TMYgSqHM7mE\" wmode=\"transparent\" \/><\/object><\/div>\n<p>&nbsp;<\/p>\n<div class=\"wp-caption aligncenter\" id=\"attachment_2577\" style=\"width: 339px;\"><a href=\"http:\/\/incondicionalmentevasco.files.wordpress.com\/2013\/08\/capa-do-jornal-dos-sports-vasco-elimina-o-colo-colo-na-libertadores-de-1990.jpg\"><img decoding=\"async\" class=\"size-full wp-image-2577\" alt=\"Capa do Jornal dos Sports - Vasco elimina o Colo Colo na Libertadores de 1990: Na foto da mat\u00e9ria o goleiro Ac\u00e1cio defende a cobran\u00e7a de Espinosa\" src=\"http:\/\/incondicionalmentevasco.files.wordpress.com\/2013\/08\/capa-do-jornal-dos-sports-vasco-elimina-o-colo-colo-na-libertadores-de-1990.jpg?w=620\" \/><\/a><\/p>\n<p class=\"wp-caption-text\">Capa do Jornal dos Sports \u2013 Vasco elimina o Colo Colo na Libertadores de 1990: Na foto da mat\u00e9ria o goleiro Ac\u00e1cio defende a cobran\u00e7a de Espinosa<\/p>\n<\/div>\n<p><strong><\/strong><br \/>\n<strong><br \/>\n<\/strong><br \/>\n<strong> CONFIRA A MAT\u00c9RIA DO JORNAL DOS SPORTS SOBRE A GRANDE VIT\u00d3RIA VASCA\u00cdNA, NO CHILE:<\/strong><br \/>\n<strong>Em 1990, Vasco eliminou o Colo Colo na Libertadores na base da ra\u00e7a<\/strong><br \/>\n<strong> Quarta-feira, 23\/11\/2011 \u2013 12:33<br \/>\n<\/strong><strong>Mem\u00f3ria RJsports<\/strong><\/p>\n<p>Segue, na Colina, o sonho de ganhar o Mundial<br \/>\nE o sonho n\u00e3o acabou. O que para a torcida vasca\u00edna parecia ser um pesadelo, gra\u00e7as \u00e0 garra do seu time no segundo tempo e uma s\u00e9rie de falhas do Colo Colo, terminou mantendo a esperan\u00e7a de ver o Vasco jogar a final do Campeonato Mundial Interclubes, no Jap\u00e3o. O Vasco venceu por 5 a 4 nos p\u00eanaltis, ap\u00f3s empate no tempo normal em 3 a 3, com gols de Bismarck, Roberto e Wiliam, para o Vasco e Espinosa (dois) e Bartticciotto, para os chilenos, ontem no Est\u00e1dio Nacional, em Santiago do Chile.<\/p>\n<p>Com um futebol primitivo, no primeiro tempo, o Vasco foi totalmente dominado pelo Colo Colo. O time brasileiro atuava de forma lenta no seu meio-campo, com dois cabe\u00e7as-de-\u00e1rea (Z\u00e9 do Carmo e Andrade). Falhava na defesa, principalmente, na inseguran\u00e7a de C\u00e1ssio, e, quando atacava, s\u00f3 o fazia pelo meio. J\u00e1 o Colo Colo usava e abusava da velocidade de seus atacantes, principalmente de Bartticciotto, que, pela direita, chegava com facilidade \u00e0 linha de fundo, ajudada pelo excelente lateral-direito Espinosa. E foi ele quem abriu o marcador, aos 9 minutos, cobrando com perfei\u00e7\u00e3o uma falta na intermedi\u00e1ria. O Jornal dos Sports editou mat\u00e9ria no dia 15 de agosto de 1990.<\/p>\n<p>Colo Colo \u2013 Moron; Espinosa, Garrido, Vilches e Margas; Ormeno, Pizarro e S\u00e9rgio Dias; Barttiicciotto, Dabrowski e Martinez.<br \/>\nT\u00e9cnico: Arturo Salah<\/p>\n<p>Vasco \u2013 Ac\u00e1cio; Luis Carlos, C\u00e9lio, Qui\u00f1onez e C\u00e1ssio; Z\u00e9 do Carmo, Andrade, Bismarck e Wiliam; Sorato e Roberto.<br \/>\nT\u00e9cnico: Alcir Portela<\/p>\n<p><strong>S\u00daMULA DO JOGO: <\/strong><br \/>\nJOGO: Vasco 3 x 3 Colo Colo-CHI<br \/>\nDATA: Quarta-feira, 15 de Agosto de 1990<br \/>\nCOMPETI\u00c7\u00c3O: Copa Libertadores<br \/>\nFASE: Oitavas-de-Finais \u2013 Jogo-de-volta<br \/>\nLOCAL: Est\u00e1dio Nacional (CHI)<br \/>\nP\u00daBLICO: 70.000<br \/>\nRENDA: N\u00e3o Divulgado.<br \/>\n\u00c1RBITRO: Francisco Lamolina (ARG)<br \/>\nESCALA\u00c7\u00c3O: Ac\u00e1cio, Luis Carlos Winck (Ded\u00e9), C\u00e9lio Silva, Qui\u00f1onez, C\u00e1ssio, Z\u00e9 do Carmo, Andrade (\u00c2nderson), Bismarck, Sorato, Roberto Dinamite, William<br \/>\nFORMA\u00c7\u00c3O: Principal<br \/>\nGOLS VASCO: Bismarck (46\u2032 1\u00baT), Roberto Dinamite (13\u2032 2\u00baT), William (44\u2032 2\u00baT)<br \/>\nT\u00c9CNICO VASCO: Alcir Portella<br \/>\nESCALA\u00c7\u00c3O COLO COLO-CHI: Mor\u00f3n, Rub\u00e9n Espinoza, Vilches, Garrido, Margas, Orme\u00f1o (Miguel Ram\u00edrez), Jaime Pizarro, Sergio D\u00edaz, Barticiotto, Dabrowski, Rub\u00e9n Mart\u00ednez (Past\u00e9n).<br \/>\nGOLS COLO COLO-CHI: Espinoza (9 1\u00baT), Di\u00e1s (22 1\u00baT), Espinoza (15 2\u00baT)<br \/>\nT\u00c9CNICO COLO COLO-CHI: Arturo Salah.<br \/>\nFontes: <a href=\"http:\/\/www.sifup.cl\/web\/campeona\/libertadores\/html\/1990\/\">http:\/\/www.sifup.cl\/web\/campeona\/libertadores\/html\/1990\/<\/a> Acesso em 07\/03\/2004.<br \/>\nS\u00famula atualizada em 07\/03\/2004<\/p>\n<\/div>\n","protected":false},"excerpt":{"rendered":"<p>Todos n\u00f3s, Vasca\u00ednos, temos um jogo, que por alguma raz\u00e3o tornou-se inesquec\u00edvel em nossas mentes&#8230;.<\/p>\n","protected":false},"author":8,"featured_media":261,"comment_status":"open","ping_status":"closed","sticky":false,"template":"","format":"standard","meta":{"footnotes":""},"categories":[6],"tags":[],"class_list":["post-528","post","type-post","status-publish","format-standard","has-post-thumbnail","hentry","category-marcus-simonini"],"_links":{"self":[{"href":"https:\/\/webvasco.com\/artigos\/wp-json\/wp\/v2\/posts\/528","targetHints":{"allow":["GET"]}}],"collection":[{"href":"https:\/\/webvasco.com\/artigos\/wp-json\/wp\/v2\/posts"}],"about":[{"href":"https:\/\/webvasco.com\/artigos\/wp-json\/wp\/v2\/types\/post"}],"author":[{"embeddable":true,"href":"https:\/\/webvasco.com\/artigos\/wp-json\/wp\/v2\/users\/8"}],"replies":[{"embeddable":true,"href":"https:\/\/webvasco.com\/artigos\/wp-json\/wp\/v2\/comments?post=528"}],"version-history":[{"count":5,"href":"https:\/\/webvasco.com\/artigos\/wp-json\/wp\/v2\/posts\/528\/revisions"}],"predecessor-version":[{"id":532,"href":"https:\/\/webvasco.com\/artigos\/wp-json\/wp\/v2\/posts\/528\/revisions\/532"}],"wp:featuredmedia":[{"embeddable":true,"href":"https:\/\/webvasco.com\/artigos\/wp-json\/wp\/v2\/media\/261"}],"wp:attachment":[{"href":"https:\/\/webvasco.com\/artigos\/wp-json\/wp\/v2\/media?parent=528"}],"wp:term":[{"taxonomy":"category","embeddable":true,"href":"https:\/\/webvasco.com\/artigos\/wp-json\/wp\/v2\/categories?post=528"},{"taxonomy":"post_tag","embeddable":true,"href":"https:\/\/webvasco.com\/artigos\/wp-json\/wp\/v2\/tags?post=528"}],"curies":[{"name":"wp","href":"https:\/\/api.w.org\/{rel}","templated":true}]}}