{"id":537,"date":"2013-08-18T00:58:42","date_gmt":"2013-08-18T03:58:42","guid":{"rendered":"http:\/\/webvasco.com\/artigos\/?p=537"},"modified":"2013-08-18T01:00:04","modified_gmt":"2013-08-18T04:00:04","slug":"profissionalismo-3-x-2-educao","status":"publish","type":"post","link":"https:\/\/webvasco.com\/artigos\/colunistas\/luizcarlosrocha\/profissionalismo-3-x-2-educao\/","title":{"rendered":"PROFISSIONALISMO 3 X 2 EDUCA&Ccedil;&Atilde;O!"},"content":{"rendered":"<div>\n<div style=\"color:#000; background-color:#fff; font-family:bookman old style, new york, times, serif;font-size:12pt\">\n<div>&nbsp;<\/div>\n<p><span><\/p>\n<div><font face=\"Times New Roman\">  &nbsp;&nbsp;&nbsp;&nbsp;&nbsp;&nbsp;&nbsp;&nbsp;&nbsp;&nbsp;&nbsp;&nbsp; <\/font><span style='line-height: 115%; font-family: \"Arial\",\"sans-serif\"; font-size: 14pt;'>Nem sempre a abund\u00e2ncia \u00e9 ben\u00e9fica. Em alguns casos prejudica. O Vasco recebeu hoje o Gr\u00eamio, em S\u00e3o Janu\u00e1rio e perdeu por 3 a 2. Ramiro e Barcos (duas vezes) balan\u00e7aram a rede.<span style=\"mso-spacerun: yes;\">&nbsp; <\/span>O lateral esquerdo Alex Telles jogou contra o patrim\u00f4nio e ajudou os cariocas a descontarem.<span style=\"mso-spacerun: yes;\">&nbsp; <\/span>O gol de miseric\u00f3rdia foi marcado por Andr\u00e9, somente aos 41 minutos da etapa complementar.<o:p><\/o:p><\/span><\/div>\n<div><font face=\"Times New Roman\">  <\/font><\/div>\n<div class=\"MsoNormal\" style=\"margin: 0cm 0cm 10pt; text-align: justify;\"><span style='line-height: 115%; font-family: \"Arial\",\"sans-serif\"; font-size: 14pt;'><span style=\"mso-tab-count: 1;\">&nbsp;&nbsp;&nbsp;&nbsp;&nbsp;&nbsp;&nbsp;&nbsp; <\/span>Qualquer profiss\u00e3o exige um pre\u00e7o para desempenharmos. O m\u00e9dico que n\u00e3o gosta de ser acordado durante a madrugada n\u00e3o serve para curar e salvar vidas. O professor que n\u00e3o oferece acesso ao aluno, jamais sanar\u00e1 suas d\u00favidas. O gari que tem nojo do lixo n\u00e3o pode trabalhar. O policial que reclama do soldo n\u00e3o sabia do numer\u00e1rio antes do concurso? E o vendedor que faz cara feia para o caro\u00e7o (aquele sujeito que olha tudo na loja e n\u00e3o leva um produto sequer)? Pois \u00e9, Dorival J\u00fanior que abunda educa\u00e7\u00e3o <span style=\"mso-spacerun: yes;\">&nbsp;<\/span>est\u00e1 atrapalhando o desenvolvimento de seu trabalho!<o:p><\/o:p><\/span><\/div>\n<div><font face=\"Times New Roman\">  <\/font><\/div>\n<div class=\"MsoNormal\" style=\"margin: 0cm 0cm 10pt; text-align: justify;\"><span style='line-height: 115%; font-family: \"Arial\",\"sans-serif\"; font-size: 14pt;'><span style=\"mso-tab-count: 1;\">&nbsp;&nbsp;&nbsp;&nbsp;&nbsp;&nbsp;&nbsp;&nbsp; <\/span>Todo treinador de futebol \u2013 em qualquer clube do mundo \u2013 tem de saber, que independente do tamanho do plantel, ele ter\u00e1 11 amigos, 7 atletas que o admiram e v\u00e1rios que apenas o toleram.<span style=\"mso-spacerun: yes;\">&nbsp; <\/span>Sempre foi assim e nunca mudar\u00e1 no mundinho dos boleiros. O t\u00e9cnico Dorival J\u00fanior extremamente educado pegou um Vasco em p\u00e9ssimas condi\u00e7\u00f5es com pe\u00e7as razo\u00e1veis e rar\u00edssimas exce\u00e7\u00f5es.<o:p><\/o:p><\/span><\/div>\n<div><font face=\"Times New Roman\">  <\/font><\/div>\n<div class=\"MsoNormal\" style=\"margin: 0cm 0cm 10pt; text-align: justify;\"><span style='line-height: 115%; font-family: \"Arial\",\"sans-serif\"; font-size: 14pt;'><span style=\"mso-tab-count: 1;\">&nbsp;&nbsp;&nbsp;&nbsp;&nbsp;&nbsp;&nbsp;&nbsp; <\/span>A\u00ed vieram os refor\u00e7os. Por ser extremamente educado, o comandante deixou de sacar do time titular jogadores med\u00edocres e substituir por aqueles que realmente tem talento a fim de n\u00e3o ficar mal. O pre\u00e7o que ele est\u00e1 pagando s\u00e3o os resultados negativos. Empates e derrotas indesej\u00e1veis para o profissionalismo.<o:p><\/o:p><\/span><\/div>\n<div><font face=\"Times New Roman\">  <\/font><\/div>\n<div class=\"MsoNormal\" style=\"margin: 0cm 0cm 10pt; text-align: justify;\"><span style='line-height: 115%; font-family: \"Arial\",\"sans-serif\"; font-size: 14pt;'><span style=\"mso-tab-count: 1;\">&nbsp;&nbsp;&nbsp;&nbsp;&nbsp;&nbsp;&nbsp;&nbsp; <\/span>Fosse da teoria autorit\u00e1ria o desempenho da equipe estaria um pouco melhor, pois os melhores estariam em campo. Mas com certeza na teoria do expert, aquela que visa o crescimento do time durante a competi\u00e7\u00e3o, n\u00e3o tenho nenhuma d\u00favida que estar\u00edamos muito bem no Campeonato Brasileiro.<o:p><\/o:p><\/span><\/div>\n<div><font face=\"Times New Roman\">  <\/font><\/div>\n<div class=\"MsoNormal\" style=\"margin: 0cm 0cm 10pt; text-align: justify;\"><span style='line-height: 115%; font-family: \"Arial\",\"sans-serif\"; font-size: 14pt;'><span style=\"mso-tab-count: 1;\">&nbsp;&nbsp;&nbsp;&nbsp;&nbsp;&nbsp;&nbsp;&nbsp; <\/span>A receita do profissionalismo sobrepondo a educa\u00e7\u00e3o, ou at\u00e9 mesmo tendo o lado gentleman complementando a esfera do perito futebol\u00edstico \u00e9 escalar o que se tem de melhor no elenco para sair jogando, e conforme a necessidade de reposi\u00e7\u00e3o fazer as trocas pertinentes. N\u00e3o se pode colocar o razo\u00e1vel para jogar e deixar o bom no banco de reservas e ao longo dos 90 minutos colocar \u2013 muitas vezes de modo atrasado \u2013 o jogador ideal para determinada posi\u00e7\u00e3o.<o:p><\/o:p><\/span><\/div>\n<div><font face=\"Times New Roman\">  <\/font><\/div>\n<div class=\"MsoNormal\" style=\"margin: 0cm 0cm 10pt; text-align: justify;\"><span style='line-height: 115%; font-family: \"Arial\",\"sans-serif\"; font-size: 14pt;'><span style=\"mso-tab-count: 1;\">&nbsp;&nbsp;&nbsp;&nbsp;&nbsp;&nbsp;&nbsp;&nbsp; <\/span>O time titular do Vasco na temporada 2013 n\u00e3o h\u00e1 como ser outro: Diogo Silva (que \u00e9 p\u00e9ssimo, mas n\u00e3o tem melhor), F\u00e1gner, Cris (ainda n\u00e3o mostrou servi\u00e7o), Rafael Vaz (nunca ser\u00e1 Ded\u00e9, mas \u00e9 o que se tem pelo momento) e Henrique (pode ser um bom reserva); Abuda (para ajudar na defesa), Marlone (bom jogador, precisa ganhar confian\u00e7a), Juninho (craque consagrado) e Montoya (merece ser titular); Andr\u00e9 (precisa voltar ser aquele jogador dos tempos do Santos) e Carlos Ten\u00f3rio (ra\u00e7udo). Bernardo quando quer sabe jogar e poderia entrar neste time.<o:p><\/o:p><\/span><\/div>\n<div><font face=\"Times New Roman\">  <\/font><\/div>\n<div class=\"MsoNormal\" style=\"margin: 0cm 0cm 10pt; text-align: justify;\"><span style='line-height: 115%; font-family: \"Arial\",\"sans-serif\"; font-size: 14pt;'><span style=\"mso-tab-count: 1;\">&nbsp;&nbsp;&nbsp;&nbsp;&nbsp;&nbsp;&nbsp;&nbsp; <\/span>Esses 11 jogadores n\u00e3o formam um time dos sonhos. Mas \u00e9 bem razo\u00e1vel e inspira muito mais confian\u00e7a do que qualquer outra forma\u00e7\u00e3o que Dorival Junior possa fazer nesta temporada. J\u00e1 passamos de um ter\u00e7o da competi\u00e7\u00e3o, essa \u00e9 a 15\u00aa Rodada do Brasileir\u00e3o e o Vasco caiu para a 10\u00aa coloca\u00e7\u00e3o na tabela. A torcida que em casa compareceu em grande n\u00famero, quase 13 mil torcedores protestou contra o presidente Roberto Bombinha. Mais uma vez, e com toda a raz\u00e3o!<o:p><\/o:p><\/span><\/div>\n<div><font face=\"Times New Roman\">  <\/font><\/div>\n<div class=\"MsoNormal\" style=\"margin: 0cm 0cm 10pt; text-align: justify; tab-stops: 145.5pt;\"><span style='line-height: 115%; font-family: \"Arial\",\"sans-serif\"; font-size: 14pt;'><span style=\"mso-tab-count: 1;\">&nbsp;&nbsp;&nbsp;&nbsp;&nbsp;&nbsp;&nbsp;&nbsp;&nbsp;&nbsp;&nbsp;&nbsp;&nbsp;&nbsp;&nbsp;&nbsp;&nbsp;&nbsp;&nbsp;&nbsp;&nbsp;&nbsp;&nbsp;&nbsp;&nbsp;&nbsp;&nbsp;&nbsp;&nbsp;&nbsp;&nbsp;&nbsp;&nbsp;&nbsp;&nbsp;&nbsp;&nbsp;&nbsp; <\/span><o:p><\/o:p><\/span><\/div>\n<div><font face=\"Times New Roman\">  <\/font><\/div>\n<div class=\"MsoNormal\" style=\"margin: 0cm 0cm 10pt; text-align: justify;\"><span style='line-height: 115%; font-family: \"Arial\",\"sans-serif\"; font-size: 14pt;'><o:p>&nbsp;<\/o:p><\/span><\/div>\n<div><font face=\"Times New Roman\">  <\/font><\/div>\n<div class=\"MsoNormal\" style=\"margin: 0cm 0cm 10pt; text-align: justify;\"><b style=\"mso-bidi-font-weight: normal;\"><span style='line-height: 115%; font-family: \"Arial\",\"sans-serif\"; font-size: 14pt;'>AP\u00d3S AS TODAS AS PARTIDAS DO VASC\u00c3O EM MEU PERFIL DO FACEBOOK (QUEM QUISER RECEBER AS CR\u00d4NICAS DE PRIMEIRA M\u00c3O \u00c9 S\u00d3 ME ADICIONAR), E NOS SITES WEBVASCO (www.webvasco.com), E VASCA\u00cdNOS UNIDOS (www.vascainosunidos.com.br) TEM A OPINI\u00c3O DO JORNALISTA LUIZ CARLOS ROCHA. LEIAM! COMPARTILHEM E CURTAM! VASCA\u00cdNOS UNIDOS JAMAIS SER\u00c3O VENCIDOS.<o:p><\/o:p><\/span><\/b><\/div>\n<div><font face=\"Times New Roman\">  <\/font><\/div>\n<p><\/span><\/p>\n<div>&nbsp;<\/div>\n<div><span><\/span>&nbsp;<\/div>\n<div><span><\/span>&nbsp;<\/div>\n<div><span><\/span>&nbsp;<\/div>\n<div><span><\/span>&nbsp;<\/div>\n<div><\/div>\n<div>&nbsp;<\/div>\n<div id=\"RTEContent\">\n<div>\n<div>\n<div>\n<div align=\"center\"><b><font color=\"#ff0000\" face=\"bookman old style, new york, times, serif\" size=\"5\"><\/font><\/b>&nbsp;<\/div>\n<div align=\"center\"><font face=\"Verdana\" size=\"5\"><b><\/b><\/font>&nbsp;<\/div>\n<\/div>\n<\/div>\n<\/div>\n<\/div>\n<\/div>\n<\/div>\n<p><\/p>\n","protected":false},"excerpt":{"rendered":"<p>&nbsp; &nbsp;&nbsp;&nbsp;&nbsp;&nbsp;&nbsp;&nbsp;&nbsp;&nbsp;&nbsp;&nbsp;&nbsp; Nem sempre a abund\u00e2ncia \u00e9 ben\u00e9fica. Em alguns casos prejudica. O Vasco recebeu&#8230;<\/p>\n","protected":false},"author":7,"featured_media":58,"comment_status":"open","ping_status":"closed","sticky":false,"template":"","format":"standard","meta":{"footnotes":""},"categories":[4],"tags":[],"class_list":["post-537","post","type-post","status-publish","format-standard","has-post-thumbnail","hentry","category-luizcarlosrocha"],"_links":{"self":[{"href":"https:\/\/webvasco.com\/artigos\/wp-json\/wp\/v2\/posts\/537","targetHints":{"allow":["GET"]}}],"collection":[{"href":"https:\/\/webvasco.com\/artigos\/wp-json\/wp\/v2\/posts"}],"about":[{"href":"https:\/\/webvasco.com\/artigos\/wp-json\/wp\/v2\/types\/post"}],"author":[{"embeddable":true,"href":"https:\/\/webvasco.com\/artigos\/wp-json\/wp\/v2\/users\/7"}],"replies":[{"embeddable":true,"href":"https:\/\/webvasco.com\/artigos\/wp-json\/wp\/v2\/comments?post=537"}],"version-history":[{"count":0,"href":"https:\/\/webvasco.com\/artigos\/wp-json\/wp\/v2\/posts\/537\/revisions"}],"wp:featuredmedia":[{"embeddable":true,"href":"https:\/\/webvasco.com\/artigos\/wp-json\/wp\/v2\/media\/58"}],"wp:attachment":[{"href":"https:\/\/webvasco.com\/artigos\/wp-json\/wp\/v2\/media?parent=537"}],"wp:term":[{"taxonomy":"category","embeddable":true,"href":"https:\/\/webvasco.com\/artigos\/wp-json\/wp\/v2\/categories?post=537"},{"taxonomy":"post_tag","embeddable":true,"href":"https:\/\/webvasco.com\/artigos\/wp-json\/wp\/v2\/tags?post=537"}],"curies":[{"name":"wp","href":"https:\/\/api.w.org\/{rel}","templated":true}]}}