{"id":543,"date":"2013-08-21T09:01:26","date_gmt":"2013-08-21T12:01:26","guid":{"rendered":"http:\/\/webvasco.com\/artigos\/?p=543"},"modified":"2013-08-21T10:17:16","modified_gmt":"2013-08-21T13:17:16","slug":"a-esperana-no-gigante-da-resistncia-e-das-viradas-2","status":"publish","type":"post","link":"https:\/\/webvasco.com\/artigos\/colunistas\/a-esperana-no-gigante-da-resistncia-e-das-viradas-2\/","title":{"rendered":"A esperan\u00e7a no Gigante da resist\u00eancia e das viradas"},"content":{"rendered":"<div dir=\"ltr\">\n<div>Em 21 de agosto de 1898 n\u00e3o se havia ideia do Gigante do desporto brasileiro no qual estava nascendo e que significaria, mais tarde, o clube s\u00edmbolo de lutas contra as desigualdades e injusti\u00e7as raciais e sociais, \u00e1vido pelo rompimento de paradigmas do esporte e outras mais viradas em momentos no qual precisou se mostrar forte \u00a0e poderoso. Subservi\u00eancia e submiss\u00e3o NUNCA foram de seu dicion\u00e1rio, e sim, declara\u00e7\u00e3o de \u201cguerra\u201d aos que lhe viam dessa forma. Desde sua resposta em forma de carta hist\u00f3rica emitida contra a segrega\u00e7\u00e3o em tempos no qual as oligarquias dominavam ao futebol (e que, aos poucos, voltam a dominar no presente) at\u00e9 a constru\u00e7\u00e3o de um est\u00e1dio pr\u00f3prio como prova de uma paix\u00e3o movida por quem o amava incondicionalmente. V de valentia. V de vit\u00f3ria. \u00a0V de vontade. V DE VASCO!<\/div>\n<p>&nbsp;<\/p>\n<div><\/div>\n<div>N\u00e3o \u00e9 a toa que esse Gigante se perpetuou, est\u00e1 ainda de p\u00e9, mesmo ao meio de fortes \u201ctempestades\u201d e por outras tantas tormentas no qual j\u00e1 passou e as enfrentou com o que h\u00e1 de melhor em suas ra\u00edzes. Mesmo contra tudo e contra todos, n\u00e3o h\u00e1 quem se atreva a duvidar de um clube que se supera, que mesmo ao meio da apatia e da desuni\u00e3o de boa parte de sua pr\u00f3pria torcida no presente consegue, ainda, nos dar esperan\u00e7as por um futuro melhor e de ainda calar, mais uma vez, aos que o odeiam com todas suas for\u00e7as. Pois se n\u00e3o h\u00e1 mal que sempre dure e nem bem que nunca se acabe, ent\u00e3o com luta, consci\u00eancia e intelig\u00eancia o Vasco h\u00e1 de retornar ao protagonismo, lugar que jamais deveria ter sa\u00eddo no esporte brasileiro.<\/div>\n<p>&nbsp;<\/p>\n<div><\/div>\n<div>E n\u00e3o somente no futebol, esporte mais popular do mundo. Algu\u00e9m se atreve a esquecer das vastas conquistas no Remo, no Basquete, no Futsal e at\u00e9 mesmo nos Futebol de Areia e Americano? E o que dizer, ent\u00e3o, dos diversos artilheiros, \u00eddolos e craques cedidos \u00e0s sele\u00e7\u00f5es brasileiras, desde a base at\u00e9 a sele\u00e7\u00e3o principal? Como esquecer Edmundo, Bebeto, Rom\u00e1rio, Roberto Dinamite (jogador), Sorato, Bismark, Ernani, Juinho Pernambucano, Valdir Bigode e tantos outros mais n\u00e3o citados? Quem pode se atrever a duvidar que uma pot\u00eancia dessas em um passado nem t\u00e3o distante um dia n\u00e3o poder\u00e1 se reerguer, mesmo que para tanto se custem doses de sangue, suor e l\u00e1grimas, em um verdadeiro resgate demandado pelo cora\u00e7\u00e3o de quem o lhe quer bem de verdade?<\/div>\n<p>&nbsp;<\/p>\n<div><\/div>\n<div>Em presente texto no dia em que nosso amado clube \u00e9 parabenizado por mais um ano de vida em sua hist\u00f3ria mais do que centen\u00e1ria e vitoriosa, convido-lhes para uma reflex\u00e3o sobre fatos marcantes na trajet\u00f3ria de nosso clube, bem como nosso atual momento no esporte e a renova\u00e7\u00e3o das esperan\u00e7as por um clube muito mais poderoso e respeitado no futuro.<\/div>\n<p>&nbsp;<\/p>\n<div><\/div>\n<div><b>Jogo e ano inesquec\u00edveis<\/b><\/div>\n<div><\/div>\n<div>Em 20 de dezembro de 2000, a \u00faltima conquista internacional chegou com requinte de sofrimentos e de extrema felicidade. \u00a0A chamada &#8220;virada do s\u00e9culo&#8221; perante o Palmeiras naquele ano simbolizou as ra\u00edzes de um clube acostumado com as supera\u00e7\u00f5es nos momentos mais dif\u00edceis. E foi uma virada muito mais do que somente dentro de campo: fora dele, uma semana conturbada marcada at\u00e9 mesmo pela demiss\u00e3o do ex-t\u00e9cnico Oswaldo de Oliveira e a mudan\u00e7a radical de todo um ambiente que parecia tender para mais dois fracassos somando-se com os tr\u00eas outros vice-campeonatos conquistados ao longo daquele ano. Ano esse, ali\u00e1s, que mostrou o quanto aquele clube era acostumado com as decis\u00f5es, pois com exce\u00e7\u00e3o da Copa do Brasil foi \u00e0 fase final de todas que disputou, coroando aquele elenco fant\u00e1stico com as conquistas da Mercosul e do Brasileir\u00e3o. Ambos t\u00edtulos podem ser conferidos nos v\u00eddeos abaixo.<\/div>\n<p>&nbsp;<\/p>\n<div class=\"youtube\" style=\"width: 640; height: 480;\"><object width=\"640\" height=\"480\" classid=\"clsid:d27cdb6e-ae6d-11cf-96b8-444553540000\" codebase=\"http:\/\/download.macromedia.com\/pub\/shockwave\/cabs\/flash\/swflash.cab#version=6,0,40,0\"><param name=\"wmode\" value=\"transparent\" \/><param name=\"src\" value=\"http:\/\/www.youtube.com\/v\/Dw1SJouKKXg\" \/><embed width=\"640\" height=\"480\" type=\"application\/x-shockwave-flash\" src=\"http:\/\/www.youtube.com\/v\/Dw1SJouKKXg\" wmode=\"transparent\" \/><\/object><\/div>\n<p>&nbsp;<\/p>\n<p>&nbsp;<\/p>\n<div class=\"youtube\" style=\"width: 640; height: 480;\"><object width=\"640\" height=\"480\" classid=\"clsid:d27cdb6e-ae6d-11cf-96b8-444553540000\" codebase=\"http:\/\/download.macromedia.com\/pub\/shockwave\/cabs\/flash\/swflash.cab#version=6,0,40,0\"><param name=\"wmode\" value=\"transparent\" \/><param name=\"src\" value=\"http:\/\/www.youtube.com\/v\/XP4uz2UHRb8\" \/><embed width=\"640\" height=\"480\" type=\"application\/x-shockwave-flash\" src=\"http:\/\/www.youtube.com\/v\/XP4uz2UHRb8\" wmode=\"transparent\" \/><\/object><\/div>\n<div><\/div>\n<div><b>T\u00edtulo mais significativo<\/b><\/div>\n<div><\/div>\n<div>Daqui a cinco dias, completam-se quinze anos da conquista da Copa Libertadores da Am\u00e9rica, t\u00edtulo esse que, al\u00e9m de in\u00e9dito com esse nome para o clube, coroou uma gera\u00e7\u00e3o que unia &#8220;pratas-da-casa&#8221; amadurecidos como Carlos Germano e rec\u00e9m-despontados para o futebol como Felipe e Pedrinho com jogadores mais experientes, como Mauro Galv\u00e3o, Luisinho, Donizete e Luis\u00e3o. Contou, ainda, com a confirma\u00e7\u00e3o derradeira de Juninho como um talento e n\u00e3o mais como um &#8220;contrapeso&#8221; que adentrou ao clube sem a mesma expectativa de brilho com que o atacante Leonardo, de seu mesmo ex-clube, alimentou para todos tr\u00eas anos antes. Nas surpresas que a vida nos revela, coube ao pr\u00f3prio no presente apelidado de &#8220;Reizinho&#8221; a miss\u00e3o de anotar, com certeza, um dos gols mais significativos da hist\u00f3ria de nosso clube, cujo mesmo pode ser conferido no v\u00eddeo abaixo.<\/div>\n<p>&nbsp;<\/p>\n<div><\/div>\n<div>Al\u00e9m disso, outros jogadores no ostracismo e desacreditados emergiram perante aquele cen\u00e1rio de conquistas que se propagou at\u00e9 a virada do s\u00e9culo. Odvan e Nasa, por exemplo, jogadores sob olhares desconfiados e que se tornaram, para o time, importantes no papel de coadjuvantes de um time que unia o futebol t\u00e9cnico com suas bravuras. \u00c0quela verdadeira Selevasco vale, tamb\u00e9m, o justo reconhecimento a um t\u00e9cnico que soube controlar e ter o time em suas m\u00e3os; e \u00e0 uma diretoria que soube dar respaldo e garantir fora de campo que &#8220;for\u00e7as ocultas&#8221; n\u00e3o intervissem nas conquistas.<\/div>\n<p>&nbsp;<\/p>\n<div><\/div>\n<div><b>Time de todos os tempos<\/b><\/div>\n<div><\/div>\n<div>Para essa escala\u00e7\u00e3o visando n\u00e3o cometer injusti\u00e7as com jogadores brilhantes em outras \u00e9pocas e que n\u00e3o vi jogar tais como Ademir Menezes e Barbosa, por exemplo, irei considerar somente \u00e0queles que presenciei vestindo nossa camisa. Considerando 1988 para c\u00e1 onde j\u00e1 acompanhava com afinco aos jogos do Vasco, escalaria nesse time Ac\u00e1cio; Lu\u00eds Carlos Wink, Donato, Mauro Galv\u00e3o e Felipe; Leandro \u00c1vila, Geovani e Juninho Pernambucano; Edmundo, Roberto e Rom\u00e1rio. Fa\u00e7o men\u00e7\u00e3o honrosa, no entanto, a Carlos Germano, Alexandre Torres, Bebeto e Sorato. Por quest\u00e3o de justi\u00e7a e reconhecendo-o como o t\u00e9cnico mais vitorioso de nossa hist\u00f3ria, n\u00e3o poderia deixar de exaltar Ant\u00f4nio Lopes como t\u00e9cnico desse esquadr\u00e3o.<\/div>\n<p>&nbsp;<\/p>\n<div class=\"youtube\" style=\"width: 640; height: 480;\"><object width=\"640\" height=\"480\" classid=\"clsid:d27cdb6e-ae6d-11cf-96b8-444553540000\" codebase=\"http:\/\/download.macromedia.com\/pub\/shockwave\/cabs\/flash\/swflash.cab#version=6,0,40,0\"><param name=\"wmode\" value=\"transparent\" \/><param name=\"src\" value=\"http:\/\/www.youtube.com\/v\/7KNTrG98V14\" \/><embed width=\"640\" height=\"480\" type=\"application\/x-shockwave-flash\" src=\"http:\/\/www.youtube.com\/v\/7KNTrG98V14\" wmode=\"transparent\" \/><\/object><\/div>\n<div><\/div>\n<div><b>A dura realidade e os \u201cpresentes de anivers\u00e1rio\u201d<\/b><\/div>\n<div><\/div>\n<div>Hoje, no entanto, passamos longe de vivenciar uma era tal conforme v\u00edramos um dia. Nos acostumamos a cada dia, infelizmente, ao papel coadjuvante em grande parte dos campeonatos em que disputamos. Nos acostumamos ao papel de \u201ccoitado\u201d, ao contr\u00e1rio do papel de odiado por nossos t\u00edtulos e por nossa for\u00e7a dentro e fora de campo tal como outrora. Nos acostumamos a ter como trof\u00e9us uma participa\u00e7\u00e3o somente digna, as \u201cquase\u201d vagas para a Libertadores, ou pior ainda, a fuga do rebaixamento. Se antes comemor\u00e1vamos anivers\u00e1rios com t\u00edtulos e contrata\u00e7\u00e3o de \u00eddolos, e depois com o an\u00fancio de contratos aparentemente rent\u00e1veis ou patrim\u00f4nios adquiridos, hoje nossa realidade \u00e9 a esperan\u00e7a de como \u201cpresente\u201d ter um acordo com a Fazenda Nacional e a obten\u00e7\u00e3o das \u201cbenditas\u201d certid\u00f5es positivas de d\u00e9bito com efeito de negativas. Isso depois de muitas promessas, muitos prazos restabelecidos e muita expectativa no Vasco da desinforma\u00e7\u00e3o e desordem administrativa.<\/div>\n<p>&nbsp;<\/p>\n<div><\/div>\n<div>Portanto, nesse cent\u00e9simo d\u00e9cimo quinto anivers\u00e1rio de vida, o maior dos presentes que o Vasco poderia me dar, particularmente, dentro de suas possibilidades moment\u00e2neas seria somente maior respeito e seriedade a n\u00f3s, torcedores, que nos acostumamos a comemorar com pouco, mas ambos presentes agregados a um pouco mais de compet\u00eancia e for\u00e7a de trabalho poderiam significar muito: inclusive, a renova\u00e7\u00e3o das esperan\u00e7as por mais uma virada hist\u00f3rica em um futuro bem pr\u00f3ximo.<\/div>\n<p>&nbsp;<\/p>\n<div><\/div>\n<div><b>Sobre futebol<\/b><\/div>\n<div><\/div>\n<div>E segue Dorival J\u00fanior com seus equ\u00edvocos cometidos na escala\u00e7\u00e3o do time de futebol nas \u00faltimas partidas. Em que pese seu longo per\u00edodo de inatividade, ainda assim n\u00e3o tem como manter Montoya na reserva (mesmo contra o fraco Nacional de Manaus pela Copa do Brasil) para o limitad\u00edssimo Pedro Ken. Muito mais pela esperan\u00e7a de que o colombiano possa render algo, haja vista a expectativa que gerou-se em torno de seu suposto talento ap\u00f3s sua contrata\u00e7\u00e3o. Na derrota perante o Gr\u00eamio no \u00faltimo s\u00e1bado, a escala\u00e7\u00e3o de Cris no lugar de Jomar em que pese sua inesperada doen\u00e7a (?) de \u00faltima hora e preterindo ao j\u00e1 entrosado Renato Silva n\u00e3o poderia passar impune, e o limitad\u00edssimo zagueiro rec\u00e9m-contratado, logo em seu primeiro lance, mostrou ao que veio. Sua contrata\u00e7\u00e3o, ali\u00e1s, para mim \u00e9 t\u00e3o absurda quanto a de Michel Alves no in\u00edcio desse ano.<\/div>\n<p>&nbsp;<\/p>\n<div><\/div>\n<div>Dorival peca muito por sua teimosia. J\u00e1 n\u00e3o bastasse ter deixado de fora Fagner preterindo-o a Nei e a ter sido covarde ao n\u00e3o aproveitar seu maior volume de jogo diante do Santos na \u00faltima quarta-feira, adota crit\u00e9rios diferenciados para a escala\u00e7\u00e3o de seu time, tomando como base os diferentes racioc\u00ednios para lan\u00e7ar os mesmo Fagner e Montoya em compara\u00e7\u00e3o \u00e0 rapidez com que lan\u00e7ou Cris ao time. Al\u00e9m disso, suas escala\u00e7\u00f5es t\u00eam sido defensivistas, mesmo considerando o pouco material humano que possui, por\u00e9m, que poderia estar bem melhor escalado, tendo como exemplo o meio-campo pouco criativo lan\u00e7ado nessa \u00faltima ter\u00e7a-feira na estreia da Copa do Brasil, com tr\u00eas cabe\u00e7as-de-\u00e1rea e Pedro Ken como \u00fanico \u201ccriador de jogadas\u201d.<\/div>\n<p>&nbsp;<\/p>\n<div><\/div>\n<div>Aliando sua teimosia com o plantel de qualidade limitada, n\u00e3o d\u00e1 para se ter maiores esperan\u00e7as por uma vaga na Libertadores 2014 via Campeonato Brasileiro, tampouco t\u00edtulo no mesmo certame. Dorival deve rever, com urg\u00eancia, seus conceitos se a sua inten\u00e7\u00e3o \u00e9 conduzir nossa nau para postos bem mais altos do que as coloca\u00e7\u00f5es intermedi\u00e1rias na tabela.<\/div>\n<p>&nbsp;<\/p>\n<div><\/div>\n<div><b>\u201cToques finais\u201d<\/b><\/div>\n<div><\/div>\n<div>1\u00ba) No pr\u00f3ximo s\u00e1bado \u00e0s 21 horas, vai ao ar nossa quinta edi\u00e7\u00e3o do programa Papo Vasca\u00edno. Fa\u00e7a como nossos convidados ouvintes do programa S\u00f3 d\u00e1 Vasco e leitores do SuperVasco Andrew Nadolny, Hely Jr. e Felipe Ferreira, que enviaram um e-mail para <b><a href=\"mailto:programasodavasco@gmail.com\">programasodavasco@gmail.com<\/a><\/b> ou <b><a href=\"mailto:superpapovascaino@gmail.com\">superpapovascaino@gmail.com<\/a><\/b> e venham participar junto conosco nos pr\u00f3ximos programas! Nosso canal de v\u00eddeos \u00e9 <a href=\"http:\/\/www.youtube.com\/user\/ProgramaSoDaVasco\">www.youtube.com\/user\/ProgramaSoDaVasco<\/a> .<\/div>\n<p>&nbsp;<\/p>\n<div><\/div>\n<div>2\u00ba) Registro nesse espa\u00e7o minha solidariedade com o companheiro H\u00e9lder Floret por seu problema pessoal enfrentado na \u00faltima semana, desejando-lhe muita for\u00e7a e muita paz para saber contornar um momento muito dif\u00edcil como esse.<\/div>\n<p>&nbsp;<\/p>\n<div><\/div>\n<\/div>\n","protected":false},"excerpt":{"rendered":"<p>Em 21 de agosto de 1898 n\u00e3o se havia ideia do Gigante do desporto brasileiro&#8230;<\/p>\n","protected":false},"author":12,"featured_media":341,"comment_status":"open","ping_status":"closed","sticky":false,"template":"","format":"standard","meta":{"footnotes":""},"categories":[3],"tags":[],"class_list":["post-543","post","type-post","status-publish","format-standard","has-post-thumbnail","hentry","category-colunistas"],"_links":{"self":[{"href":"https:\/\/webvasco.com\/artigos\/wp-json\/wp\/v2\/posts\/543","targetHints":{"allow":["GET"]}}],"collection":[{"href":"https:\/\/webvasco.com\/artigos\/wp-json\/wp\/v2\/posts"}],"about":[{"href":"https:\/\/webvasco.com\/artigos\/wp-json\/wp\/v2\/types\/post"}],"author":[{"embeddable":true,"href":"https:\/\/webvasco.com\/artigos\/wp-json\/wp\/v2\/users\/12"}],"replies":[{"embeddable":true,"href":"https:\/\/webvasco.com\/artigos\/wp-json\/wp\/v2\/comments?post=543"}],"version-history":[{"count":7,"href":"https:\/\/webvasco.com\/artigos\/wp-json\/wp\/v2\/posts\/543\/revisions"}],"predecessor-version":[{"id":548,"href":"https:\/\/webvasco.com\/artigos\/wp-json\/wp\/v2\/posts\/543\/revisions\/548"}],"wp:featuredmedia":[{"embeddable":true,"href":"https:\/\/webvasco.com\/artigos\/wp-json\/wp\/v2\/media\/341"}],"wp:attachment":[{"href":"https:\/\/webvasco.com\/artigos\/wp-json\/wp\/v2\/media?parent=543"}],"wp:term":[{"taxonomy":"category","embeddable":true,"href":"https:\/\/webvasco.com\/artigos\/wp-json\/wp\/v2\/categories?post=543"},{"taxonomy":"post_tag","embeddable":true,"href":"https:\/\/webvasco.com\/artigos\/wp-json\/wp\/v2\/tags?post=543"}],"curies":[{"name":"wp","href":"https:\/\/api.w.org\/{rel}","templated":true}]}}